{"id":7780,"date":"2014-08-01T13:47:42","date_gmt":"2014-08-01T11:47:42","guid":{"rendered":"https:\/\/ambbelgrado.esteri.it\/news\/dall_ambasciata\/2014\/08\/intervista-tanjug-agosto-2014-2\/"},"modified":"2014-08-01T13:47:42","modified_gmt":"2014-08-01T11:47:42","slug":"intervista-tanjug-agosto-2014-2","status":"publish","type":"post","link":"https:\/\/ambbelgrado.esteri.it\/sr\/news\/dall_ambasciata\/2014\/08\/intervista-tanjug-agosto-2014-2\/","title":{"rendered":"Ambasador Manco: Najva\u017enija je svest da reforme nemaju alternativu"},"content":{"rendered":"<p><P><STRONG>Intervju ambasadora \u0110uzepea Manca za Tanjug<\/STRONG>:<\/P><br \/>\n<P>BEOGRAD &#8211; Ambasador Italije u Srbiji \u0110uzepe Manco ocenio je da je jedna od najva\u017enijih stvari koje je Vlada Srbije pokazala otkako je stupila na du\u017enost &#8211; svest da nastavak neophodnih reformi bez odlaganja nema alternativu.<\/P><br \/>\n<P>&#8222;Va\u017eno je usvojiti zakone pre isteka prvih sto dana&#8220;, rekao je Manco Tanjugu i dodao da \u010destita Vladi prvih 100 dana rada, uz uverenje da \u0107e i u narednim danima biti isto tako produktivna.<\/P><br \/>\n<P>Manco je primetio da je realizacija programa reformi koje je premijer Aleksandar Vu\u010di\u0107 najavio pre tri meseca u parlamentu predstavljala ambiciozan cilj i bez tragi\u010dnih posledica poplava u maju, ali da je vlada bez obzira na to pokazala visok stepen posve\u0107enosti.<BR>&#8222;Ta sna\u017ena opredeljenost bi\u0107e potrebna kada se vlada i zemlja uskoro budu suo\u010dili sa novom fazom implementacije reformi. Tada \u0107e Vladi biti potrebna podr\u0161ka Evrope i to na sve na\u010dine i svim sredstvima koji su na raspolaganju zemlji kandidatu za <BR>\u010dlanstvo&#8220;, rekao je italijanski ambasador.<\/P><br \/>\n<P>Manco ukazuje i da je sada\u0161njost Srbije evropska i to ilustruje podacima da Srbija sa EU ostvaruje 60 odsto uvoza i izvoza, kao i da je Evropa daleko najve\u0107i investitor i donator.<BR>&#8222;Mnogi Srbi do\u017eivljavaju Evropu kao stvarnu i ve\u0107 postoje\u0107u realnost: pitajte 1.450 srpskih studenata koji su do sada iskusili dobrobit programa Erazmus Mundus (program EK s ciljem unapre\u0111enja visokog \u0161kolstva i razumevanja ljudu putem akadaske saradnje)&#8220;, rekao je Manco.<\/P><br \/>\n<P>Kako je dodao, Srbija i EU dele iste prioritete: ekonomski rast i zaposljavanje.<BR>&#8222;I dobro je \u0161to va\u0161a Vlada u ovih prvih sto dana pokazuje toliku anga\u017eovanost. Mislim pri tome na reforme tr\u017eista rada, \u0161to \u0107e potpomo\u0107i da se pokrene ekonomski rast, unapre\u0111enje poslovne klime i napore da se srpska ekonomija u\u010dini transparentnijom, konkurentnijom i atraktivnijom za nove investicije&#8220;, isti\u010de Manco.<\/P><br \/>\n<P>Srbija, tako\u0111e, na tom putu mo\u017ee da ra\u010duna na sna\u017enu podr\u0161ku Italije kao predsedavaju\u0107e EU, isti\u010de Manco.<BR>&#8222;\u017delimo da pomognemo Srbiji da u narednih nekoliko meseci ostvari opipljive rezultate u procesu pridru\u017eivanja EU, tako \u0161to \u0107e otvoriti prva pregovara\u010dka Poglavlja&#8220;, nagla\u0161ava italijanski ambasador, dodaju\u0107i da je to potvrdila i nedavna poseta ministarke spoljnih poslova Federike Mogerini.<\/P><br \/>\n<P>Upitan \u0161ta \u0107e za Srbiju biti najve\u0107i izazovi u narednim mesecima, Manco isti\u010de zna\u010daj tri prioriteta:<BR>&#8222;Ekonomija, ekonomija i ekonomija.&#8220;<\/P><br \/>\n<P>Tako\u0111e, on smatra da \u0107e jedan od najve\u0107ih izazova biti implementacija ambicioznih reformi jer nema mnogo vremena za oporavak i pokretanje privrede.<BR>&#8222;Li\u010dno mislim da je privatizacija klju\u010d: to \u0107e imati uticaj na bud\u017eet, bi\u0107e na\u010din da se privuku strane investicije, ali, \u0161to je najva\u017enije, pretvaranjem neproduktive industrije u vlasni\u0161tvu dr\u017eave u moderne kompanije kojima se rukovodi na odgovaraju\u0107i na\u010din \u0107e pomo\u0107i u ostvarivanju najva\u017enijeg cilja premijera Vu\u010di\u0107a &#8211; promene na\u010dina razmi\u0161ljanja u Srbiji&#8220;, zaklju\u010dio je Manco.<BR><\/P><\/p>\n","protected":false},"excerpt":{"rendered":"Intervju ambasadora \u0110uzepea Manca za Tanjug: BEOGRAD &#8211; Ambasador Italije u Srbiji \u0110uzepe Manco ocenio je da je jedna od najva\u017enijih stvari koje je Vlada Srbije pokazala otkako je stupila na du\u017enost &#8211; svest da nastavak neophodnih reformi bez odlaganja nema alternativu. &#8222;Va\u017eno je usvojiti zakone pre isteka prvih sto dana&#8220;, rekao je Manco Tanjugu [&hellip;]","protected":false},"author":1,"featured_media":0,"comment_status":"","ping_status":"","sticky":false,"template":"","format":"standard","meta":{"footnotes":""},"tags":[],"class_list":["post-7780","post","type-post","status-publish","format-standard","hentry"],"_links":{"self":[{"href":"https:\/\/ambbelgrado.esteri.it\/sr\/wp-json\/wp\/v2\/posts\/7780","targetHints":{"allow":["GET"]}}],"collection":[{"href":"https:\/\/ambbelgrado.esteri.it\/sr\/wp-json\/wp\/v2\/posts"}],"about":[{"href":"https:\/\/ambbelgrado.esteri.it\/sr\/wp-json\/wp\/v2\/types\/post"}],"author":[{"embeddable":true,"href":"https:\/\/ambbelgrado.esteri.it\/sr\/wp-json\/wp\/v2\/users\/1"}],"replies":[{"embeddable":true,"href":"https:\/\/ambbelgrado.esteri.it\/sr\/wp-json\/wp\/v2\/comments?post=7780"}],"version-history":[{"count":0,"href":"https:\/\/ambbelgrado.esteri.it\/sr\/wp-json\/wp\/v2\/posts\/7780\/revisions"}],"wp:attachment":[{"href":"https:\/\/ambbelgrado.esteri.it\/sr\/wp-json\/wp\/v2\/media?parent=7780"}],"wp:term":[{"taxonomy":"post_tag","embeddable":true,"href":"https:\/\/ambbelgrado.esteri.it\/sr\/wp-json\/wp\/v2\/tags?post=7780"}],"curies":[{"name":"wp","href":"https:\/\/api.w.org\/{rel}","templated":true}]}}