{"id":7771,"date":"2014-08-08T11:07:05","date_gmt":"2014-08-08T09:07:05","guid":{"rendered":"https:\/\/ambbelgrado.esteri.it\/news\/dall_ambasciata\/2014\/08\/bando-lettere-di-interesse-3\/"},"modified":"2014-08-08T11:07:05","modified_gmt":"2014-08-08T09:07:05","slug":"bando-lettere-di-interesse-3","status":"publish","type":"post","link":"https:\/\/ambbelgrado.esteri.it\/sr\/news\/dall_ambasciata\/2014\/08\/bando-lettere-di-interesse-3\/","title":{"rendered":"Agencija za privatizaciju Republike Srbije upu\u0107uje poziv investitorima zainteresovanim za 502 preduze\u0107a u procesu privatizacije"},"content":{"rendered":"<p><P><BR>Nakon nedavnog usvajanja Zakona o privatizaciji koji je Skup\u0161tina Republike Srbije odobrila 2 avgusta ove godine, Agencija za privatizaciju Republike Srbije najavila je da \u0107e 15. avgusta 2014. godine uputiti poziv investitorima koji su zainteresovani za 502 preduze\u0107a u procesu privatizacije da upute pisma u kojima izra\u017eavaju svoju zainteresovanost za odre\u0111ena preduze\u0107a i da predlo\u017ee na\u010din investiranja.<BR><BR>Ovaj poziv \u0107e va\u017eiti do 15. septembra 2014. godine (za dodatne informacije kontaktirati Agenciju za privatizaciju Republike Srbije, <A href=\"http:\/\/www.priv.rs\">www.priv.rs<\/A>.<\/P><P><BR>\u00a0<\/P><\/p>\n","protected":false},"excerpt":{"rendered":"Nakon nedavnog usvajanja Zakona o privatizaciji koji je Skup\u0161tina Republike Srbije odobrila 2 avgusta ove godine, Agencija za privatizaciju Republike Srbije najavila je da \u0107e 15. avgusta 2014. godine uputiti poziv investitorima koji su zainteresovani za 502 preduze\u0107a u procesu privatizacije da upute pisma u kojima izra\u017eavaju svoju zainteresovanost za odre\u0111ena preduze\u0107a i da predlo\u017ee [&hellip;]","protected":false},"author":1,"featured_media":0,"comment_status":"","ping_status":"","sticky":false,"template":"","format":"standard","meta":{"footnotes":""},"tags":[],"class_list":["post-7771","post","type-post","status-publish","format-standard","hentry"],"_links":{"self":[{"href":"https:\/\/ambbelgrado.esteri.it\/sr\/wp-json\/wp\/v2\/posts\/7771","targetHints":{"allow":["GET"]}}],"collection":[{"href":"https:\/\/ambbelgrado.esteri.it\/sr\/wp-json\/wp\/v2\/posts"}],"about":[{"href":"https:\/\/ambbelgrado.esteri.it\/sr\/wp-json\/wp\/v2\/types\/post"}],"author":[{"embeddable":true,"href":"https:\/\/ambbelgrado.esteri.it\/sr\/wp-json\/wp\/v2\/users\/1"}],"replies":[{"embeddable":true,"href":"https:\/\/ambbelgrado.esteri.it\/sr\/wp-json\/wp\/v2\/comments?post=7771"}],"version-history":[{"count":0,"href":"https:\/\/ambbelgrado.esteri.it\/sr\/wp-json\/wp\/v2\/posts\/7771\/revisions"}],"wp:attachment":[{"href":"https:\/\/ambbelgrado.esteri.it\/sr\/wp-json\/wp\/v2\/media?parent=7771"}],"wp:term":[{"taxonomy":"post_tag","embeddable":true,"href":"https:\/\/ambbelgrado.esteri.it\/sr\/wp-json\/wp\/v2\/tags?post=7771"}],"curies":[{"name":"wp","href":"https:\/\/api.w.org\/{rel}","templated":true}]}}