{"id":7742,"date":"2014-09-02T13:47:17","date_gmt":"2014-09-02T11:47:17","guid":{"rendered":"https:\/\/ambbelgrado.esteri.it\/news\/dall_ambasciata\/2014\/09\/expo-2015-esenta-serbia-2\/"},"modified":"2014-09-02T13:47:17","modified_gmt":"2014-09-02T11:47:17","slug":"expo-2015-esenta-serbia-2","status":"publish","type":"post","link":"https:\/\/ambbelgrado.esteri.it\/sr\/news\/dall_ambasciata\/2014\/09\/expo-2015-esenta-serbia-2\/","title":{"rendered":"Srbija-Italija: firma Expo Milano 2015 oslobodila Srbiju od pla\u0107anja zakupa paviljona za medjunarodnu sajamsku manifestaciju"},"content":{"rendered":"<p><P>\u00a0Beograd, 02. septembar 2014. &#8211; (Agencija Nova) \u2013 Firma Expo Milano 2015 je oslobodila Srbiju od pla\u0107anja paviljona za medjunarodnu sajamsku manifestaciju. Ministarstvo trgovine, turizma i telekomunikacija Republike Srbije je izdalo saop\u0161tenje u kome se navodi da je ambasador Italije u Beogradu, \u0110uzepe Manco, uru\u010dio pismo ministru Rasimu Ljaji\u0107u u kome se ministarstvo obave\u0161tava o gore navedenom. Ambasador je, kako se navodi u saop\u0161tenju, istakao da takva odluka predstavlja dodatni doprinos Italije privrednom oporavku i obnovi zemlje, nakon poplava koje su Srbiju pogodile pro\u0161log maja.<\/P><P>Srbija u\u010destvuje na manifestaciji Expo Milano 2015 pod sloganom \u201cOkusi hranu, oseti \u017eivot\u201d.<BR>Unutar svog izlo\u017ebenog prostora Srbija \u0107e obraditi tri teme predstavljaju\u0107i nacionalnu kuhinju (\u017eito i voda \u2013 hrana od neolitskog do modernog \u010doveka), tradicionalne recepte sa organskim proizvodima (organska hrana kao energija za budu\u0107nost) i hrana\u00a0 u okviru turisti\u010dke ponude (fusion cuisine iz Srbije).<\/P><br \/>\n<P>\u00a0<\/P><\/p>\n","protected":false},"excerpt":{"rendered":"\u00a0Beograd, 02. septembar 2014. &#8211; (Agencija Nova) \u2013 Firma Expo Milano 2015 je oslobodila Srbiju od pla\u0107anja paviljona za medjunarodnu sajamsku manifestaciju. Ministarstvo trgovine, turizma i telekomunikacija Republike Srbije je izdalo saop\u0161tenje u kome se navodi da je ambasador Italije u Beogradu, \u0110uzepe Manco, uru\u010dio pismo ministru Rasimu Ljaji\u0107u u kome se ministarstvo obave\u0161tava o [&hellip;]","protected":false},"author":1,"featured_media":0,"comment_status":"","ping_status":"","sticky":false,"template":"","format":"standard","meta":{"footnotes":""},"tags":[],"class_list":["post-7742","post","type-post","status-publish","format-standard","hentry"],"_links":{"self":[{"href":"https:\/\/ambbelgrado.esteri.it\/sr\/wp-json\/wp\/v2\/posts\/7742","targetHints":{"allow":["GET"]}}],"collection":[{"href":"https:\/\/ambbelgrado.esteri.it\/sr\/wp-json\/wp\/v2\/posts"}],"about":[{"href":"https:\/\/ambbelgrado.esteri.it\/sr\/wp-json\/wp\/v2\/types\/post"}],"author":[{"embeddable":true,"href":"https:\/\/ambbelgrado.esteri.it\/sr\/wp-json\/wp\/v2\/users\/1"}],"replies":[{"embeddable":true,"href":"https:\/\/ambbelgrado.esteri.it\/sr\/wp-json\/wp\/v2\/comments?post=7742"}],"version-history":[{"count":0,"href":"https:\/\/ambbelgrado.esteri.it\/sr\/wp-json\/wp\/v2\/posts\/7742\/revisions"}],"wp:attachment":[{"href":"https:\/\/ambbelgrado.esteri.it\/sr\/wp-json\/wp\/v2\/media?parent=7742"}],"wp:term":[{"taxonomy":"post_tag","embeddable":true,"href":"https:\/\/ambbelgrado.esteri.it\/sr\/wp-json\/wp\/v2\/tags?post=7742"}],"curies":[{"name":"wp","href":"https:\/\/api.w.org\/{rel}","templated":true}]}}