{"id":7736,"date":"2014-09-08T08:56:14","date_gmt":"2014-09-08T06:56:14","guid":{"rendered":"https:\/\/ambbelgrado.esteri.it\/news\/dall_ambasciata\/2014\/09\/colloqui-dacic-manzo-su-prossima-riunione-comitato-allargamento-consiglio-ue-a-belgrado-2\/"},"modified":"2014-09-08T08:56:14","modified_gmt":"2014-09-08T06:56:14","slug":"colloqui-dacic-manzo-su-prossima-riunione-comitato-allargamento-consiglio-ue-a-belgrado-2","status":"publish","type":"post","link":"https:\/\/ambbelgrado.esteri.it\/sr\/news\/dall_ambasciata\/2014\/09\/colloqui-dacic-manzo-su-prossima-riunione-comitato-allargamento-consiglio-ue-a-belgrado-2\/","title":{"rendered":"Da\u010di\u0107 i Manco o procesu evropskih integracija Srbije"},"content":{"rendered":"<p><P><IMG border=\"0\" alt=\"foto Tanjug - Da\u010di\u0107 i Manco o procesu evropskih integracija Srbije\" src=\"\/resource\/2014\/09\/ColloquiDacicManzosuprossimariunionecomitatoallarg.jpg\"><\/P><P>(TANJUG)\u00a0&#8211; Beograd, 5. septembar &#8211; Prvi potpredsednik Vlade i ministar spoljnih poslova Ivica Da\u010di\u0107 razgovarao je danas sa ambasadorom Republike Italije u Beogradu \u0110uzepeom Mancom o procesu evropskih integracija Srbije, kao i o predstoje\u0107oj poseti Komiteta za pro\u0161irenje Saveta Evropske unije (COELA) Beogradu, od 10. do 12. septembra 2014. godine. <\/P><br \/>\n<P>Kako je navedeno u saop\u0161tenju ministarstva spoljnih poslova, Komitet \u010dine predstavnici svih 28 zemalja \u010dlanica Evropske unije koji na redovnim sastancima u Briselu razmatraju pitanja pro\u0161irenja EU.<\/P><br \/>\n<P>Tokom razgovora izra\u017eeno je o\u010dekivanje da \u0107e poseta \u010dlanova Komiteta, koji \u0107e prvi put posetiti Beograd, na predlog Italije kao zemlje koja predsedava EU, doprineti boljem sagledavanju reformskog procesa koji Republika Srbija sprovodi.<\/P><br \/>\n<P>Programom posete koji je sveobuhvatan i sadr\u017eajan, predvi\u0111eno je i da srpski predstavnici detaljno predstave \u010dlanovima Komiteta aktivnosti Srbije u okviru evropske agende.<\/P><br \/>\n<P>Ambasador Manco posebno se zahvalio Ministarstvu spoljnih poslova na dosada\u0161njoj saradnji u pripremi ove va\u017ene posete, dok je ministar Da\u010di\u0107 iskoristio priliku da uputi \u010destitke povodom imenovanja \u0161efice italijanske diplomatije Federike Mogerini na funkciju Visoke predstavnice Evropske unije za spoljnu i bezbednosnu politiku i da joj po\u017eeli puno uspeha u radu, navedeno je u saop\u0161tenju.<\/P><br \/>\n<P>\u00a0<\/P><\/p>\n","protected":false},"excerpt":{"rendered":"(TANJUG)\u00a0&#8211; Beograd, 5. septembar &#8211; Prvi potpredsednik Vlade i ministar spoljnih poslova Ivica Da\u010di\u0107 razgovarao je danas sa ambasadorom Republike Italije u Beogradu \u0110uzepeom Mancom o procesu evropskih integracija Srbije, kao i o predstoje\u0107oj poseti Komiteta za pro\u0161irenje Saveta Evropske unije (COELA) Beogradu, od 10. do 12. septembra 2014. godine. Kako je navedeno u saop\u0161tenju [&hellip;]","protected":false},"author":1,"featured_media":0,"comment_status":"","ping_status":"","sticky":false,"template":"","format":"standard","meta":{"footnotes":""},"tags":[],"class_list":["post-7736","post","type-post","status-publish","format-standard","hentry"],"_links":{"self":[{"href":"https:\/\/ambbelgrado.esteri.it\/sr\/wp-json\/wp\/v2\/posts\/7736","targetHints":{"allow":["GET"]}}],"collection":[{"href":"https:\/\/ambbelgrado.esteri.it\/sr\/wp-json\/wp\/v2\/posts"}],"about":[{"href":"https:\/\/ambbelgrado.esteri.it\/sr\/wp-json\/wp\/v2\/types\/post"}],"author":[{"embeddable":true,"href":"https:\/\/ambbelgrado.esteri.it\/sr\/wp-json\/wp\/v2\/users\/1"}],"replies":[{"embeddable":true,"href":"https:\/\/ambbelgrado.esteri.it\/sr\/wp-json\/wp\/v2\/comments?post=7736"}],"version-history":[{"count":0,"href":"https:\/\/ambbelgrado.esteri.it\/sr\/wp-json\/wp\/v2\/posts\/7736\/revisions"}],"wp:attachment":[{"href":"https:\/\/ambbelgrado.esteri.it\/sr\/wp-json\/wp\/v2\/media?parent=7736"}],"wp:term":[{"taxonomy":"post_tag","embeddable":true,"href":"https:\/\/ambbelgrado.esteri.it\/sr\/wp-json\/wp\/v2\/tags?post=7736"}],"curies":[{"name":"wp","href":"https:\/\/api.w.org\/{rel}","templated":true}]}}