{"id":7726,"date":"2014-09-09T13:28:01","date_gmt":"2014-09-09T11:28:01","guid":{"rendered":"https:\/\/ambbelgrado.esteri.it\/news\/dall_ambasciata\/2014\/09\/tanjug-manzo-coela-a-belgrado-2\/"},"modified":"2014-09-09T13:28:01","modified_gmt":"2014-09-09T11:28:01","slug":"tanjug-manzo-coela-a-belgrado-2","status":"publish","type":"post","link":"https:\/\/ambbelgrado.esteri.it\/sr\/news\/dall_ambasciata\/2014\/09\/tanjug-manzo-coela-a-belgrado-2\/","title":{"rendered":"Intervju ambasadora \u0110uzepea Manca za Tanjug: Koela sutra prvi put u Beogradu"},"content":{"rendered":"<p><P>(Tanjug) BEOGRAD, 9. septembar 2014.\u00a0&#8211; Radna grupa za pro\u0161irenje u Savetu EU (Koela) po\u010de\u0107e sutra trodnevnu posetu Beogradu, tokom koje \u0107e delegati zemalja \u010dlanica Unije razgovarati s predstavnicima srpskih institucija, uklju\u010duju\u0107i Vladu i Skup\u0161tinu, izjavio je danas Tanjugu ambasador Italije u Beogradu \u0110uzepe Manco.<\/P><P><EM>&#8222;Prvi put u istoriji, na inicijativu Italije kao predsedavaju\u0107eg Savetu EU, grupa \u0107e se okupiti u Beogradu&#8220;, rekao je Manco<\/EM>.<\/P><br \/>\n<P>Evropske diplomate sasta\u0107e se, prema njegovim re\u010dima, sa \u0161eficom srpskog pregovara\u010dkog tima Tanjom Mi\u0161\u010devi\u0107, \u0161efom vladine Kancelarije za KiM Markom \u0110uri\u0107em, ministrima spoljnih i unutra\u0161njih poslova, pravde i finansija &#8211; Ivicom Da\u010di\u0107em, Neboj\u0161om Stefanovi\u0107em, Nikolom Selakovi\u0107em i Du\u0161anom Vujovi\u0107em, ministarkom bez portfelja zadu\u017eenom za evropske integracije Jadrankom Joksimovi\u0107.<\/P><br \/>\n<P>\u010clanovi Koele razgovara\u0107e i s predstavnicima Skup\u0161tine i nevladinih organizacija, dobili su i poziv predsednika Srbije Tomislava Nikoli\u0107a, a poslednjeg dana posete ima\u0107e priliku, zahvaljuju\u0107i Turisti\u010dkoj organizaciji Srbije, da obi\u0111u neke lokacije u Beogradu i Novom Sadu, rekao je Manco.<\/P><br \/>\n<P>On je objasnio da grupu Koela, kojom trenutno predsedava italijanski diplomata, \u010dini 28 diplomata iz svih \u010dlanica EU, koji se redovno sastaju u Briselu kako bi razgovarali i pripremali odluke Saveta EU o pro\u0161irenju, me\u0111u kojima su i one koje se odnose na pristupne pregovore izme\u0111u EU i Srbije i poglavlja 23, 24, 32 i 35.<\/P><br \/>\n<P>Ambasador Manco je podsetio da je pro\u0161irenje me\u0111u prioritetima Italije kao predsedavaju\u0107eg EU.<BR>&#8222;<EM>Smatramo da je mesto Srbije u Evropi i vidimo integraciju regiona kao ostvarenje projekta osniva\u010da Evropske zajednice&#8220;, rekao je on, napomenuv\u0161i da je ba\u0161 iz tog razloga \u0161efica italijanske diplomatije Federika Mogerini, u prvom mesecu po\u0161to je Italija preuzela predsedavanje EU, odlu\u010dila da poseti Beograd i druge prestonice regiona<\/EM>.<\/P><br \/>\n<P>Mogerini, koja je u me\u0111uvremenu imenovana za novu visoku predstavnicu EU za spoljnu politiku i bezbednost, umesto Ketrin E\u0161ton, tokom posete Beogradu u\u010destvovala je u Skup\u0161tini na okruglom stolu \u010diji je moto bio &#8222;<STRONG>Italija dovodi Evropu u Srbiju<\/STRONG>&#8222;, podsetio je italijanski diplomata.<BR>&#8222;<EM>Posetom grupe Koela nastavljamo da dovodimo Evropu u Srbiju, \u010dime pru\u017eamo Srbiji jedinstvenu \u0161ansu da se direktno obrati predstavnicima svih dr\u017eava \u010dlanica EU koje su, zajedno s vama, u\u010desnice u pristupnom procesu Srbije&#8220;, poru\u010dio je on.<BR>&#8222;\u010clanovi Koele \u0107e, s druge strane, imati priliku da se iz prve ruke upoznaju s napredovanjem Srbije na tom putu i da se vrate u Brisel s jasnijom slikom va\u0161e zemlje.&#8220;<\/EM><\/P><br \/>\n<P>Manco je podsetio i da je EU najve\u0107i donator u Srbiji, s vi\u0161e od 2,6 milijardi evra, da se 60 odsto spoljne trgovine Srbije odvija sa zemljama EU (16 milijardi godi\u0161nje), kao i da vi\u0161e od 1.450 srpskih studenata ima stipendije, preko programa Erasmus mundus, za studije na univerzitetima zemalja \u010dlanica EU&#8230;<\/P><br \/>\n<P>Navode\u0107i da je me\u0111u prioritetima italijanskog predsedavanja i pribli\u017eavanje Evrope gra\u0111anima, Manco je ocenio da inicijative poput posete Koele doprinose premo\u0161\u0107avanju jaza izme\u0111u birokratije i gra\u0111ana, i van granica EU.<\/P><br \/>\n<P>On je dodao i da \u0107e sastanak evropskih diplomata s predstavnicima srpskog civilnog dru\u0161tva, organizovan u saradnji s Delegacijom EU u Beogradu, pru\u017eiti dodatnu vrednost ovoj poseti.<\/P><br \/>\n<P><STRONG>Podr\u0161ka Italije za otvaranje poglavlja<\/STRONG><\/P><br \/>\n<P>Italija, predsedavaju\u0107i EU, spremna je da se anga\u017euje kako bi Srbija otvorila pregovara\u010dka poglavlja do kraja godine, ali to ipak najvi\u0161e zavisi od same Srbije, izjavio je danas Tanjugu Manco.<BR><EM>&#8222;Italija smatra da zemlje kandidate treba ohrabrivati u sprovo\u0111enju unutra\u0161njih reformi i da EU treba da poka\u017ee kredibilnost i jasno iska\u017ee posve\u0107enost procesu pro\u0161irenja kako bi motivisala zemlje kandidate&#8220;, rekao je Manco<\/EM>.<\/P><br \/>\n<P>Otvaranje pregovara\u010dkih poglavlja do kraja godine slu\u017eilo bi, prema njegovim re\u010dima, za oba ta cilja.<BR>&#8222;<EM>Zvani\u010dna agenda Predsedni\u0161tva tehni\u010dki to omogu\u0107ava i Italija, kao predsedavaju\u0107i, voljna je da se anga\u017euje kako bi se to ostvarilo. Naravno, to najvi\u0161e zavisi od vas i va\u0161e sposobnosti da nastavite da ostvarujete rezultate sa istom odlu\u010dno\u0161\u0107u koju ste dosad pokazivali<\/EM>&#8222;, rekao je ambasador Manco.<\/P><br \/>\n<P>On je izrazio uverenje da \u0107e Srbija pokazati tu odlu\u010dnost tokom predstoje\u0107e trodnevne posete Beogradu \u010dlanova radne grupe za pro\u0161irenje u Savetu EU (Koela).<\/P><br \/>\n<P>Komentari\u0161u\u0107i imenovanje \u0161efice italijanske diplomatije Federike Mogerini za narednu visoku predstavnicu EU za spoljnu politiku i bezbednost, Manco je ocenio da to predstavlja &#8222;priznanje njenog iskustva, kompetentnosti i posve\u0107enosti ja\u010danju Evrope, kao i njenoj zajednickoj spoljnoj i bezbednosnoj politici u duhu &#8222;istinskog evropeizma&#8220; Italije&#8220;.<\/P><br \/>\n<P>Kada je re\u010d o pro\u0161irenju EU i pristupnom procesu Srbije, italijanski ambasador je podsetio da je Mogerini nedavno pred Odborom za spoljne poslove Evropskog parlamenta istakla da pro\u0161irenje nije samo u interesu zemalja zapadnog Balkana, ve\u0107 i u interesu evropske stabilnosti, bezbednosti i ekonomskog prosperiteta.<\/P><br \/>\n<P><STRONG><U><A href=\"http:\/\/www.youtube.com\/user\/BelgradoAmbIta\">VIDEO GALERIJA<\/A><\/U><\/STRONG><\/P><\/p>\n","protected":false},"excerpt":{"rendered":"(Tanjug) BEOGRAD, 9. septembar 2014.\u00a0&#8211; Radna grupa za pro\u0161irenje u Savetu EU (Koela) po\u010de\u0107e sutra trodnevnu posetu Beogradu, tokom koje \u0107e delegati zemalja \u010dlanica Unije razgovarati s predstavnicima srpskih institucija, uklju\u010duju\u0107i Vladu i Skup\u0161tinu, izjavio je danas Tanjugu ambasador Italije u Beogradu \u0110uzepe Manco.&#8222;Prvi put u istoriji, na inicijativu Italije kao predsedavaju\u0107eg Savetu EU, grupa [&hellip;]","protected":false},"author":1,"featured_media":0,"comment_status":"","ping_status":"","sticky":false,"template":"","format":"standard","meta":{"footnotes":""},"tags":[],"class_list":["post-7726","post","type-post","status-publish","format-standard","hentry"],"_links":{"self":[{"href":"https:\/\/ambbelgrado.esteri.it\/sr\/wp-json\/wp\/v2\/posts\/7726","targetHints":{"allow":["GET"]}}],"collection":[{"href":"https:\/\/ambbelgrado.esteri.it\/sr\/wp-json\/wp\/v2\/posts"}],"about":[{"href":"https:\/\/ambbelgrado.esteri.it\/sr\/wp-json\/wp\/v2\/types\/post"}],"author":[{"embeddable":true,"href":"https:\/\/ambbelgrado.esteri.it\/sr\/wp-json\/wp\/v2\/users\/1"}],"replies":[{"embeddable":true,"href":"https:\/\/ambbelgrado.esteri.it\/sr\/wp-json\/wp\/v2\/comments?post=7726"}],"version-history":[{"count":0,"href":"https:\/\/ambbelgrado.esteri.it\/sr\/wp-json\/wp\/v2\/posts\/7726\/revisions"}],"wp:attachment":[{"href":"https:\/\/ambbelgrado.esteri.it\/sr\/wp-json\/wp\/v2\/media?parent=7726"}],"wp:term":[{"taxonomy":"post_tag","embeddable":true,"href":"https:\/\/ambbelgrado.esteri.it\/sr\/wp-json\/wp\/v2\/tags?post=7726"}],"curies":[{"name":"wp","href":"https:\/\/api.w.org\/{rel}","templated":true}]}}