{"id":7722,"date":"2014-09-12T07:53:00","date_gmt":"2014-09-12T05:53:00","guid":{"rendered":"https:\/\/ambbelgrado.esteri.it\/news\/dall_ambasciata\/2014\/09\/coela-a-belgrado-2\/"},"modified":"2014-09-12T07:53:00","modified_gmt":"2014-09-12T05:53:00","slug":"coela-a-belgrado-2","status":"publish","type":"post","link":"https:\/\/ambbelgrado.esteri.it\/sr\/news\/dall_ambasciata\/2014\/09\/coela-a-belgrado-2\/","title":{"rendered":"Komiteta za pro\u0161irenje Evropske unije\u00a0(COELA) u poseti Beogradu"},"content":{"rendered":"<p><strong><a href=\"https:\/\/www.flickr.com\/photos\/belgrado_italianembassy\/\">FOTO GALERIJA<\/a><\/strong><\/p>\n<p><strong><a href=\"http:\/\/www.youtube.com\/user\/BelgradoAmbIta\">VIDEO GALERIJA<\/a><\/strong><\/p>\n<p>&#8211;<\/p>\n<p><img loading=\"lazy\" decoding=\"async\" style=\"height: 195px; width: 308px;\" src=\"\/resource\/2014\/09\/TanjugGiorgiaCoelaeManzo1.jpg\" alt=\"Ambasador Manco sa g.djom De Parolis\" width=\"512\" height=\"362\" border=\"0\" \/><\/p>\n<p style=\"text-align: justify;\"><strong>Tanjug, PRVI PRIORITET \u010cLANSTVO U EU<\/strong><br \/>\u00a0<br \/><strong>Predsednik Srbije Tomislav Nikoli\u0107<\/strong> izjavio je danas da je punopravno \u010dlanstvo u Evropskoj uniji prvi prioritet nove Vlade Srbije<br \/>Predsedni Srbije je rekao da smo posve\u0107eni tom cilju i opredeljenju da pristupne pregovore okon\u010damo u 2018. godini i da bi Srbija u tom slu\u010daju mogla da bude \u010dlan EU do 2020. godine. <\/p>\n<p>Nikoli\u0107 je u obra\u0107anju \u010dlanovima Komiteta za pro\u0161irenje EU (<strong>COELA<\/strong>) u palati Srbija, izrazio zadovoljstvo \u0161to je Srbija doma\u0107in predstavnicima svih zemalja \u010dlanica EU i posebno je zahvalio Italiji, predsedavaju\u0107em Saveta EU, \u0161to je predlo\u017eila da se ova poseta Komiteta, umesto u Rimu, ovoga puta odr\u017ei u Beogradu. <\/p>\n<p>&#8222;<strong>Vi dobro znate da je punopravno \u010dlanstvo u EU prvi prioritet nove Vlade Srbije. Verujem da ste se danas dodatno uverili da smo veoma posve\u0107eni ostvarivanju ovog cilja i da smo opredeljeni da pristupne pregovore okon\u010damo do kraja njenog mandata 2018. godine. Srbija bi u tom slu\u010daju do 2020. mogla da postane punopravna \u010dlanica EU. Sve ostalo zavisi\u0107e od EU<\/strong>&#8222;, rekao je predsednik Srbije. <\/p>\n<p>Nikoli\u0107 je nazna\u010dio da je po\u010detkom ove godine, otvaranjem pristupnih pregovora, zapo\u010dela poslednja etapa puta. <\/p>\n<p>&#8222;Ona vodi prili\u010dno uzbrdo i zahteva velike napore, ali na kraju uspona je samo jedan cilj &#8211; da postanemo deo ujedinjene Evrope kojoj svakako pripadamo istorijom koju delimo, jedinstvenim kulturnim i visoko\u0161kolskim prostorom, istovetnim sistemom vrednosti u pogledu ure\u0111enja dr\u017eave i dru\u0161tva&#8220;, rekao je Nikoli\u0107. <\/p>\n<p>On je podvukao da je Srbija posve\u0107ena sprovo\u0111enju reformi u svim oblastima, posebno vladavine prava, unutra\u0161njih poslova, za\u0161tite ljudskih prava i prava manjina. <\/p>\n<p>Kako je rekao, novi pristup EU kojim je predvi\u0111eno otvaranje najzahtevnijih poglavlja &#8211; 23 i 24 na samom po\u010detku pregovara\u010dkog procesa, vidimo kao korak koji \u0107e doprineti br\u017eoj transformaciji dr\u017eave i dru\u0161tva i ubrzanju samog pregovara\u010dkog procesa. <\/p>\n<p>&#8222;Evropske integracije posmatramo kao najefikasniji i najbr\u017ei na\u010din da dostignemo visoke standarde u ovim oblastima klju\u010dnim za sveobuhvatni napredak&#8220;, istakao je predsednik Sbije koji je dodao da je to, uostalom, i preduslov za privla\u010denje stranih investicija, aktiviranje malog i srednjeg preduzetni\u0161tva i obezbe\u0111ivanje ekonomskog rasta i dru\u0161tvenog prosperiteta zemlje. <\/p>\n<p>On je goste obavestio da se Srbija, usvajanjem Strategije o reformi pravosu\u0111a i Strategije za borbu protiv korupcije, 2013. godine, uhvatila u ko\u0161tac sa korupcijom koju nastoji da iskoreni i izgradi kulturu nultog stepena tolerancije prema korupciji. <\/p>\n<p>Prema njegovim re\u010dima, bilo bi veoma korisno da do kraja godine otvorimo poglavlje 32, &#8222;ne samo radi obezbe\u0111ivanja finansijske kontrole utro\u0161ka bud\u017eetskih sredstava&#8220;, ve\u0107 i \u0161to bi to u velikoj meri doprinelo upravo uspe\u0161nijoj borbi protiv korupcije i organizovanog kriminala. <\/p>\n<p>&#8222;Stoga se nadamo da \u0107e i one zemlje EU koje jo\u0161 uvek nisu definisale svoj stav u pogledu dinamike otvaranja prvih poglavlja, ovo pitanje sagledati i u tom kontekstu&#8220;, rekao je Nikoli\u0107. Kako je ocenio, evropska perspektiva bila je i klju\u010dni faktor koji je omogu\u0107io uspeh dijaloga Beograda i Pri\u0161tine. <\/p>\n<p>&#8222;Uspe\u0161nost ovog dijaloga pokazala je da politika pro\u0161irenja i dalje predstavlja sna\u017enu motivacionu snagu na zapadnom Balkanu. Na ovom primeru video se i me\u0111unarodni zna\u010daj EU kao faktora koji je u stanju da re\u0161ava krize i su\u0161tinski doprinosi stabilnosti i bezbednosti na evropskom tlu&#8220;, naglasio je predsednik Srbije. <\/p>\n<p>On je naveo i da se nada da \u0107e EU, odnosno njene dr\u017eave \u010dlanice, uva\u017eiti pozitivne korake koje je Srbija u\u010dinila u nameri da normalizuje odnose na Kosovu i Metohiji i da \u0107e, vrednuju\u0107i na\u0161e napore i rezultate, doneti odluku da se \u0161to je skorije mogu\u0107e otvori poglavlje 35. <\/p>\n<p>Predsednik Srbije je ukazao i da je perspektiva \u010dlanstva u EU imala, tako\u0111e, pozitivan efekat i na region Balkana koji danas sara\u0111uje na konkretnim projektima, a da se otvorena pitanja u regionu&#8230;re\u0161avaju dijalogom. <\/p>\n<p>&#8222;Verovatno ste upoznati da sam, zajedno sa predsednicima Bosne i Hercegovine, Hrvatske i Crne Gore, 29. avgusta ove godine u Mostaru potpisao Deklaraciju o nestalim licima, \u010diji je cilj da podstakne proces pronala\u017eenja nestalih u regionu. To je pitanje koje godinama optere\u0107uje na\u0161e odnose, a koje mora biti re\u0161eno zarad na\u0161e zajedni\u010dke budu\u0107nosti na ovim prostorima&#8220;, ukazao je Nikoli\u0107. <\/p>\n<p>On je podsetio i da je Srbija nedavno u Berlinu predstavila projekte kojima je cilj bolje povezivanje regiona ja\u010danjem \u017eelezni\u010dke i putne infrastrukture, ukidanjem carinskih barijera i stvaranjem asocijacije mladih. <\/p>\n<p>&#8222;Sve ovo je dokaz da region danas zajedno radi i sara\u0111uje, a ovom procesu regionalne saradnje u velikoj meri doprinele su evropske integracije. Solidarnost u regionu postala je klju\u010dna re\u010d tokom nedavnih poplava koje su pokazale koliko smo ranjivi pred prirodom i koliko smo ja\u010di kada radimo i nastupamo zajedno&#8220;, rekao je on. <\/p>\n<p>Nikoli\u0107 je nazna\u010dio da je Srbija opredeljena da o\u010duva princip solidarnosti regiona u evropskim integracijama, uz me\u0111usobno pomaganje i razmenu iskustava. <\/p>\n<p>&#8222;Sa druge strane, o\u010dekujemo da EU ostane privr\u017eena takozvanom \u201eprincipu regate&#8220; kada je re\u010d o pro\u0161irenju, kako bi se omogu\u0107ilo da svako napreduje prema u\u010dinku i ostvarenim reformama, bez nametnutnog ujedna\u010davanja tempa&#8220;, dodao je Nikoli\u0107. <\/p>\n<p>On je \u010dlanovima Komiteta poru\u010dio da iskoriste boravak u Srbiji i iz prve ruke se upoznaju sa usvajanjem i primenom reformskih zakona u Srbiji i da neposredno saznaju u kojoj meri je Srbija posve\u0107ena ispunjenju svoje evropske agende. <\/p>\n<p>&#8222;Za nas je veoma va\u017eno da sa dr\u017eavama \u010dlanicama EU imamo \u0161to intenzivniji dijalog &#8211; od susreta na najvi\u0161em nivou, do toga da ljudi koji se, poput \u010dlanova COELA, kroz svoje redovne aktivnosti bave Srbijom i regionom i razmatraju pitanja od zna\u010daja za proces pro\u0161irenja, imaju priliku da posete i bolje upoznaju na\u0161u zemlju&#8220;, rekao je on. <\/p>\n<p>&#8222;Uveren sam da va\u0161a poseta ne\u0107e biti korisna samo za teme kojima se bavite na profesionalnom planu, ve\u0107 i za upoznavanje sa ljudima, na\u0161om bogatom kulturom i obi\u010dajima. Smatram to veoma bitnim, jer \u0107ete na taj na\u010din bolje razumeti Srbiju. Tako \u0107e Srbija, od teme koja se nalazi na va\u0161oj nedeljnoj agendi, postati ne\u0161to mnogo bli\u017ee i konkretnije&#8220;, rekao je predsednik Srbije. <\/p>\n<p>On je uputio iskrene \u010destitke predstavnicima Poljske i Italije povodom imenovanja premijera Donalda Tuska i ministra inostranih poslova Frederike Mogerini na funkcije predsednika Evropskog saveta i Visokog predstavnika EU za spoljnu i bezbednosnu politiku. <\/p>\n<p>Skupu se obratila i predsedavaju\u0107a Komiteta \u00d0or\u0111a Deparolis koja je navela da su svedoci izuzetnih napora i stremljenja koje Srbija \u010dini i dodala da oni kao predstavnici 28 zemalja \u010dlanica daju punu podr\u0161ku Srbiji na njenom putu ka EU. <\/p>\n<p><strong>Ambasador Italije u Beogradu \u00d0uzepe Manco<\/strong>, tako\u0111e, je istakao tu podr\u0161ku i istovremeno naveo da je Italija najve\u0107i investitor u Srbiji. On je dodao da je to i zbog tradicionalno dobrih odnosa izme\u0111u dve zemlje, ali i zbog toga ostvarivanja zajedni\u010dkih interesa. On je rekao da je, tako\u0111e, EU najve\u0107i spoljnotrgovinski partner Srbije i dodao da i Unija i Italija imaju interes u tome da ovaj region bude prosperitetan i stabilan. <\/p>\n<p>Skupu je prisustvovao i \u0161ef delegacije EU u Srbiji Majkl Devenport.<\/p>\n<p>&#8211;<\/p>\n<p><img loading=\"lazy\" decoding=\"async\" style=\"height: 192px; width: 303px;\" src=\"\/resource\/2014\/09\/TanjugCoelaDacic04.jpg\" alt=\"Ministar spoljnih poslova Da\u010di\u0107 sa Komitatom Coela\" width=\"511\" height=\"251\" border=\"0\" \/><\/p>\n<p style=\"text-align: justify;\"><strong>TANJUG: DA\u010cI\u0106 RAZGOVARAO SA \u010cLANOVIMA DELEGACIJE COELA, EU DA PREPOZNA NAPORE SRBIJE<\/strong><\/p>\n<p>Delegaciju COELA koja boravi u trodnevnoj poseti Beogradu primio je danas i <strong>prvi potpredsednik Vlade Srbije i \u0161ef diplomatije Ivica Da\u010di\u0107<\/strong>. Prvi potpredsednik vlade i ministar spoljnih poslova Ivica Da\u010di\u0107 rekao je danas da o\u010dekuje da \u0107e \u010dlanice EU prepoznati i uva\u017eiti napore koje Srbija ula\u017ee u okviru procesa evrointegracija, \u0161to bi omogu\u0107ilo da se odr\u017ei planirana dinamika otvaranja prvih pregovara\u010dkih poglavlja do kraja 2014. godine. <\/p>\n<p>Da\u010di\u0107 je na sastanku sa \u010dlanovima delegacije Komiteta za pro\u0161irenje Saveta Evropske unije (COELA), upoznao diplomate 28 zemalja \u010dlanica EU i predstavnike Evropske komisije sa reformskim i zakonodavnim aktivnostima koje Srbija sprovodi u cilju otvaranja prvih poglavlja u pregovara\u010dkom procesu do kraja ove godine. <\/p>\n<p>On je ,kako se navodi u saop\u0161tenju MSP, naglasio da je dosada\u0161nji tok skrininga, u okviru kog je okon\u010dan skrining u 14 poglavlja, a sedam je jo\u0161 u toku, ocenjen kao uspe\u0161an, a Srbija je pokazala da raspola\u017ee dobrim administrativnim kapacitetima. <\/p>\n<p>Imaju\u0107i u vidu da \u0107e se 10. oktobra odr\u017eati bilateralni skrining za Poglavlje 31 &#8211; spoljna i bezbednosna politika EU, \u010diji je nosilac aktivnosti Ministarstvo spoljnih poslova tokom razgovora posebna pa\u017enja posve\u0107ena je oblastima relevatnim za razmatranje ovog poglavlja, kao \u0161to su podr\u0161ka spoljnoj i bezbednosnoj politici EU i regionalna saradnja na Balkanu. <\/p>\n<p>Ministar Da\u010di\u0107 iskoristio je priliku da \u010dlanove COELA upozna sa intenzivnom me\u0111unarodnom agendom i brojnim spoljno-politi\u010dkim aktivnostima, a naro\u010dito je istakao veliku odgovornost koju \u0107e Srbija imati naredne godine, kada bude predsedavala OEBS, kao i zna\u010daj ovog predsedavanja za \u010ditav region. <\/p>\n<p><strong>Delegacija Komiteta boravi u trodnevnoj poseti Beogradu, na inicijativu Italije, koja od 1. jula predsedava EU<\/strong>.<\/p>\n<p>&#8211;<\/p>\n<p><strong>TANJUG<\/strong>: <strong>Ministarka bez portfelja zadu\u017eena za evropske integracije Jadranka Joksimovi\u0107<\/strong> izjavila je danas da je dolazak delegacije Komiteta za pro\u0161irenje Saveta Evropske unije (COELA) prilika da se predstavi celokupan reformski proces koji je Srbija uveliko zapo\u010dela. <\/p>\n<p>Joksimovi\u0107 je Tanjugu u Palati Srbija, gde je, pored nje i vi\u0161e ministara imalo sastanke sa delegacijom COELA, podvukla da je prvi put da ta delegacija odr\u017eava sastanak u zemlji kandidatu, \u0161to se nikada ranije de\u0161avalo jer je obi\u010daj da se taj sastanak dr\u017ei u zemlji koja je aktuelni predsedavaju\u0107i Unijom \u0161to je u ovom slu\u010daju Italija.<br \/>&#8222;Me\u0111utim u dogovoru sa Italijom odlu\u010dili su da do\u0111u u Beograd i to je zaista izvanredna vest&#8220; rekla je Joksimovi\u0107 koja je istakla da je veoma va\u017ena i \u010dinjenica da su ovde ljudi koji su svi diplomate i koji se bave pripremom izve\u0161taja o Srbiji i odlukama koje Savet donosi. <\/p>\n<p>Ona je podvukla da je va\u017eno \u0161to su oni u Beogradu i kada se imaju u vidu najnovije promene u EK i nova postavljenja. &#8222;Vrlo je va\u017eno da sa njima uspostavimo kontakt&#8220; naglasila je Joksimovi\u0107 i ocenila da je bitno i da upoznaju na\u0161u zemlju. <\/p>\n<p>Kako je navela, svi resorni ministri va\u017eni za proces evrointegracija razgovara\u0107e sa njima i zna\u010dajno je to da \u010dlanovi COELA dobiju informacije iz prve ruke kako bi mogli, da kada diskutuju u Briselu o Srbiji, na neki na\u010din znaju o kojoj zemlji diskutuju, znaju ljude sa kojima pri\u010daju&#8230; &#8222;To je zna\u010dajan pomak u razumevanju i komunikaciji&#8220; kazala je Joksimovi\u0107. <\/p>\n<p>&#8222;Mi \u0107emo ovu priliku zaista iskoristiti da predstavimo ceo reformski proces koji je uveliko zapo\u010deo, sve ono \u0161to smo uradili i \u0161ta sve planiramo da uradimo&#8220; nazna\u010dila je ministarka.<\/p>\n<p><strong>Ministarstvo pravde Srbije prosledilo je Evropskoj komisiji prvi nacrt Akcionog plana za pregovare o Poglavlju 23, koji se odnosi na pravosu\u0111e, borbu protiv korupcije i osnovna prava<\/strong>. <\/p>\n<p><strong>Ministar pravde Nikola Selakovi\u0107<\/strong> rekao je da veruje da \u0107e finalni Akcioni plan biti zavr\u0161en u naredna dva meseca, navodi se u saop\u0161tenju Ministarstva pravde. <\/p>\n<p>To me\u0111utim, prema re\u010dima Selakovi\u0107a, nije kraj posla, ve\u0107 po\u010detak jer je potrebna dosledna i jaka primena tog plana. <\/p>\n<p>EK bi sada trebalo da iznese svoje sugestije na nacrt Akcionog plana i vrati ga na eventualnu doradu. Nakon kona\u010dne verzije Akcinog plana koji potvrde dr\u017eave \u010dlanice EU, mogu da po\u010dnu pregovori o pristupanju Srbije EU, jer se Poglavlje 23 otvara prvo, rekao je on. <\/p>\n<p>Tokom razgovora sa Delegacijom o aktivnostima Ministarstva od kojih zavisi napredak Srbije na putu ka EU, Selakovi\u0107 je ukazao da je prvi nacrt Akcionog plana za pregovore o Poglavlju 23 izra\u0111en zahvaljuju\u0107i nacionalnim strategijama za reformu pravosu\u0111a od 2013-2018. godine i za borbu protiv korupcije i akcionim planovima za njihovo sprovo\u0111enje. <\/p>\n<p>Aktivnosti ministarstva su, kako je naveo Selakovi\u0107, sna\u017eno usmerene na tri osnovna stuba Poglavlja 23, a to izgradnja efikasnog i nezavisnog pravosu\u0111a, borba protiv korupcije i ja\u010danje uloge civilnog dru\u0161tva u cilju unapre\u0111enja i po\u0161tovanja ljudskih prava.<\/p>\n<p>&#8211;<\/p>\n<p style=\"text-align: justify;\"><strong>BETA: Mi\u0161\u010devi\u0107: Poseta Komiteta izuzetno va\u017ena za Srbiju<\/strong>\u00a0<\/p>\n<p><strong>\u0160efica Pregovara\u010dkog tima Srbije sa EU Tanja Mi\u0161\u010devi\u0107<\/strong> ocenila je dana\u0161nju posetu delegacije Komiteta za pro\u0161irenje Saveta Evropske unije kao izuzetno va\u017enu, jer se &#8222;sve \u0161to pro\u0111e kroz ruke Komiteta automatski prihvata&#8220;. &#8222;To je prva trija\u017ea svega \u0161to mi radimo, zato je va\u017eno da \u010dlanovi tog komiteta razgovaraju sa ministrima, direktorom Kancelarije za Kosovo i Metohiju Markom \u0110uri\u0107em, jer su to klju\u010dna politi\u010dka pitanja va\u017ena za dalje razumevanje&#8220;, navela je ona za televiziju B92. <\/p>\n<p>Komentari\u0161u\u0107i izjavu predsednika Evropske komisije \u017dan-Klod Junkera da u narednih pet godina ne\u0107e biti novih \u010dlanica Evropske unije, Mi\u0161\u010devi\u0107 je rekla da je to realisti\u010dna izjava, te da su i procene Srbije da ne mo\u017ee pre 2020. postati \u010dlanica. <br \/>&#8222;On je u junu ve\u0107 izjavio da u narednih pet godina ne\u0107e biti novih \u010dlanica Evropske unije. Re\u010d je o realisti\u010dnoj izjavi, to su i na\u0161e procene da Srbija pre 2020. godine ne mo\u017ee postati \u010dlanica Evropske unije, jer je i nama va\u017eniji kvalitet na\u0161ih reformi od ubrzanja procesa pristupa&#8220;, kazala je Mi\u0161\u010devi\u0107. <\/p>\n<p>Delegacija Komiteta sastala se danas s predsednikom Srbije Tomislavom Nikoli\u0107em, ministrom spoljnih poslova Ivicom Da\u010di\u0107em, ministrom pravde Nikolom Selakovi\u0107em, ministarkom zadu\u017eenom za evropske integracije Jadrankom Joksimovi\u0107. <\/p>\n<p>&#8211;<\/p>\n<p><strong>TANJUG, \u0110uri\u0107: Srbi na KIM da budu ekonomski i politi\u010dki sna\u017eni<\/strong><\/p>\n<p><strong>Direktor kancelarije za KIM Marko \u0110uri\u0107<\/strong> preneo je danas predstavnicima Komiteta za pro\u0161irenje Saveta EU \u017eelju Srbije da se sprovedu svi elementi Briselskog sporazuma i da srpska zajednica u pokrajini bude ekonomski samoodr\u017eiva i politi\u010dka sna\u017ena. <\/p>\n<p>\u0110uri\u0107 je rekao da je sagovornicima preneo da je Srbija spremna da na transparentan na\u010din prika\u017ee \u0161ta sve finansira na KIM i da od tog finansiranja ne\u0107e odustati. <\/p>\n<p>&#8222;Preneo sam predstavnicima EU da Srbija \u017eeli da se elementi Briselskog sporzuma sprovedu i da se kroz nekoliko godina na KIM imamo ekonomski samoodr\u017eivu politi\u010dki sna\u017eu i dugoro\u010dno stabilnu srpsku zajednicu&#8220;, rekao je \u0110uri\u0107 novinarima. <\/p>\n<p>On je naveo i da je sagovornicma preneo &#8222;da tog cilja ne mo\u017eemo da do\u0111emo dok ne re\u0161imo pitanje imovine na KIM , kako privatne tako i javne i dok ne budemo re\u0161ili pitanje 247.000 prognanih i interno raseljenih&#8220;. <\/p>\n<p>\u0110uri\u0107 je, uz napomenu da je razgovor vodio &#8220; krajnje otvoreno i iskreno i ne u u\u0161togljenom diplomatskom maniru&#8220;, dodao i da je na sastanku preneo kako izgleda \u017eivot na\u0161ih ljudi na KIM. <\/p>\n<p>Prema njegovim re\u010dima, na isti na\u010din je sagovornicma saop\u0161tio koje su brige na severu KIM vezano za proces primene i uspostavljanje institucija koje \u0107e biti priznate i od Beograda, Pri\u0161tine i me\u0111unarodne zajednice. <\/p>\n<p>&#8222;Govorili smo dosta i o ekonomij i da je najve\u0107i problem u ekonomskoj sferi i sigurnosti radnih mesta&#8230;otvoreno sam rekao predastavnicima EU da Srbija jeste spremna da na potpuno transparentan na\u010din prika\u017ee sve \u0161to finasira na KIM ali da svoja ulaganja ne\u0107e smanjiti&#8220;, rekao je on. <\/p>\n<p>\u0110uri\u0107 je napomenu i da je sada\u0161nja vlada &#8220; prepoznala da novac koji smo ulagali nije bio, u prethodnim godinama i kod prethodnhih vlada naro\u010dito efikasno kori\u0161\u0107en&#8220; dodav\u0161i da &#8222;\u017eelimo da sada taj novac bude upotrebljen i na raspolaganju na\u0161oj zajednici na KIM&#8220;. <\/p>\n<p>On je rekao i da je sagovornicima iz EU preneo uverenje da \u0107e predstavnici Srba sa KIM biti u budu\u0107oj kosovskoj vladi. <\/p>\n<p>&#8222;Uveren sam da \u0107e po formrianju nove pokrajinske vlade predstavnici srpske zajednice sedeti u toj vladi i da \u0107emo sa njima i svima ostalima raditi na re\u0161avanju brojnih problema&#8220;, rekao je \u0110uri\u0107. <\/p>\n<p>Prema njegovim re\u010dima, Beograd \u017eeli da se razgovori dve strane u Briselu nastave, sa temama po pitanju imovine i zastite SPC i kulturne ba\u0161tine. \u0110uri\u0107 ka\u017ee i da je neophodno do\u0107i do sveobuhvatnog sporazuma koji bi za\u0161titio SPC jer &#8220; nije svejedno da li \u0107e neki manastir renovirati SPC ili neko ministarstvo u Pri\u0161tini&#8220;. <\/p>\n<p>On je na dodao i da je na sastanku bilo re\u010di i o raspisivanju poternica i hap\u0161enjima Srba na KIM i da je sagovornicma preneo jasan stav Beograda: &#8222;Nedvosmisleno sam rekao da je na\u0161 stav da Misija Euleks treba da sara\u0111uje sa srpskom zajednicom ba\u0161 kao \u0161to srpski narod na KIM treba da kroz razgovore sa tom misijom re\u0161ava probleme&#8220;, rekao je \u0110uri\u0107.<\/p>\n<p style=\"text-align: justify;\">&#8211;<\/p>\n<p><a href=\"http:\/\/www.naslovi.net\/tema\/677027\" title=\"Povezane vesti\"><strong>Povezane vesti<\/strong><\/a> \u00a0<\/p>\n<p>\u00a0<\/p>\n","protected":false},"excerpt":{"rendered":"FOTO GALERIJA VIDEO GALERIJA &#8211; Tanjug, PRVI PRIORITET \u010cLANSTVO U EU\u00a0Predsednik Srbije Tomislav Nikoli\u0107 izjavio je danas da je punopravno \u010dlanstvo u Evropskoj uniji prvi prioritet nove Vlade SrbijePredsedni Srbije je rekao da smo posve\u0107eni tom cilju i opredeljenju da pristupne pregovore okon\u010damo u 2018. godini i da bi Srbija u tom slu\u010daju mogla da [&hellip;]","protected":false},"author":1,"featured_media":0,"comment_status":"","ping_status":"","sticky":false,"template":"","format":"standard","meta":{"footnotes":""},"tags":[],"class_list":["post-7722","post","type-post","status-publish","format-standard","hentry"],"_links":{"self":[{"href":"https:\/\/ambbelgrado.esteri.it\/sr\/wp-json\/wp\/v2\/posts\/7722","targetHints":{"allow":["GET"]}}],"collection":[{"href":"https:\/\/ambbelgrado.esteri.it\/sr\/wp-json\/wp\/v2\/posts"}],"about":[{"href":"https:\/\/ambbelgrado.esteri.it\/sr\/wp-json\/wp\/v2\/types\/post"}],"author":[{"embeddable":true,"href":"https:\/\/ambbelgrado.esteri.it\/sr\/wp-json\/wp\/v2\/users\/1"}],"replies":[{"embeddable":true,"href":"https:\/\/ambbelgrado.esteri.it\/sr\/wp-json\/wp\/v2\/comments?post=7722"}],"version-history":[{"count":0,"href":"https:\/\/ambbelgrado.esteri.it\/sr\/wp-json\/wp\/v2\/posts\/7722\/revisions"}],"wp:attachment":[{"href":"https:\/\/ambbelgrado.esteri.it\/sr\/wp-json\/wp\/v2\/media?parent=7722"}],"wp:term":[{"taxonomy":"post_tag","embeddable":true,"href":"https:\/\/ambbelgrado.esteri.it\/sr\/wp-json\/wp\/v2\/tags?post=7722"}],"curies":[{"name":"wp","href":"https:\/\/api.w.org\/{rel}","templated":true}]}}