{"id":7716,"date":"2014-09-12T08:58:00","date_gmt":"2014-09-12T06:58:00","guid":{"rendered":"https:\/\/ambbelgrado.esteri.it\/news\/dall_ambasciata\/2014\/09\/stefanini-a-belgrado-2\/"},"modified":"2014-09-12T08:58:00","modified_gmt":"2014-09-12T06:58:00","slug":"stefanini-a-belgrado-2","status":"publish","type":"post","link":"https:\/\/ambbelgrado.esteri.it\/sr\/news\/dall_ambasciata\/2014\/09\/stefanini-a-belgrado-2\/","title":{"rendered":"Delegacija Ministarstva odbrane Italije u poseti Srbiji"},"content":{"rendered":"<p><strong><img loading=\"lazy\" decoding=\"async\" style=\"height: 221px; width: 329px;\" src=\"\/resource\/2014\/09\/TanjugfotoStefaninieGasic1.jpg\" alt=\"Ministar Ga\u0161i\u0107 sa direktorom Stefaninijem, Foto Tanjug\" width=\"512\" height=\"340\" border=\"0\" \/><\/strong><\/p>\n<p style=\"text-align: justify;\"><strong>Ministar odbrane Bratislav Ga\u0161i\u0107<\/strong> sastao <strong>se sa nacionalnim direktorom za naoru\u017eanje Ministarstva odbrane Republike Italije Encom Stefaninijem<\/strong> i konstatovao da su bilateralni odnosi dve zemlje tradicionalno prijateljski, a saradnja u oblasti odbrane razvijena.<\/p>\n<p style=\"text-align: justify;\">Ga\u0161i\u0107 i Stefanini izdvojili su kao te\u017ei\u0161ne oblasti saradnje \u0161kolovanje i usavr\u0161avanje, obuku specijalnih jedinica i timova za uklanjanje neeksplodiranih ubojnih sredstava, vazduhoplovstvo, obave\u0161tajno-izvi\u0111a\u010dke delatnosti i vojnomedicinsku saradnju. Konstatovano je i da je intenziviranje vojnoekonomske saradnje u obostranom interesu. <\/p>\n<p>Na sastanku je zaklju\u010deno da \u0107e bileteralno-odbrambene konsultacije, planirane do kraja godine u Rimu, doprineti utvr\u0111ivanju smernica i daljim koracima saradnje kao i usagla\u0161avanju Plana bilateralne vojne saradnje za 2015. godinu. <\/p>\n<p>Delegacija Ministarstva odbrane Republike Italije posetila je i Vojnotehni\u010dki institut gde su im prezentovani kapaciteti odbrambene industrije na\u0161e zemlje i razvojni potencijal. Tokom posete, predlo\u017een je i program zajedni\u010dkih projekata i predstavljene mogu\u0107nosti zajedni\u010dkog nastupa na tre\u0107im tr\u017ei\u0161tima.<\/p>\n<p style=\"text-align: justify;\"><a href=\"https:\/\/www.flickr.com\/photos\/belgrado_italianembassy\/\"><strong>FOTO GALERIJA<\/strong><\/a><br \/><a href=\"http:\/\/www.youtube.com\/user\/BelgradoAmbIta\"><strong>VIDEO GALERIJA<\/strong><\/a><\/p>\n","protected":false},"excerpt":{"rendered":"Ministar odbrane Bratislav Ga\u0161i\u0107 sastao se sa nacionalnim direktorom za naoru\u017eanje Ministarstva odbrane Republike Italije Encom Stefaninijem i konstatovao da su bilateralni odnosi dve zemlje tradicionalno prijateljski, a saradnja u oblasti odbrane razvijena. Ga\u0161i\u0107 i Stefanini izdvojili su kao te\u017ei\u0161ne oblasti saradnje \u0161kolovanje i usavr\u0161avanje, obuku specijalnih jedinica i timova za uklanjanje neeksplodiranih ubojnih sredstava, [&hellip;]","protected":false},"author":1,"featured_media":0,"comment_status":"","ping_status":"","sticky":false,"template":"","format":"standard","meta":{"footnotes":""},"tags":[],"class_list":["post-7716","post","type-post","status-publish","format-standard","hentry"],"_links":{"self":[{"href":"https:\/\/ambbelgrado.esteri.it\/sr\/wp-json\/wp\/v2\/posts\/7716","targetHints":{"allow":["GET"]}}],"collection":[{"href":"https:\/\/ambbelgrado.esteri.it\/sr\/wp-json\/wp\/v2\/posts"}],"about":[{"href":"https:\/\/ambbelgrado.esteri.it\/sr\/wp-json\/wp\/v2\/types\/post"}],"author":[{"embeddable":true,"href":"https:\/\/ambbelgrado.esteri.it\/sr\/wp-json\/wp\/v2\/users\/1"}],"replies":[{"embeddable":true,"href":"https:\/\/ambbelgrado.esteri.it\/sr\/wp-json\/wp\/v2\/comments?post=7716"}],"version-history":[{"count":0,"href":"https:\/\/ambbelgrado.esteri.it\/sr\/wp-json\/wp\/v2\/posts\/7716\/revisions"}],"wp:attachment":[{"href":"https:\/\/ambbelgrado.esteri.it\/sr\/wp-json\/wp\/v2\/media?parent=7716"}],"wp:term":[{"taxonomy":"post_tag","embeddable":true,"href":"https:\/\/ambbelgrado.esteri.it\/sr\/wp-json\/wp\/v2\/tags?post=7716"}],"curies":[{"name":"wp","href":"https:\/\/api.w.org\/{rel}","templated":true}]}}