{"id":7710,"date":"2014-09-16T10:56:46","date_gmt":"2014-09-16T08:56:46","guid":{"rendered":"https:\/\/ambbelgrado.esteri.it\/news\/dall_ambasciata\/2014\/09\/18-anni-di-blic-2\/"},"modified":"2014-09-16T10:56:46","modified_gmt":"2014-09-16T08:56:46","slug":"18-anni-di-blic-2","status":"publish","type":"post","link":"https:\/\/ambbelgrado.esteri.it\/sr\/news\/dall_ambasciata\/2014\/09\/18-anni-di-blic-2\/","title":{"rendered":"18 GODINA BLICA, na\u0161 list danas ure\u0111uju ugledne javne li\u010dnosti"},"content":{"rendered":"<p><P>(BLIC online) &#8211; Sve\u010dani, tradicionalni, kolegijum integrisane redakcije, po\u010deo je danas u 10 sati, povodom 18. ro\u0111endana dnevnog lista &#8222;Blic&#8220;.<\/P><P><IMG border=\"0\" alt=\"foto Oliver Buni\u0107 - Ambasciatore Manzo ospite-redattore di Blic\" src=\"\/resource\/2014\/09\/AmbasciatoreospiteredattoreBlicmaggiorenne5.jpg\"><BR>Kolegijum je po\u010deo \u0161alom, tako \u0161to je \u0110uzepe Manco, ambasador Italije u Beogradu, poklonio kravatu Svetomiru Marjanovi\u0107u, kao jednom od &#8222;predsedavaju\u0107ih na kolegijumu&#8220;. <BR><IMG border=\"0\" alt=\"foto Oliver Buni\u0107 - Ambasciatore Manzo ospite-redattore di Blic\" src=\"\/resource\/2014\/09\/AmbasciatoreospiteredattoreBlicmaggiorenne6.jpg\"><\/P><br \/>\n<P>Ure\u0111ivanje sutra\u0161njih novina po\u010delo je od politike. Osniva\u010d NVO &#8222;Reformski savet&#8220; Bojan \u0110uri\u0107 predlo\u017eio je da pozovemo ministre u Vladi i pitamo ih \u0161ta misle kog igra\u010da iz ko\u0161arka\u0161ke reprezentacije oni predstavljaju. <BR>Manco se nadovezao na \u0110uri\u0107ev predlog, naglasiv\u0161i da na\u0161i ko\u0161arka\u0161i zaslu\u017euju veliku pa\u017enju. Njegov predlog za strene Sveta je reporta\u017ea o 12 pripadnika Vojske Srbije koji \u0107e u\u010destvovati u borbi protiv piraterije u me\u0111unarodnoj misiji. <BR>\u00a0 <BR>Gosti iz sveta politike, zabave, kulture i sporta poma\u017ei na\u0161im iskusnim urednicima da sutra\u0161nje izdanje na\u0161ih i va\u0161ih omiljenih dnevnih novina napravimo jo\u0161 boljim.<\/P><br \/>\n<P>Bojana \u0110uri\u0107a, osniva\u010da NVO ure\u0111uje sutra\u0161nju stranu Politike, a \u0110uzepe Manco, ambasador Italije u Beogradu izabra\u0107e najaktuelnije teme za Svet, dok \u0107e Nikola Selakovi\u0107, ministar pravde, probati da nam prenese najaktuelnije teme za Dru\u0161tvo.<BR>Frederik Koen, predsednik Saveta stranih investitora re\u0107i \u0107e nam \u0161ta je to najaktuelnije ba\u0161 danas iz oblasti Ekonomije, a Bogoljub \u017divkovi\u0107, zamenik direktora policije da\u0107e glavni naslov na strani Hronike.<\/P><br \/>\n<P><IMG border=\"0\" alt=\"foto Oliver Buni\u0107 - Ambasciatore Manzo ospite-redattore di Blic\" src=\"\/resource\/2014\/09\/AmbasciatoreospiteredattoreBlicmaggiorenne7.jpg\"><BR>Kulturu \u0107e danas ure\u0111ivati Dragan Nikoli\u0107, legendarni srpski glumac, a glavni naslov sa Zabave za vas \u0107e danas odrediti kompozitor i peva\u010d \u017deljko Joksimovi\u0107. Na &#8222;mukama&#8220; \u0107e danas biti i Jasna \u0160ekari\u0107 koja \u0107e teme i vesti birati iz oblasti u kojoj je najbolja &#8211; sporta. <BR>Jedva \u010dekamo da zajedno sa vama sutra prelistamo va\u0161 i na\u0161 punoletni broj &#8222;Blica&#8220;. <\/P><br \/>\n<P><IMG border=\"0\" alt=\"foto Oliver Buni\u0107 - Ambasciatore Manzo ospite-redattore di Blic\" src=\"\/resource\/2014\/09\/AmbasciatoreospiteredattoreBlicmaggiorenne8.jpg\"><BR><\/P><\/p>\n","protected":false},"excerpt":{"rendered":"(BLIC online) &#8211; Sve\u010dani, tradicionalni, kolegijum integrisane redakcije, po\u010deo je danas u 10 sati, povodom 18. ro\u0111endana dnevnog lista &#8222;Blic&#8220;.Kolegijum je po\u010deo \u0161alom, tako \u0161to je \u0110uzepe Manco, ambasador Italije u Beogradu, poklonio kravatu Svetomiru Marjanovi\u0107u, kao jednom od &#8222;predsedavaju\u0107ih na kolegijumu&#8220;. Ure\u0111ivanje sutra\u0161njih novina po\u010delo je od politike. Osniva\u010d NVO &#8222;Reformski savet&#8220; Bojan \u0110uri\u0107 [&hellip;]","protected":false},"author":1,"featured_media":0,"comment_status":"","ping_status":"","sticky":false,"template":"","format":"standard","meta":{"footnotes":""},"tags":[],"class_list":["post-7710","post","type-post","status-publish","format-standard","hentry"],"_links":{"self":[{"href":"https:\/\/ambbelgrado.esteri.it\/sr\/wp-json\/wp\/v2\/posts\/7710","targetHints":{"allow":["GET"]}}],"collection":[{"href":"https:\/\/ambbelgrado.esteri.it\/sr\/wp-json\/wp\/v2\/posts"}],"about":[{"href":"https:\/\/ambbelgrado.esteri.it\/sr\/wp-json\/wp\/v2\/types\/post"}],"author":[{"embeddable":true,"href":"https:\/\/ambbelgrado.esteri.it\/sr\/wp-json\/wp\/v2\/users\/1"}],"replies":[{"embeddable":true,"href":"https:\/\/ambbelgrado.esteri.it\/sr\/wp-json\/wp\/v2\/comments?post=7710"}],"version-history":[{"count":0,"href":"https:\/\/ambbelgrado.esteri.it\/sr\/wp-json\/wp\/v2\/posts\/7710\/revisions"}],"wp:attachment":[{"href":"https:\/\/ambbelgrado.esteri.it\/sr\/wp-json\/wp\/v2\/media?parent=7710"}],"wp:term":[{"taxonomy":"post_tag","embeddable":true,"href":"https:\/\/ambbelgrado.esteri.it\/sr\/wp-json\/wp\/v2\/tags?post=7710"}],"curies":[{"name":"wp","href":"https:\/\/api.w.org\/{rel}","templated":true}]}}