{"id":7652,"date":"2014-10-21T07:28:09","date_gmt":"2014-10-21T05:28:09","guid":{"rendered":"https:\/\/ambbelgrado.esteri.it\/news\/dall_ambasciata\/2014\/10\/settimana-lingua-italiana-2\/"},"modified":"2014-10-21T07:28:09","modified_gmt":"2014-10-21T05:28:09","slug":"settimana-lingua-italiana-2","status":"publish","type":"post","link":"https:\/\/ambbelgrado.esteri.it\/sr\/news\/dall_ambasciata\/2014\/10\/settimana-lingua-italiana-2\/","title":{"rendered":"XIV Nedelja italijanskog jezika u svetu: \u201enova Evropa\u201c u Srbiji se pi\u0161e na italijanskom. Donacija knjiga Univerzitetu u Beogradu"},"content":{"rendered":"<p><P><STRONG><IMG style=\"HEIGHT: 164px; WIDTH: 287px\" border=\"0\" alt=\"Donacija knjiga ambasadora Manca u ime Vlade Italije Katedri za italijanski jezik Univerziteta u Beogradu\" src=\"\/resource\/2014\/10\/2014_10_20AmbManzodonalibrisito1.jpg\" width=\"360\" height=\"204\"><\/STRONG><\/P><br \/>\n<P><STRONG><U><A href=\"https:\/\/www.flickr.com\/photos\/belgrado_italianembassy\/\">Galerija fotografija<\/A><\/U><\/STRONG><\/P><br \/>\n<P><STRONG>Ambasador Italije u Srbiji \u0110uzepe Manco danas je u ime Vlade Republike Italije uru\u010dio ud\u017ebenike gramatike i italijanske knji\u017eevnosti za predava\u010de i studente Katedre za italijanistiku Univerziteta u Beogradu kao simboli\u010dni \u010din po\u010detka XIV Nedelje italijanskog jezika u svetu.<\/STRONG><\/P><br \/>\n<P>\u00a0Donacija knjiga je uprili\u010dena tokom <STRONG>susreta \u201eNovi pisci, novi \u010ditaoci: nova Evropa<\/STRONG>\u201c koji je otvorio program manifestacija povodom XIV Nedelje italijanskog jezika, koju Italijanski institut za kulturu, predvo\u0111en g.\u0111om Sirom Miori, organizuje u Beogradu i u drugim gradovima Srbije. Nikola Savi\u0107 se danas na Beogradskom univerzitetu sreo sa studentima italijanskog jezika i knji\u017eevnosti i sa njima razgovarao o svom iskustvu mladog srpskog pisca koji je odneo pobedu u \u0161ou programu talenata \u201eMasterpiece\u201c sa svojim prvim romanom \u201eBolji \u017eivot\u201c, koji je napisan na italijanskom a nedavno je preveden i na srpski jezik.<\/P><br \/>\n<P>\u00a0\u201e<EM>Mladi Srbin koji dobija nagradu za knjigu napisanu na italijanskom jeziku pokazuje koliko je na\u0161 jezik aktuelan i u Srbiji, a knjige koje uru\u010dujemo su u isto vreme priznanje i ohrabrenje mladim Srbima da nastave da gaje interesovanje prema italijanskom jeziku, u zemlji u kojoj se prisustvo Italije meri kako privrednim tako i kulturnim parametrima\u201c, izjavio je <STRONG>ambasador Manco<\/STRONG><\/EM>, isti\u010du\u0107i smisao inicijative koja se uklapa u<STRONG> temu \u201ePisati novu Evropu\u201c (\u201eWriting the new Europe\u201c) kojoj je posve\u0107ena Nedelja italijanskog jezika u 2014. Godini.<\/STRONG><\/P><br \/>\n<P>\u00a0Knjige, uz drugi didakti\u010dki materijal koji je Ministarstvo spoljnih poslova Italije nabavilo i stavilo na raspolaganje, bi\u0107e dostupne u biblioteci Katedre za italijanistiku Filolo\u0161kog fakulteta u Beogradu. Odsek za italijanistiku Univerziteta u Beogradu trenutno poha\u0111a oko 1000 studenata a u poslednjih trideset godina preko 2000 studenata je diplomiralo italijanski jezik i knji\u017eevnost samo na Filolo\u0161kom fakultetu u Beogradu. Od \u0161kolske 2001\/2002 godine Katedra za italijanistiku je nadle\u017ena za nastavu italijanskog u \u0161kolskom sistemu Srbije sa oko 9000 \u0111aka i vi\u0161e od 100 predava\u010da u osnovnim i srednjim \u0161kolama (uklju\u010duju\u0107i i srpsko-italijansku bilingvalnu nastavu u Tre\u0107oj beogradskoj gimnaziji).<\/P><br \/>\n<P>\u00a0Kompletne informacije o manifestacijama koje organizuje Italijanski institut za kulturu u Beogradu, u okviru XIV Nedelje italijanskog jezika u svetu, mogu se na\u0107i na slede\u0107oj web adresi:<\/P><br \/>\n<P><A href=\"http:\/\/www.iicbelgrado.esteri.it\/IIC_Belgrado\/webform\/SchedaEvento.aspx?id=985\">http:\/\/www.iicbelgrado.esteri.it\/IIC_Belgrado\/webform\/SchedaEvento.aspx?id=985<\/A><\/P><br \/>\n<P>\u00a0<\/P><br \/>\n<P>\u00a0<\/P><\/p>\n","protected":false},"excerpt":{"rendered":"Galerija fotografija Ambasador Italije u Srbiji \u0110uzepe Manco danas je u ime Vlade Republike Italije uru\u010dio ud\u017ebenike gramatike i italijanske knji\u017eevnosti za predava\u010de i studente Katedre za italijanistiku Univerziteta u Beogradu kao simboli\u010dni \u010din po\u010detka XIV Nedelje italijanskog jezika u svetu. \u00a0Donacija knjiga je uprili\u010dena tokom susreta \u201eNovi pisci, novi \u010ditaoci: nova Evropa\u201c koji je [&hellip;]","protected":false},"author":1,"featured_media":0,"comment_status":"","ping_status":"","sticky":false,"template":"","format":"standard","meta":{"footnotes":""},"tags":[],"class_list":["post-7652","post","type-post","status-publish","format-standard","hentry"],"_links":{"self":[{"href":"https:\/\/ambbelgrado.esteri.it\/sr\/wp-json\/wp\/v2\/posts\/7652","targetHints":{"allow":["GET"]}}],"collection":[{"href":"https:\/\/ambbelgrado.esteri.it\/sr\/wp-json\/wp\/v2\/posts"}],"about":[{"href":"https:\/\/ambbelgrado.esteri.it\/sr\/wp-json\/wp\/v2\/types\/post"}],"author":[{"embeddable":true,"href":"https:\/\/ambbelgrado.esteri.it\/sr\/wp-json\/wp\/v2\/users\/1"}],"replies":[{"embeddable":true,"href":"https:\/\/ambbelgrado.esteri.it\/sr\/wp-json\/wp\/v2\/comments?post=7652"}],"version-history":[{"count":0,"href":"https:\/\/ambbelgrado.esteri.it\/sr\/wp-json\/wp\/v2\/posts\/7652\/revisions"}],"wp:attachment":[{"href":"https:\/\/ambbelgrado.esteri.it\/sr\/wp-json\/wp\/v2\/media?parent=7652"}],"wp:term":[{"taxonomy":"post_tag","embeddable":true,"href":"https:\/\/ambbelgrado.esteri.it\/sr\/wp-json\/wp\/v2\/tags?post=7652"}],"curies":[{"name":"wp","href":"https:\/\/api.w.org\/{rel}","templated":true}]}}