{"id":7646,"date":"2014-10-22T07:46:05","date_gmt":"2014-10-22T05:46:05","guid":{"rendered":"https:\/\/ambbelgrado.esteri.it\/news\/dall_ambasciata\/2014\/10\/prefetto-porzio-2\/"},"modified":"2014-10-22T07:46:05","modified_gmt":"2014-10-22T05:46:05","slug":"prefetto-porzio-2","status":"publish","type":"post","link":"https:\/\/ambbelgrado.esteri.it\/sr\/news\/dall_ambasciata\/2014\/10\/prefetto-porzio-2\/","title":{"rendered":"Pomo\u0107 Italije u borbi protiv svih vidova kriminala"},"content":{"rendered":"<p><img loading=\"lazy\" decoding=\"async\" style=\"height: 173px; width: 233px;\" src=\"\/resource\/2014\/10\/2014_10_21PorzioStefanovic04sito1.jpg\" alt=\"Prefekt Porcio i ministar Stefanovic \" width=\"357\" height=\"268\" border=\"0\" \/><\/p>\n<p style=\"text-align: justify;\">Beograd, 21. oktobar 2014. godine \u2013 Ministar unutra\u0161njih poslova u Vladi Republike Srbije <strong>Neboj\u0161a Stefanovi\u0107<\/strong> razgovarao je danas sa direktorom Kancelarije za koordinaciju i planiranje policijskih snaga Ministarstva unutra\u0161njih poslova Italije i direktorom za me\u0111unarodnu policijsku saradnju <strong>Anapaolom Porci<\/strong> o aktivnostima u okviru realizacije <strong>IPA projekta \u201eBorba protiv organizovanog kriminala i korupcije: me\u0111unarodna saradnja u krivi\u010dnom pravu\u201c.<\/strong><\/p>\n<p style=\"text-align: justify;\">Stefanovi\u0107 je ocenio da je saradnja ministarstava unutra\u0161njih poslova dveju zemalja na svim nivoima izuzetno dobra, i izrazio uverenje da postoji obostrana \u017eelja za njeno dalje unapre\u0111enje, posebno kroz razmenu iskustava i ekspertiza dveju strana.<\/p>\n<p style=\"text-align: justify;\">Govore\u0107i o procesu evropskih integracija, on je naveo da je taj proces glavni spoljnopoliti\u010dki prioritet Srbije, i naglasio da MUP Srbije \u010dini sve kako bi ispunio neophodne uslove za \u0161to ranije otvaranje Poglavlja 24, koje se odnosi na pravdu, slobodu i bezbednost.<\/p>\n<p style=\"text-align: justify;\">Ministar je rekao da je na\u0161a zemlja otvorena za svaku vrstu predloga i pomo\u0107i koju bi Italija, ali i ostale \u010dlanice EU bile spremne da pru\u017ee, uz ocenu da je imenovanje eksperata sa obe strane zadu\u017eenih za realizaciju ovog projekta od velikog zna\u010daja za njegovo uspe\u0161no sprovo\u0111enje.<\/p>\n<p style=\"text-align: justify;\"><img loading=\"lazy\" decoding=\"async\" style=\"height: 150px; width: 249px;\" src=\"\/resource\/2014\/10\/2014_10_21PorzioStefanovic07sito1.jpg\" alt=\"Prefekt Porcio u poseti Beogradu \" width=\"360\" height=\"191\" border=\"0\" \/><\/p>\n<p style=\"text-align: justify;\">U razgovoru je ukazano na to da su prevencija i borba protiv organizovanog prekograni\u010dnog kriminala op\u0161ti cilj koji \u0107e dovesti do razbijanja kriminalnih organizacija koje se bave nelegalnom trgovinom na prekograni\u010dnom nivou.<\/p>\n<p style=\"text-align: justify;\">Porci je, imaju\u0107i u vidu bogata iskustva MUP-a Italije u borbi protiv organizovanog kriminala, naro\u010dito te\u0161kih kra\u0111a, falsifikovanja isprava, nedozvoljene trgovine drogama i ilegalnih transfera migranata, naglasila da je Italija spremna da Ministarstvu unutra\u0161njih poslova Srbije pru\u017ei svaki vid pomo\u0107i.<\/p>\n<p><em>(izvor: saop\u0161tenje Ministarstva unutra\u0161njih poslova Republike Srbije<\/em>)<\/p>\n<p><strong><span style=\"text-decoration: underline;\"><a href=\"https:\/\/www.flickr.com\/photos\/belgrado_italianembassy\/\">Galerija fotografija<\/a><\/span><\/strong><\/p>\n","protected":false},"excerpt":{"rendered":"Beograd, 21. oktobar 2014. godine \u2013 Ministar unutra\u0161njih poslova u Vladi Republike Srbije Neboj\u0161a Stefanovi\u0107 razgovarao je danas sa direktorom Kancelarije za koordinaciju i planiranje policijskih snaga Ministarstva unutra\u0161njih poslova Italije i direktorom za me\u0111unarodnu policijsku saradnju Anapaolom Porci o aktivnostima u okviru realizacije IPA projekta \u201eBorba protiv organizovanog kriminala i korupcije: me\u0111unarodna saradnja u [&hellip;]","protected":false},"author":1,"featured_media":0,"comment_status":"","ping_status":"","sticky":false,"template":"","format":"standard","meta":{"footnotes":""},"tags":[],"class_list":["post-7646","post","type-post","status-publish","format-standard","hentry"],"_links":{"self":[{"href":"https:\/\/ambbelgrado.esteri.it\/sr\/wp-json\/wp\/v2\/posts\/7646","targetHints":{"allow":["GET"]}}],"collection":[{"href":"https:\/\/ambbelgrado.esteri.it\/sr\/wp-json\/wp\/v2\/posts"}],"about":[{"href":"https:\/\/ambbelgrado.esteri.it\/sr\/wp-json\/wp\/v2\/types\/post"}],"author":[{"embeddable":true,"href":"https:\/\/ambbelgrado.esteri.it\/sr\/wp-json\/wp\/v2\/users\/1"}],"replies":[{"embeddable":true,"href":"https:\/\/ambbelgrado.esteri.it\/sr\/wp-json\/wp\/v2\/comments?post=7646"}],"version-history":[{"count":0,"href":"https:\/\/ambbelgrado.esteri.it\/sr\/wp-json\/wp\/v2\/posts\/7646\/revisions"}],"wp:attachment":[{"href":"https:\/\/ambbelgrado.esteri.it\/sr\/wp-json\/wp\/v2\/media?parent=7646"}],"wp:term":[{"taxonomy":"post_tag","embeddable":true,"href":"https:\/\/ambbelgrado.esteri.it\/sr\/wp-json\/wp\/v2\/tags?post=7646"}],"curies":[{"name":"wp","href":"https:\/\/api.w.org\/{rel}","templated":true}]}}