{"id":7640,"date":"2014-10-24T09:15:39","date_gmt":"2014-10-24T07:15:39","guid":{"rendered":"https:\/\/ambbelgrado.esteri.it\/news\/dall_ambasciata\/2014\/10\/orizio-2\/"},"modified":"2014-10-24T09:15:39","modified_gmt":"2014-10-24T07:15:39","slug":"orizio-2","status":"publish","type":"post","link":"https:\/\/ambbelgrado.esteri.it\/sr\/news\/dall_ambasciata\/2014\/10\/orizio-2\/","title":{"rendered":"Direktor za Balkan u Ministarstvu spoljnih poslova Italije, Andrea \u00a0Oricio, u Beogradu sa ministrom spoljnih poslova Ivicom Dacicem: Kontinuirana podrska Italije evropskom putu Srbije. Regionalni skup dokaz zrelosti svih aktera."},"content":{"rendered":"<p><P><STRONG>Kontinuirana podr\u0161ka Italije evropskom putu Srbije<\/STRONG><\/P><P><IMG border=\"0\" alt=\"\u0110uzepe Manco, Andrea Oricio i Ivica Da\u010di\u0107\" src=\"\/resource\/2014\/10\/2014_10_ManzoOrizioeDacic1.jpg\"><\/P><br \/>\n<P>Beograd, 23. oktobar 2014. godine \u2013 Prvi potpredsednik Vlade Republike Srbije i ministar spoljnih poslova <STRONG>Ivica Da\u010di\u0107<\/STRONG> razgovarao je sa direktorom za Balkan u Ministarstvu spoljnih poslova Italije <STRONG>Andreom Oriciom<\/STRONG>, koji \u0107e kao specijalni predstavnik italijanskog predsedavanja EU u\u010destvovati na dana\u0161njem neformalnom sastanku ministara spoljnih poslova i ekonomije zapadnog Balkana u Beogradu.<\/P><br \/>\n<P>U razgovoru je izra\u017eeno zadovoljstvo visokim nivoom bilateralnih odnosa Srbije i Italije, pri \u010demu je Da\u010di\u0107 preneo zahvalnost na kontinuiranoj podr\u0161ci koju ta zemlja pru\u017ea Srbiji u procesu evropskih integracija. <\/P><br \/>\n<P>Oricio je potvrdio da \u0107e Italija nastaviti da podr\u017eava Srbiju na njenom putu ka Evropskoj uniji.<\/P><br \/>\n<P>U domenu multilateralne saradnje konstatovano je da je predsedavanje Srbije OEBS-u, izme\u0111u ostalog, va\u017eno za potvr\u0111ivanje uloge na\u0161e zemlje kao faktora stabilnosti u regionu i pouzdanog me\u0111unarodnog partnera. <\/P><br \/>\n<P>Na sastanku je razmatrano i pitanje saradnje u okviru Jadransko-jonske inicijative, a istaknut je i zna\u010daj zajedni\u010dke saradnje u okviru <STRONG>Strategije za Jadransko\u2013jonski region<\/STRONG>.<\/P><br \/>\n<P>Da\u010di\u0107u je uru\u010den i formalni poziv za promociju tog dokumenta, koja \u0107e biti odr\u017eana 18. novembra u Briselu.<\/P><br \/>\n<P><EM>(saopstenje Ministarstva spoljnih poslova Republike Srbije)<\/EM><\/P><br \/>\n<P><IMG border=\"0\" alt=\"Direktor za Balkan ministarstva spoljnih poslova Italije Andrea Oricio sa ministrom spoljnih poslova Srbije Ivicom Da\u010di\u0107em\" src=\"\/resource\/2014\/10\/2014_10_incontroOrizioeDacic1.jpg\"><BR>&#8211;<\/P><br \/>\n<P><STRONG>Agencija TANJUG<BR><\/STRONG><BR><STRONG>Oracio: Regionalni skup u Beogradu dokaz zrelosti svih aktera<\/STRONG><\/P><br \/>\n<P><IMG style=\"HEIGHT: 131px; WIDTH: 308px\" border=\"0\" alt=\"Neformalni sastanak \u0161efova diplomatije i ministara privrede zemalja regiona (foto TANJUG)\" src=\"\/resource\/2014\/10\/2014_10_23ConferenzaregionaleOrizio1.jpg\" width=\"511\" height=\"212\"><\/P><br \/>\n<P>BEOGRAD &#8211; Specijalni izaslanik italijanskog predsedavanja EU Andrea Oricio izjavio je da dana\u0161nji neformalni sastanak \u0161efova diplomatije i ministara privrede zemalja regiona jasno svedo\u010di o zrelosti svih aktera, oceniv\u0161i da je re\u010d o istorijskom doga\u0111aju za Zapadni Balkan.<\/P><br \/>\n<P>&#8222;Ovaj skup je dokaz da epizoda sa utakmicom Srbija-Albanija mo\u017ee da se prevazi\u0111e&#8220;, rekao je Oricio u izjavi Tanjugu na marginama konferencije.<\/P><br \/>\n<P>Prema njegovim re\u010dima, ovaj skup je dokaz ozbiljnog rada i posve\u0107enosti vlasti u Beogradu.<BR>&#8222;Ovde su svi danas i to jasno svedo\u010di o zrelosti svih aktera u regionu i to je veoma va\u017ean korak za prilike u ovom delu Evrope&#8220;, dodao je italijanski zvani\u010dnik.<\/P><br \/>\n<P>Oricio, koji je i direktor za Balkan u Ministarstvu spoljnih poslova Italije, ocenio je da je konferencija u Beogradu istorijski doga\u0111aj koji, izme\u0111u ostalog, dokazuje da dijalog Beograda i Pri\u0161tine napreduje i daje rezultate.<\/P><br \/>\n<P>Osim napretka u dijalogu sa Pri\u0161tinom, Oricio podse\u0107a da je izuzetno va\u017eno da na\u0161a zemlja nastavi sa reformskim kursom.<\/P><br \/>\n<P>Upitan kako zvani\u010dni Rim gleda na ulogu Srbije na Zapadnom Balkanu, Oricio je odgovorio da je Srbija za njegovu zemlju klju\u010dna za stabilizaciju prilika u regionu.<\/P><br \/>\n<P>Prema njegovim re\u010dima, Srbija ima veoma va\u017enu ulogu i u napredovanju svih zemalja regiona u procesu evropskih integracija.<\/P><br \/>\n<P>Italijanski diplomata nije \u017eeleo da govori o tome koja bi pregovara\u010dka poglavlja mogla prva da budu otvorena u pristupnim pregovorima Srbije sa EU, ali je istakao da Italija, kao trenutno predsedavaju\u0107a zemlja EU, izuzetno vrednuje napore koje srpske vlasti preduzimaju.<BR>&#8222;Srbija je uradila odli\u010dan posao, ali ima jo\u0161 puno toga da se uradi u predstoje\u0107em periodu kako bi sve \u010dlanice EU bile uverene u to da je va\u0161a zemlja spremna da otvori prva poglavlja&#8220;, ukazao je Oricio.<\/P><br \/>\n<P>Prema njegovim re\u010dima, posao Italije kao predsedavaju\u0107e EU je da u to uveri druge zemlje \u010dlanice EU.<\/P><br \/>\n<P>Oricio je ponovio stav zvani\u010dnog Rima da je potpuno posve\u0107en evropskoj perspektivi svih zemalja regiona.<BR>&#8222;Dana\u0161nji skup je, ponavljam, dokaz da Srbija vodi konzistentnu politiku i da je fokusirana na sprovo\u0111enje su\u0161tinskih reformi poput onih u ekonomskoj oblasti, ali i da \u017eeli da se povezuje sa drugima&#8220;, zaklju\u010dio je italijanski zvani\u010dnik.<\/P><br \/>\n<P><A href=\"http:\/\/www.youtube.com\/user\/BelgradoAmbIta\">VIDEO galerija<\/A><\/P><br \/>\n<P>&#8212;-<\/P><br \/>\n<P><A href=\"\/resource\/2014\/10\/Conferenzaregionale23ottobreJointStatement1.pdf\">Joint Statement<\/A><\/P><br \/>\n<P>&#8212;<\/P><br \/>\n<P>vest <STRONG>BLIC on-line: <A href=\"http:\/\/www.blic.rs\/Vesti\/Politika\/505080\/OricioRegionalni-skup-u-Beogradu-dokaz-zrelosti-svih-aktera\">http:\/\/www.blic.rs\/Vesti\/Politika\/505080\/OricioRegionalni-skup-u-Beogradu-dokaz-zrelosti-svih-aktera<\/A><BR><\/STRONG><\/P><\/p>\n","protected":false},"excerpt":{"rendered":"Kontinuirana podr\u0161ka Italije evropskom putu Srbije Beograd, 23. oktobar 2014. godine \u2013 Prvi potpredsednik Vlade Republike Srbije i ministar spoljnih poslova Ivica Da\u010di\u0107 razgovarao je sa direktorom za Balkan u Ministarstvu spoljnih poslova Italije Andreom Oriciom, koji \u0107e kao specijalni predstavnik italijanskog predsedavanja EU u\u010destvovati na dana\u0161njem neformalnom sastanku ministara spoljnih poslova i ekonomije zapadnog [&hellip;]","protected":false},"author":1,"featured_media":0,"comment_status":"","ping_status":"","sticky":false,"template":"","format":"standard","meta":{"footnotes":""},"tags":[],"class_list":["post-7640","post","type-post","status-publish","format-standard","hentry"],"_links":{"self":[{"href":"https:\/\/ambbelgrado.esteri.it\/sr\/wp-json\/wp\/v2\/posts\/7640","targetHints":{"allow":["GET"]}}],"collection":[{"href":"https:\/\/ambbelgrado.esteri.it\/sr\/wp-json\/wp\/v2\/posts"}],"about":[{"href":"https:\/\/ambbelgrado.esteri.it\/sr\/wp-json\/wp\/v2\/types\/post"}],"author":[{"embeddable":true,"href":"https:\/\/ambbelgrado.esteri.it\/sr\/wp-json\/wp\/v2\/users\/1"}],"replies":[{"embeddable":true,"href":"https:\/\/ambbelgrado.esteri.it\/sr\/wp-json\/wp\/v2\/comments?post=7640"}],"version-history":[{"count":0,"href":"https:\/\/ambbelgrado.esteri.it\/sr\/wp-json\/wp\/v2\/posts\/7640\/revisions"}],"wp:attachment":[{"href":"https:\/\/ambbelgrado.esteri.it\/sr\/wp-json\/wp\/v2\/media?parent=7640"}],"wp:term":[{"taxonomy":"post_tag","embeddable":true,"href":"https:\/\/ambbelgrado.esteri.it\/sr\/wp-json\/wp\/v2\/tags?post=7640"}],"curies":[{"name":"wp","href":"https:\/\/api.w.org\/{rel}","templated":true}]}}