{"id":7625,"date":"2014-10-29T09:25:01","date_gmt":"2014-10-29T08:25:01","guid":{"rendered":"https:\/\/ambbelgrado.esteri.it\/news\/dall_ambasciata\/2014\/10\/fiera-del-libro-tatjana-djerkovic-2\/"},"modified":"2014-10-29T09:25:01","modified_gmt":"2014-10-29T08:25:01","slug":"fiera-del-libro-tatjana-djerkovic-2","status":"publish","type":"post","link":"https:\/\/ambbelgrado.esteri.it\/sr\/news\/dall_ambasciata\/2014\/10\/fiera-del-libro-tatjana-djerkovic-2\/","title":{"rendered":"Prezentacija italijanskog romana\u00a0Tijane Djerkovi\u0107\u00a0na Sajmu knjiga u Beogradu"},"content":{"rendered":"<p><P>Najnovije izdanje Albatrosplusa, roman &#8222;Skloni ljubavi&#8220; Tijane M. \u0110erkovi\u0107, predstavljen je posetiocima u prisustvu autorke i izdava\u010da. Skloni ljubavi je balkanska saga o tri generacije crnogorske porodice Vukovi\u0107a tokom sto dvadeset godina srpske istorije. Tijana M. \u0110erkovi\u0107 je za knjigu Skloni ljubavi dobila 2014. godine nagradu grada Kunea (Pijemonte) za prvi roman.<\/P><P><IMG border=\"0\" alt=\"Sajam knjiga u Beogradu, prezentacija Djerkovi\u0107\" src=\"\/resource\/2014\/10\/FieralibroBelgradopresentazioneDjerkovic2.jpg\"><\/P><br \/>\n<P><BR><A href=\"http:\/\/www.europa.rs\/mediji\/najnovije-vesti\/4767\/O+predsedavanju+EU+i+Erazmus+plus+programu+na+%C5%A1tandu+EU+na+Sajmu+knjiga.html\">http:\/\/www.europa.rs\/mediji\/najnovije-vesti\/4767\/O+predsedavanju+EU+i+Erazmus+plus+programu+na+%C5%A1tandu+EU+na+Sajmu+knjiga.html<\/A><\/P><br \/>\n<P><EM><STRONG><U><A href=\"https:\/\/www.flickr.com\/photos\/belgrado_italianembassy\/\">GALERIJA FOTOGRAFIJA<\/A><\/U><\/STRONG><\/EM><\/P><\/p>\n","protected":false},"excerpt":{"rendered":"Najnovije izdanje Albatrosplusa, roman &#8222;Skloni ljubavi&#8220; Tijane M. \u0110erkovi\u0107, predstavljen je posetiocima u prisustvu autorke i izdava\u010da. Skloni ljubavi je balkanska saga o tri generacije crnogorske porodice Vukovi\u0107a tokom sto dvadeset godina srpske istorije. Tijana M. \u0110erkovi\u0107 je za knjigu Skloni ljubavi dobila 2014. godine nagradu grada Kunea (Pijemonte) za prvi roman. http:\/\/www.europa.rs\/mediji\/najnovije-vesti\/4767\/O+predsedavanju+EU+i+Erazmus+plus+programu+na+%C5%A1tandu+EU+na+Sajmu+knjiga.html GALERIJA FOTOGRAFIJA","protected":false},"author":1,"featured_media":0,"comment_status":"","ping_status":"","sticky":false,"template":"","format":"standard","meta":{"footnotes":""},"tags":[],"class_list":["post-7625","post","type-post","status-publish","format-standard","hentry"],"_links":{"self":[{"href":"https:\/\/ambbelgrado.esteri.it\/sr\/wp-json\/wp\/v2\/posts\/7625","targetHints":{"allow":["GET"]}}],"collection":[{"href":"https:\/\/ambbelgrado.esteri.it\/sr\/wp-json\/wp\/v2\/posts"}],"about":[{"href":"https:\/\/ambbelgrado.esteri.it\/sr\/wp-json\/wp\/v2\/types\/post"}],"author":[{"embeddable":true,"href":"https:\/\/ambbelgrado.esteri.it\/sr\/wp-json\/wp\/v2\/users\/1"}],"replies":[{"embeddable":true,"href":"https:\/\/ambbelgrado.esteri.it\/sr\/wp-json\/wp\/v2\/comments?post=7625"}],"version-history":[{"count":0,"href":"https:\/\/ambbelgrado.esteri.it\/sr\/wp-json\/wp\/v2\/posts\/7625\/revisions"}],"wp:attachment":[{"href":"https:\/\/ambbelgrado.esteri.it\/sr\/wp-json\/wp\/v2\/media?parent=7625"}],"wp:term":[{"taxonomy":"post_tag","embeddable":true,"href":"https:\/\/ambbelgrado.esteri.it\/sr\/wp-json\/wp\/v2\/tags?post=7625"}],"curies":[{"name":"wp","href":"https:\/\/api.w.org\/{rel}","templated":true}]}}