{"id":7619,"date":"2014-10-29T09:52:32","date_gmt":"2014-10-29T08:52:32","guid":{"rendered":"https:\/\/ambbelgrado.esteri.it\/news\/dall_ambasciata\/2014\/10\/impegno-italia-apertura-primo-capitolo-negoziato-ue-2\/"},"modified":"2014-10-29T09:52:32","modified_gmt":"2014-10-29T08:52:32","slug":"impegno-italia-apertura-primo-capitolo-negoziato-ue-2","status":"publish","type":"post","link":"https:\/\/ambbelgrado.esteri.it\/sr\/news\/dall_ambasciata\/2014\/10\/impegno-italia-apertura-primo-capitolo-negoziato-ue-2\/","title":{"rendered":"Ambasador Manco: Italija predla\u017ee otvaranje prvog poglavlja u decembru"},"content":{"rendered":"<p><P><STRONG>(Tanjug)<\/STRONG> \u2013 Italija je spremna da pomogne Srbiji da u decembru otvori prvo pregovara\u010dko poglavlje u procesu pristupanja EU, rekao je danas ambasador Italije u Beogradu <STRONG>\u0110uzepe Manco<\/STRONG>.<BR><BR>\u201c<EM>Italija, kao predsedavaju\u0107a Savetom EU, spremna je da pomogne Srbiji da otvori prvo poglavlje u pregovorima sa EU. Italija ima to u agenda i to pitanje bi\u0107e na stolu<\/EM>\u201d, rekao je Manco tokom <STRONG>debate o ulozi predsedavanja Savetom EU<\/STRONG>, koja je odr\u017eana <STRONG>na \u0161tandu EU na beogradskom Sajmu knjiga.<BR><BR><\/STRONG>Italijanski ambasador je istakao da nema \u201czamora\u201d od pro\u0161irenja EU, ali da vreme otvaranja pregovara\u010dkih poglavlja ne zavisi od Italije, nego od odluke svih dr\u017eava \u010dlanica, budu\u0107i da se sve odluke o pro\u0161irenju EU donose konsenzusom.<BR>Manco je naveo i da je Beograd postigao \u201cistorijski va\u017ean\u201d sporazum sa Pri\u0161tinom o normalizaciji odnosa.<BR><BR>Govore\u0107i o ulozi rotiraju\u0107eg predsedni\u0161tva EU, \u0161ef delegacije EU u Srbiji <STRONG>Majkl Davenport<\/STRONG> rekao je da je predsedni\u0161tvo \u201cvoza\u010d\u201d kada je re\u010d o politici pro\u0161irenja, u kojoj \u201cmotor\u201d predstavlja Evropska komisija.<BR><BR>Italijanski ambasador je napomenuo da \u0107e njegova sada\u0161nja \u0161efica, ministarka spoljnih poslova Italije Federika Mogerini, za tri dana zvani\u010dno preuzeti du\u017eost \u0161efa evropske diplomatije i time postati \u0161efica Davenportu, i da je upravo Mogerini osoba \u010diji broj telefona treba pozvati \u201cza razgovor sa Evropom\u201d.<BR><BR><STRONG><U><IMG style=\"HEIGHT: 210px; WIDTH: 329px\" border=\"0\" alt=\"Na Sajmu knjiga o ulozi predsedavanja Evropskom unijom \" src=\"\/resource\/2014\/10\/2014_10_28Fieralibro04persito1.JPG\" width=\"360\" height=\"268\"><BR><BR><A href=\"https:\/\/www.flickr.com\/photos\/belgrado_italianembassy\/\">FOTO GALERIJA<\/A><\/U><\/STRONG><BR>&#8212;<\/P><P>O ulozi predsedni\u0161tva EU sa studentima Foruma za diplomatiju i me\u0111unarodne odnose Fakulteta politi\u010dkih nauka razgovarali su \u0161ef Delegacije EU u Srbiji, ambasador Majkl Devenport i ambasador Italije kao zemlje predsedavaju\u0107e EU u ovom semestru, \u0110uzepe Manco. <BR>Govore\u0107i o ulozi rotiraju\u0107eg predsedni\u0161tva EU, Devenport je rekao da je predsedni\u0161tvo &#8222;voza\u010d&#8220; kada je re\u010d o politici pro\u0161irenja, u kojoj &#8222;motor&#8220; predstavlja Evropska komisija. Ambasador Manco objasnio je da je Italija, kao predsedavaju\u0107i EU, spremna da pomogne Srbiji da u decembru otvori prvo pregovara\u010dko poglavlje u procesu pristupanja EU. &#8222;Italija, kao predsedavaju\u0107a Savetom EU, spremna je da pomogne Srbiji da otvori prvo poglavlje u pregovorima sa EU. Italija ima to u agendi i to pitanje bi\u0107e na stolu&#8220;, rekao je Manco. Italijanski ambasador je napomenuo da \u0107e njegova sada\u0161nja \u0161efica, ministarka spoljnih poslova Italije Federika Mogerini, za tri dana zvani\u010dno preuzeti du\u017eost \u0161efa evropske diplomatije i time postati \u0161efica Davenportu, i da je upravo Mogerini osoba \u010diji broj telefona treba pozvati &#8222;za razgovor sa Evropom&#8220;.<\/P><br \/>\n<P>(sa sajta Delegacije UE <A href=\"http:\/\/www.europa.rs\/mediji\/najnovije-vesti\/4767\/O+predsedavanju+EU+i+Erazmus+plus+programu+na+%C5%A1tandu+EU+na+Sajmu+knjiga.html\">http:\/\/www.europa.rs\/mediji\/najnovije-vesti\/4767\/O+predsedavanju+EU+i+Erazmus+plus+programu+na+%C5%A1tandu+EU+na+Sajmu+knjiga.html<\/A>)<\/P><br \/>\n<P>\u00a0<\/P><\/p>\n","protected":false},"excerpt":{"rendered":"(Tanjug) \u2013 Italija je spremna da pomogne Srbiji da u decembru otvori prvo pregovara\u010dko poglavlje u procesu pristupanja EU, rekao je danas ambasador Italije u Beogradu \u0110uzepe Manco.\u201cItalija, kao predsedavaju\u0107a Savetom EU, spremna je da pomogne Srbiji da otvori prvo poglavlje u pregovorima sa EU. Italija ima to u agenda i to pitanje bi\u0107e na [&hellip;]","protected":false},"author":1,"featured_media":0,"comment_status":"","ping_status":"","sticky":false,"template":"","format":"standard","meta":{"footnotes":""},"tags":[],"class_list":["post-7619","post","type-post","status-publish","format-standard","hentry"],"_links":{"self":[{"href":"https:\/\/ambbelgrado.esteri.it\/sr\/wp-json\/wp\/v2\/posts\/7619","targetHints":{"allow":["GET"]}}],"collection":[{"href":"https:\/\/ambbelgrado.esteri.it\/sr\/wp-json\/wp\/v2\/posts"}],"about":[{"href":"https:\/\/ambbelgrado.esteri.it\/sr\/wp-json\/wp\/v2\/types\/post"}],"author":[{"embeddable":true,"href":"https:\/\/ambbelgrado.esteri.it\/sr\/wp-json\/wp\/v2\/users\/1"}],"replies":[{"embeddable":true,"href":"https:\/\/ambbelgrado.esteri.it\/sr\/wp-json\/wp\/v2\/comments?post=7619"}],"version-history":[{"count":0,"href":"https:\/\/ambbelgrado.esteri.it\/sr\/wp-json\/wp\/v2\/posts\/7619\/revisions"}],"wp:attachment":[{"href":"https:\/\/ambbelgrado.esteri.it\/sr\/wp-json\/wp\/v2\/media?parent=7619"}],"wp:term":[{"taxonomy":"post_tag","embeddable":true,"href":"https:\/\/ambbelgrado.esteri.it\/sr\/wp-json\/wp\/v2\/tags?post=7619"}],"curies":[{"name":"wp","href":"https:\/\/api.w.org\/{rel}","templated":true}]}}