{"id":7613,"date":"2014-11-03T09:30:25","date_gmt":"2014-11-03T08:30:25","guid":{"rendered":"https:\/\/ambbelgrado.esteri.it\/news\/dall_ambasciata\/2014\/11\/4-novembre-2\/"},"modified":"2014-11-03T09:30:25","modified_gmt":"2014-11-03T08:30:25","slug":"4-novembre-2","status":"publish","type":"post","link":"https:\/\/ambbelgrado.esteri.it\/sr\/news\/dall_ambasciata\/2014\/11\/4-novembre-2\/","title":{"rendered":"U Beogradu 4. novembra brojne prilike za podse\u0107anje na italijanske pale borce"},"content":{"rendered":"<p><P><STRONG>Prvi svetski rat: italijansko herojstvo i solidarnost. U Beogradu 4. novembra brojne prilike za podse\u0107anje na italijanske pale borce. Predsednik vlade Vu\u010di\u0107 otkriva spomen plo\u010du na italijanskom vojnom groblju.<BR><BR><\/STRONG>Ove godine obele\u017eava se sto godina od izbijanja Prvog svetskog rata: Italija pridaje posebnu va\u017enost komemorativnim manifestacijama koje \u0107e se odr\u017eati <STRONG>4. novembra \u2013 na Dan oru\u017eanih snaga<\/STRONG>, kada \u0107emo se podsetiti i italijanskih vojnika stradalih u Velikom ratu \u2013 u Beogradu, gradu u kome na Vojnom groblju u ulici Svetog Nikole po\u010divaju tela 1.063 italijanska vojnika. U znak se\u0107anja na italijanske pale borce, sto godina od Velikog rata, Ambasada u Beogradu i kancelarija vojnog ata\u0161ea organizovali su celodnevni program de\u0161avanja za 4. novembar.<BR><BR>Program po\u010dinje u 10.00 \u010dasova <STRONG>na Italijanskom vojnom groblju sve\u010danom komemoracijom<\/STRONG> u okviru koje \u0107e biti polo\u017een venac na glavnom oltaru, a zatim \u0107e <STRONG>predsednik Vlade Republike Srbije Aleksandar Vu\u010di\u0107 i ambasador Italije \u0110uzepe Manco otkriti spomen plo\u010du stogodi\u0161njice Prvog svetskog rata<\/STRONG> u prisustvu voda italijanskih kopljanika u tradicionalnim uniformama svoga puka iz Kodroipa u Furlaniji Veneciji Juliji.<BR><BR>U 12.30 \u010dasova u novoj zgradi Jugoslovenske kinoteke (Uzun Mirkova 1) sledi sve\u010dano <STRONG>otvaranje izlo\u017ebe fotografija pod nazivom \u201eZa srpsku vojsku \u2013 jedna zaboravljena pri\u010da\u201c.<\/STRONG> Izlo\u017eba inspirisana knjigom novinarke Mile Mihajlovi\u0107 u kojoj se govori o izuzetno va\u017enoj operaciji spa\u0161avanja srpske vojske koju je u zimu 1915-1916 izvela Kraljevska italijanska mornarica. Herojskim podvigom italijanskih oru\u017eanih snaga \u2013 koji je posle Prvog svetskog rata zaboravljen usled onda\u0161njih neslaganja izme\u0111u Italije i Kraljevine Srba, Hrvata i Slovenaca oko teritorija u Istri i Dalmaciji \u2013 preba\u010deno je na drugu obalu Jadranskog mora oko 300.000 vojnika, izbeglica i politi\u010dkog i vojnog vrha srpske dr\u017eave nakon \u0161to su Centralne sile probile srpski front.<BR><BR>Nakon prijema u rezidenciji italijanskog ambasadora dan komemoracije zavr\u0161i\u0107e se <STRONG>u 21.00 \u010das u Jogoslovenskoj kinoteci pretpremijernim prikazivanjem ostvarenja \u201eVrati\u0107e se livade\u201c Ermana Olmija<\/STRONG> (Maestro Ermanno Olmi). Film, \u010dija se radnja<BR>de\u0161ava 1917. godine na boji\u0161tima u severoisto\u010dnoj Italiji, bi\u0107e prikazan istovremeno u gotovo sto dr\u017eava \u0161irom sveta u okviru obele\u017eavanja stogodi\u0161njice Prvog svetskog rata. U Rimu, projekciji filma prisustvova\u0107e predsednik Italije \u0110or\u0111o Napolitano.<\/P><P>\u00a0<\/P><\/p>\n","protected":false},"excerpt":{"rendered":"Prvi svetski rat: italijansko herojstvo i solidarnost. U Beogradu 4. novembra brojne prilike za podse\u0107anje na italijanske pale borce. Predsednik vlade Vu\u010di\u0107 otkriva spomen plo\u010du na italijanskom vojnom groblju.Ove godine obele\u017eava se sto godina od izbijanja Prvog svetskog rata: Italija pridaje posebnu va\u017enost komemorativnim manifestacijama koje \u0107e se odr\u017eati 4. novembra \u2013 na Dan oru\u017eanih [&hellip;]","protected":false},"author":1,"featured_media":0,"comment_status":"","ping_status":"","sticky":false,"template":"","format":"standard","meta":{"footnotes":""},"tags":[],"class_list":["post-7613","post","type-post","status-publish","format-standard","hentry"],"_links":{"self":[{"href":"https:\/\/ambbelgrado.esteri.it\/sr\/wp-json\/wp\/v2\/posts\/7613","targetHints":{"allow":["GET"]}}],"collection":[{"href":"https:\/\/ambbelgrado.esteri.it\/sr\/wp-json\/wp\/v2\/posts"}],"about":[{"href":"https:\/\/ambbelgrado.esteri.it\/sr\/wp-json\/wp\/v2\/types\/post"}],"author":[{"embeddable":true,"href":"https:\/\/ambbelgrado.esteri.it\/sr\/wp-json\/wp\/v2\/users\/1"}],"replies":[{"embeddable":true,"href":"https:\/\/ambbelgrado.esteri.it\/sr\/wp-json\/wp\/v2\/comments?post=7613"}],"version-history":[{"count":0,"href":"https:\/\/ambbelgrado.esteri.it\/sr\/wp-json\/wp\/v2\/posts\/7613\/revisions"}],"wp:attachment":[{"href":"https:\/\/ambbelgrado.esteri.it\/sr\/wp-json\/wp\/v2\/media?parent=7613"}],"wp:term":[{"taxonomy":"post_tag","embeddable":true,"href":"https:\/\/ambbelgrado.esteri.it\/sr\/wp-json\/wp\/v2\/tags?post=7613"}],"curies":[{"name":"wp","href":"https:\/\/api.w.org\/{rel}","templated":true}]}}