{"id":7590,"date":"2014-11-17T11:12:43","date_gmt":"2014-11-17T10:12:43","guid":{"rendered":"https:\/\/ambbelgrado.esteri.it\/news\/dall_ambasciata\/2014\/11\/ambasciatore-manzo-su-rtv-2\/"},"modified":"2014-11-17T11:12:43","modified_gmt":"2014-11-17T10:12:43","slug":"ambasciatore-manzo-su-rtv-2","status":"publish","type":"post","link":"https:\/\/ambbelgrado.esteri.it\/sr\/news\/dall_ambasciata\/2014\/11\/ambasciatore-manzo-su-rtv-2\/","title":{"rendered":"Ambasador Manco u gostima kod RTV"},"content":{"rendered":"<p><P>\u201cTV serijal <EM>Upoznajmo ambasadore<\/EM> je na tragu humanih poruka o nenasilnom re\u0161avanju problema u okviru na\u0161e civilizacije i otkriva nam tip ljudi koji, u diplomatskoj misiji, iz celog sveta dolaze da rade u Srbiju.<BR>Upoznajemo ambasadore stranih zemalja u Srbiji&#8230;<BR>Dolaskom u rezidenciju ambasadora, zapo\u010dinjemo razgovore koji nisu direktno politi\u010dki i ti\u010du se diplomatskog anga\u017eovanja u Srbiji.\u201d<BR><EM>preuzeto iz prezentacije serijala <BR>scenaristi serijala: Branislava Kova\u010devi\u0107 i \u017deljko Mirkovi\u0107<BR>reditelj: \u017deljko Mirkovi\u0107<\/EM><\/P><P><A href=\"http:\/\/media.rtv.rs\/sr_lat\/specijali\/8796\">http:\/\/media.rtv.rs\/sr_lat\/specijali\/8796<\/A><\/P><\/p>\n","protected":false},"excerpt":{"rendered":"\u201cTV serijal Upoznajmo ambasadore je na tragu humanih poruka o nenasilnom re\u0161avanju problema u okviru na\u0161e civilizacije i otkriva nam tip ljudi koji, u diplomatskoj misiji, iz celog sveta dolaze da rade u Srbiju.Upoznajemo ambasadore stranih zemalja u Srbiji&#8230;Dolaskom u rezidenciju ambasadora, zapo\u010dinjemo razgovore koji nisu direktno politi\u010dki i ti\u010du se diplomatskog anga\u017eovanja u Srbiji.\u201dpreuzeto [&hellip;]","protected":false},"author":1,"featured_media":0,"comment_status":"","ping_status":"","sticky":false,"template":"","format":"standard","meta":{"footnotes":""},"tags":[],"class_list":["post-7590","post","type-post","status-publish","format-standard","hentry"],"_links":{"self":[{"href":"https:\/\/ambbelgrado.esteri.it\/sr\/wp-json\/wp\/v2\/posts\/7590","targetHints":{"allow":["GET"]}}],"collection":[{"href":"https:\/\/ambbelgrado.esteri.it\/sr\/wp-json\/wp\/v2\/posts"}],"about":[{"href":"https:\/\/ambbelgrado.esteri.it\/sr\/wp-json\/wp\/v2\/types\/post"}],"author":[{"embeddable":true,"href":"https:\/\/ambbelgrado.esteri.it\/sr\/wp-json\/wp\/v2\/users\/1"}],"replies":[{"embeddable":true,"href":"https:\/\/ambbelgrado.esteri.it\/sr\/wp-json\/wp\/v2\/comments?post=7590"}],"version-history":[{"count":0,"href":"https:\/\/ambbelgrado.esteri.it\/sr\/wp-json\/wp\/v2\/posts\/7590\/revisions"}],"wp:attachment":[{"href":"https:\/\/ambbelgrado.esteri.it\/sr\/wp-json\/wp\/v2\/media?parent=7590"}],"wp:term":[{"taxonomy":"post_tag","embeddable":true,"href":"https:\/\/ambbelgrado.esteri.it\/sr\/wp-json\/wp\/v2\/tags?post=7590"}],"curies":[{"name":"wp","href":"https:\/\/api.w.org\/{rel}","templated":true}]}}