{"id":7580,"date":"2014-11-18T12:47:15","date_gmt":"2014-11-18T11:47:15","guid":{"rendered":"https:\/\/ambbelgrado.esteri.it\/news\/dall_ambasciata\/2014\/11\/gentiloni-su-iai-2\/"},"modified":"2014-11-18T12:47:15","modified_gmt":"2014-11-18T11:47:15","slug":"gentiloni-su-iai-2","status":"publish","type":"post","link":"https:\/\/ambbelgrado.esteri.it\/sr\/news\/dall_ambasciata\/2014\/11\/gentiloni-su-iai-2\/","title":{"rendered":"U Briselu konferencija povodom pokretanja Strategije EU za Jadransko-jonski region"},"content":{"rendered":"<p><P><STRONG><EM><IMG style=\"HEIGHT: 231px; WIDTH: 363px\" border=\"0\" alt=\"Konferencija o pokretanju inicijative Jadransko-jonskog regiona\" src=\"\/resource\/2014\/11\/1938840206546b39a005948706828817_orig2.jpg\" width=\"512\" height=\"268\"><\/EM><\/STRONG><\/P><P><STRONG><EM>TANJUG<\/EM><\/STRONG>:<\/P><br \/>\n<P>BRISEL &#8211; <STRONG>\u0160ef srpske diplomatije Ivica Da\u010di\u0107 rekao je danas u Briselu da su reformske aktivnosti koje Vlada Srbije intenzivno sprovodi u svim segmentima dru\u0161tva u funkciji doprinosa punoj afirmaciji glavnog spoljnopoliti\u010dkog cilja &#8211; \u010dlanstva u EU<\/STRONG><\/P><br \/>\n<P>&#8222;Prvenstveno bih izdvojio aktivnosti koje se odnose na dalju izgradnju \u0161to efikasnijih i izazovima modernog dru\u0161tva prilago\u0111enih institucionalnih kapaciteta. Srbija, kao zemlja kandidat za \u010dlanstvo u EU, nastoji da u punoj meri koristi sve raspolo\u017eive mogu\u0107nosti za \u0161to te\u0161nju saradnju sa Unijom i njenim \u010dlanicama, a u cilju ubrzanja procesa na\u0161e evropske integracije i ekonomskog i socijalnog oporavka zemlje&#8220;, rekao je Da\u010di\u0107 na Konferencije povodom pokretanja Strategije EU za Jadransko-jonski region.<\/P><br \/>\n<P>Kako je dodao, Srbija je u proteklom periodu nedvosmisleno potvrdila svoju posve\u0107enost evropskom putu, ja\u010danju regionalne saradnje i dobrosusedskih odnosa, kao i normalizaciji odnosa sa Pri\u0161tinom i primeni postignutih dogovora u dijalogu Beograda i Pri\u0161tine.<\/P><br \/>\n<P>&#8222;\u010clanstvo Srbije u EU nije samo po sebi cilj, ve\u0107 evropsku integraciju vidimo, prvenstveno, kao instrument podsticaja sprovo\u0111enju reformi i modernizaciji u svim oblastima dru\u0161tva i dr\u017eave. U tom smislu zapo\u010dete politi\u010dke i ekonomske reforme imaju sna\u017ean podstrek upravo u procesu evropskih integracija, a svoju, i budu\u0107nost regiona, vidimo u EU&#8220;, rekao je Da\u010di\u0107.<\/P><br \/>\n<P>On je obavestio u\u010desnike skupa da je Srbija, da bi mogla na odgovoran i kvalitetan na\u010din da sprovodi zahtevan proces primene Strategije Evropske unije za Jadransko-jonski region, u finalnoj fazi osnivanja posebnog radnog tela Vlade &#8211; Radne grupe za saradnju sa Evropskom unijom u Jadransko-jonskom regionu.<\/P><br \/>\n<P>Zadatak Radne grupe bi\u0107e da koordinira sve aktivnosti vezane za Strategiju EU za Jadransko-jonski region, a imaju\u0107i u vidu da je Srbija jedina od osam dr\u017eava \u010dlanica Strategije koja nema direktan izlaz na more, Da\u010di\u0107 je istakao da je na\u0161a zemlja spremna na aktivan pristup i anga\u017eman institucija kako bi adekvatno promovisali zna\u010daj funkcionalne i sinergetske povezanosti morskog priobalja sa kontinentalnim zale\u0111em regiona, pre svega na planu umre\u017eavanja transportnih i energetskih koridora.<\/P><br \/>\n<P>Prema njegovim re\u010dima, Srbija Strategiju EU za Jadransko-jonski region vidi kao veoma dobar okvir za produbljeniju prakti\u010dnu saradnju kako sa zemljama \u010dlanicama EU, tako i zemljama partnerima iz na\u0161eg regiona koje, tako\u0111e, poput nas, te\u017ee \u010dlanstvu u Uniju.<\/P><br \/>\n<P>&#8222;Strategija predstavlja dokument koji potvr\u0111uje da samo saradnjom, razvojem dobrih infrastrukturnih, ekonomskih i kulturnih veza, mo\u017eemo posti\u0107i konkretne rezultate u zajedni\u010dkim aktivnostima koje sprovodimo i koje predstoje, i doprineti ostvarivanju klju\u010dnih ekonomskih ciljeva&#8220;, rekao je Da\u010di\u0107.<\/P><br \/>\n<P>Ti ciljevi su, kako je naglasio, da makroekonomski sistemi u regionu funkcioni\u0161u u skladu sa visokim standardima EU, da se infrastruktura u regionu razvija \u0161to je osnov razvoja i u drugim oblastima, da poslovno okru\u017eenje bude predvidivo i stabilno, da iskoristimo na najbolji na\u010din komparativne prednosti koje imamo na lokalnim, ali i na evropskom tr\u017ei\u0161tu, i da svaki gra\u0111anin taj boljitak \u0161to skorije po\u010dne da ose\u0107a u svom svakodnevnom \u017eivotu.<\/P><br \/>\n<P>&#8211;<\/P><br \/>\n<P><STRONG>BLIC &#8211; Da\u010di\u0107: Srbiji potreban pristup moru<BR><\/STRONG><BR>Ministar spoljnih poslova Srbije Ivica Da\u010di\u0107 najavi o je danas u Briselu formiranje Radne grupe za saradnju s Evropskom unijom u Jadransko-jonskom regionu, u cilju razvoja infrastrukture, turizma i celokupne ekonomije i pove\u0107anja investicija. Na konferenciji povodom pokretanja Strategije EU za Jadransko-jonski region, Da\u010di\u0107 je rekao da je osnivanje posebnog radnog tela Vlade Srbije u finalnoj fazi i da \u0107e zadatak te grupe biti koordinacija svih aktivnosti vezanih za primenu te strategije.<BR>\u00a0<BR>On je istakao da Srbija Strategiju EU vidi kao veoma dobar okvir za produbljeniju prakti\u010dnu saradnju sa dr\u017eavama \u010dlanicama EU, kao i sa zemljama iz regiona koje, takodje, te\u017ee \u010dlanstvu u Uniji.<BR><BR>&#8211; Korisnost Strategije EU za Jadransko-jonski region sagledavamo pre svega u kontekstu preno\u0161enja najboljih iskustava iz prakse EU, identifikovanja i realizacije zajedni\u010dkih interesa, ja\u010danja dr\u017eavne i lokalne uprave kroz programe obuke i konkretne projekte saradnje, posebno na planu razvoja infrastrukture, turizma i pove\u0107anja investicionih ulaganja koja su jedan od klju\u010dnih elemenata za ja\u010danje ekonomskih sistema &#8211; kazao je Da\u010di\u0107.<BR><BR>Savet ministara EU je 29. septembra odobrio Strategiju za jadransko-jonski region, koja predvi\u0111a saradnju \u010dlanica Unije i zemalja Zapadnog Balkana u razvoju infrastrukture, pomorstva, za\u0161tite \u017eivotne sredine i turizma. Strategija obuhvata osam zemalja regiona &#8211; Albaniju, Bosnu i Hercegovinu, Crnu Goru, Srbiju, kao i \u010dlanice EU &#8211; Hrvatsku, Gr\u010dku, Italiju i Sloveniju.<BR><BR>&#8211; Imaju\u0107i u vidu da je Srbija jedina od osam dr\u017eava \u010dlanica Strategije koja nema direktan izlaz na more, \u017eelim da istaknem da smo spremni na aktivan pristup i anga\u017eman na\u0161ih institucija, kako bismo adekvatno promovisali zna\u010daj\u00a0\u00a0 funkcionalne i sinergetske povezanosti morskog priobalja s kontinentalnim zale\u0111em regiona, pre svega na planu umre\u017eavanja transportnih i energetskih koridora &#8211; istakao je Da\u010di\u0107.<BR><BR>Strategija, po njegovim re\u010dima, potvr\u0111uje da se samo saradnjom, razvojem dobrih infrastrukturnih, ekonomskih i kulturnih veza, mogu ostvariti klju\u010dni ekonomski ciljevi: uskla\u0111ivanje makroekonomskih sistema s visokim standardima EU, razvoj infrastrukture u regionu, stabilnost poslovnog okru\u017eenja i ostvarenje boljitka koji \u0107e svaki gra\u0111anin \u0161to skorije osetiti u svakodnevnom \u017eivotu. <BR><BR>Po jedna \u010dlanica EU i jedna zemlja na putu ka Uniji \u0107e uskla\u0111ivati rad na jednom od \u010detiri elementa Akcionog plana Strategije. Srbija i Italija su zadu\u017eene za pitanja saobra\u0107ajnih i energetskih mre\u017ea regiona, Gr\u010dka i Crna Gora za &#8222;plavi rast&#8220; &#8211; razvoj ekonomije zasnovane na morskim bogatstvima, dok \u0107e Slovenija i BiH koordinisati rad na za\u0161titi \u017eivotne sredine, a Hrvatska i Albanija na razvoju turizma.<\/P><br \/>\n<P>&#8211;<\/P><br \/>\n<P><STRONG>RTV &#8211; Ministri podr\u017eali Strategiju EU za Jadransko-jonski region<BR><\/STRONG>\u00a0<BR>Ministri spoljnih poslova osam zemalja regiona na dana\u0161njem sastanku u Briselu dali su punu politi\u010dku podr\u0161ku sprovo\u0111enju Strategije za Jadransko-jonski region koju je usvojila Evropska komisija (EUSAIR), saop\u0161tilo je Ministarstvo spoljnih poslova Srbije.<BR>\u0160ef srpske diplomatije Ivica Da\u010di\u0107 koji je u\u010destvovao na sastanku najavio je formiranje Radne grupe za saradnju sa EU u Jadransko-jonskom regionu, radi razvoja infrastrukture, turizma i celokupne ekonomije i pove\u0107anja investicija.<BR><BR>Pored ministara inostranih poslova dr\u017eava \u010dlanica Strategije, na konferenciji su u\u010destvovali i predstavnici institucija Evropske unije, nacionalnih i regionalnih tela zadu\u017eenih za upravljanje fondovima EU, kao i drugi akteri odgovorni za sprovo\u0111enje Strategije.<BR>Savet ministara EU je 29. septembra odobrio Strategiju za jadransko-jonski region, koja predvi\u0111a saradnju \u010dlanica Unije i zemalja Zapadnog Balkana u razvoju infrastrukture, pomorstva, za\u0161tite \u017eivotne sredine i turizma.<BR><BR>Strategija obuhvata osam zemalja regiona &#8211; Albaniju, Bosnu i Hercegovinu, Crnu Goru, Srbiju, kao i \u010dlanice EU &#8211; Hrvatsku, Gr\u010dku, Italiju i Sloveniju.<BR><BR><STRONG>Han: Nisam tra\u017eio sankcije protiv Rusije<\/STRONG><BR><BR>Evropski komesar za susedstvo i pregovore o pro\u0161irenju Johanes Han izjavio je danas da nije tra\u017eio da Srbija uvede sankcije Rusiji i da to pitanje nije povezano sa otvaranjem poglavlja u procesu pro\u0161irenja. &#8222;Nisam tra\u017eio da se Srbija pridru\u017ei evropskim sankcijama protiv Rusije&#8220;, rekao je Han novinarima nakon sastanka sa \u0161efom srpske diplomatije Ivicom Da\u010di\u0107em u Briselu.<BR>Evropski komesar je rekao da je spoljna politika Srbije bila jedna od tema dana\u0161njih razgovora sa Da\u010di\u0107em, ali je naglasio da su odluke te vrste suverena stvar srpske vlade. &#8222;Sankcije i otvaranje poglavlja u pregovara\u010dkom procesu nisu ni u kakvoj vezi&#8220;, naglasio je Han i izrazio o\u010dekivanje da \u0107e prva poglavlja biti otvorena u najskorijoj budu\u0107nosti.<BR><BR>Da\u010di\u0107 je, na konferenciji za novinare, potvrdio da ne postoji eksplicitan zahtev da se protiv Rusije uvedu sankcije, mada u Briselu o\u010dekuju da Srbija do stupanja u \u010dlanstvo usaglasi svoju spoljnu politiku sa EU. &#8222;Mi se nadamo da \u0107emo vrlo brzo otvoriti poglavlje 32 koje se odnosi na finansijsku kontrolu&#8220;, rekao je Da\u010di\u0107 i dodao da skoro sve \u010dlanice EU to podr\u017eavaju. Me\u0111utim, ukazao je Da\u010di\u0107, Nema\u010dka zasad insistira da se prvo otvori poglavlja 35, koje se ti\u010de Kosova, i poglavlja 23 i 24 o vladavini prava.<BR>&#8222;To nema nikakve veze sa sankcijama protiv Rusije&#8220;, rekao je Da\u010di\u0107.<BR><BR>Upitan da objasni nedavno zajedni\u010dke vojne ve\u017ebe Srbije i Rusije u svetlu ukrajinske krize, Da\u010di\u0107 je naglasio da je Srbija neutralna zemlja koja vojno sara\u0111uje i ve\u017eba kako sa ruskom, tako i sa ameri\u010dkom i mnogim drugim vojskama. &#8222;Nekima bi tra\u017eili obja\u0161njenje i ako ruski hor do\u0111e da peva u Srbiji&#8220;, naveo je Da\u010di\u0107. Komesar Han je na konferenciji za novinare izrazio razumevanje za ovaj stav, uz podse\u0107anje da je njegova domovina, Austrija, tako\u0111e neutralna zemlja. Da\u010di\u0107 i Han su nakon dana\u0161njeg susreta u Briselu izjavili da se raduju nastavku razgovora kada Han u \u010detvrtak poseti Beograd.<BR>\u00a0<BR><\/P><br \/>\n<P><BR><BR>\u00a0<\/P><\/p>\n","protected":false},"excerpt":{"rendered":"TANJUG: BRISEL &#8211; \u0160ef srpske diplomatije Ivica Da\u010di\u0107 rekao je danas u Briselu da su reformske aktivnosti koje Vlada Srbije intenzivno sprovodi u svim segmentima dru\u0161tva u funkciji doprinosa punoj afirmaciji glavnog spoljnopoliti\u010dkog cilja &#8211; \u010dlanstva u EU &#8222;Prvenstveno bih izdvojio aktivnosti koje se odnose na dalju izgradnju \u0161to efikasnijih i izazovima modernog dru\u0161tva prilago\u0111enih [&hellip;]","protected":false},"author":1,"featured_media":0,"comment_status":"","ping_status":"","sticky":false,"template":"","format":"standard","meta":{"footnotes":""},"tags":[],"class_list":["post-7580","post","type-post","status-publish","format-standard","hentry"],"_links":{"self":[{"href":"https:\/\/ambbelgrado.esteri.it\/sr\/wp-json\/wp\/v2\/posts\/7580","targetHints":{"allow":["GET"]}}],"collection":[{"href":"https:\/\/ambbelgrado.esteri.it\/sr\/wp-json\/wp\/v2\/posts"}],"about":[{"href":"https:\/\/ambbelgrado.esteri.it\/sr\/wp-json\/wp\/v2\/types\/post"}],"author":[{"embeddable":true,"href":"https:\/\/ambbelgrado.esteri.it\/sr\/wp-json\/wp\/v2\/users\/1"}],"replies":[{"embeddable":true,"href":"https:\/\/ambbelgrado.esteri.it\/sr\/wp-json\/wp\/v2\/comments?post=7580"}],"version-history":[{"count":0,"href":"https:\/\/ambbelgrado.esteri.it\/sr\/wp-json\/wp\/v2\/posts\/7580\/revisions"}],"wp:attachment":[{"href":"https:\/\/ambbelgrado.esteri.it\/sr\/wp-json\/wp\/v2\/media?parent=7580"}],"wp:term":[{"taxonomy":"post_tag","embeddable":true,"href":"https:\/\/ambbelgrado.esteri.it\/sr\/wp-json\/wp\/v2\/tags?post=7580"}],"curies":[{"name":"wp","href":"https:\/\/api.w.org\/{rel}","templated":true}]}}