{"id":7545,"date":"2014-12-02T10:59:56","date_gmt":"2014-12-02T09:59:56","guid":{"rendered":"https:\/\/ambbelgrado.esteri.it\/news\/dall_ambasciata\/2014\/12\/stefanovic-a-roma-2\/"},"modified":"2014-12-02T10:59:56","modified_gmt":"2014-12-02T09:59:56","slug":"stefanovic-a-roma-2","status":"publish","type":"post","link":"https:\/\/ambbelgrado.esteri.it\/sr\/news\/dall_ambasciata\/2014\/12\/stefanovic-a-roma-2\/","title":{"rendered":"Ministar unutra\u0161njih poslova Neboj\u0161a Stefanovi\u0107 u poseti Rimu"},"content":{"rendered":"<p><img loading=\"lazy\" decoding=\"async\" style=\"height: 208px; width: 314px;\" src=\"\/resource\/2014\/12\/StefanovicAlfano1fotoKurir.jpg\" alt=\"Stefanovic i Alfano u Rimu\" width=\"496\" height=\"335\" border=\"0\" \/><\/p>\n<p style=\"text-align: justify;\"><strong>TANJUG<\/strong>: Stefanovi\u0107: Srbija u\u017eiva podr\u0161ku Italije na putu ka EU<\/p>\n<p>RIM, 1. decembar 2014.\u00a0&#8211; Ministar unutra\u0161njih poslova Neboj\u0161a Stefanovi\u0107 izjavio je danas, nakon sastanka sa prvim potpredsednikom italijanske vlade An\u0111elinom Alfanom u Rimu, da Srbija u\u017eiva veliku podr\u0161ku te zemlje na putu ka EU. <\/p>\n<p>Ministarstvo unutra\u0161njih poslova Italije nastavi\u0107e da podr\u017eava Srbiju u otvaranju svih poglavlja, a naro\u010dito poglavlja 24 u kojem su pravda, sloboda, bezbednost, a koje ujedno predstavlja fokus MUP Srbije u pregovorima sa Evropskom unijom, rekao je Stefanovi\u0107. <\/p>\n<p>Kako prenosi MUP u saop\u0161tenju, Stefanovi\u0107 je sa Alfanom razgovarao o formiranju zajedni\u010dkih istra\u017enih timova koji \u0107e se efikasnije boriti protiv organizovanog kriminala i korupcije, kao i terorizma i ilegalnih migracija. <\/p>\n<p>Ministar je ukazao da kao zemlja kandidat za \u010dlanstvo u EU Srbija ula\u017ee velike napore na ja\u010danju strate\u0161kih kapaciteta u borbi protiv negativnih tokova dana\u0161njice. <\/p>\n<p>Stefanovi\u0107 je rekao da susret sa italijanskim ministrom predstavlja potvrdu \u010dvrste opredeljenosti da zajedni\u010dkom saradnjom poka\u017eemo privr\u017eenost principima i vrednostima savremenog sveta, po\u0161tovanju ljudskih prava, unapre\u0111enja demokratskih sloboda i sveukupne me\u0111unardone bezbednosti i stabilnosti. <\/p>\n<p>Prema Stefanovi\u0107evim re\u010dima, poseta Rimu ima veliki zna\u010daj i zbog va\u017enog skupa &#8222;IPA projekti Zapadni Balkan&#8220; koji bi trebalo da pomognu u ja\u010danju kapaciteta MUP-a i pobolj\u0161aju efikasnije sprovo\u0111enje zajedni\u010dkih istraga i razmenu informacija, prilikom krivi\u010dnog gonjenja kriminalnih grupa, uklju\u010duju\u0107i prekograni\u010dne kriminalne organizacije.<\/p>\n<p>&#8211;<\/p>\n<p style=\"text-align: justify;\"><strong>SASTANAK U RIMU: Stefanovi\u0107 sa Alfanom o zajedni\u010dkoj borbi protiv kriminala<\/strong><\/p>\n<p style=\"text-align: justify;\">(<strong><em>Kurir<\/em><\/strong>) Razgovarano je o formiranju zajedni\u010dkih istra\u017enih timova radi efikasnije borbe protiv organizovanog kriminala, korupcije, terorizma i ilegalnih migracija. <\/p>\n<p>Ministar unutra\u0161njih poslova Neboj\u0161a Stefanovi\u0107 razgovaro je danas u Rimu sa ministrom unutra\u0161njih poslova Italije An\u0111elinom Alfanom o formiranju zajedni\u010dkih istra\u017enih timova radi efikasnije borbe protiv organizovanog kriminala, korupcije, terorizma i ilegalnih migracija. <\/p>\n<p>Stefanovi\u0107 je nakon sastanka sa Alfanom rekao da je ova poseta Rimu jo\u0161 jedan korak ka u\u010dvr\u0161\u0107ivanju dobrih odnosa Srbije i Italije, kao i da Srbija u\u017eiva veliku podr\u0161ku Italije na putu ka EU, saop\u0161tio je MUP Srbije. Ministarstvo unutra\u0161njih poslova Italije nastavi\u0107e da podr\u017eava Srbiju u otvaranju svih poglavlja, a naro\u010dito poglavlja 24, koje se odnosi na Pravdu, slobodu i bezbednost, navodi se u saop\u0161tenju. <\/p>\n<p>Dodaje se da to poglavlje &#8222;ujedno predstavlja fokus MUP Srbije u pregovorima sa Evropskom unijom, naro\u010dito nakon povoljnih komentara na Akcioni plan&#8220; Srbije. <\/p>\n<p>Stefanovi\u0107 je ocenio da njegova poseta Rimu ima veliki zna\u010daj i zbog skupa &#8222;IPA projekti Zapadni Balkan&#8220; koji bi, kako se navodi, trebalo da pomognu u ja\u010danju kapaciteta Ministarstva unutra\u0161njih poslova i pobolj\u0161aju efikasnije sprovo\u0111enje zajedni\u010dkih istraga i razmenu informacija, prilikom krivi\u010dnog gonjenja kriminalnih grupa, uklju\u010duju\u0107i prekograni\u010dne kriminalne organizacije.<\/p>\n","protected":false},"excerpt":{"rendered":"TANJUG: Stefanovi\u0107: Srbija u\u017eiva podr\u0161ku Italije na putu ka EU RIM, 1. decembar 2014.\u00a0&#8211; Ministar unutra\u0161njih poslova Neboj\u0161a Stefanovi\u0107 izjavio je danas, nakon sastanka sa prvim potpredsednikom italijanske vlade An\u0111elinom Alfanom u Rimu, da Srbija u\u017eiva veliku podr\u0161ku te zemlje na putu ka EU. Ministarstvo unutra\u0161njih poslova Italije nastavi\u0107e da podr\u017eava Srbiju u otvaranju svih [&hellip;]","protected":false},"author":1,"featured_media":0,"comment_status":"","ping_status":"","sticky":false,"template":"","format":"standard","meta":{"footnotes":""},"tags":[],"class_list":["post-7545","post","type-post","status-publish","format-standard","hentry"],"_links":{"self":[{"href":"https:\/\/ambbelgrado.esteri.it\/sr\/wp-json\/wp\/v2\/posts\/7545","targetHints":{"allow":["GET"]}}],"collection":[{"href":"https:\/\/ambbelgrado.esteri.it\/sr\/wp-json\/wp\/v2\/posts"}],"about":[{"href":"https:\/\/ambbelgrado.esteri.it\/sr\/wp-json\/wp\/v2\/types\/post"}],"author":[{"embeddable":true,"href":"https:\/\/ambbelgrado.esteri.it\/sr\/wp-json\/wp\/v2\/users\/1"}],"replies":[{"embeddable":true,"href":"https:\/\/ambbelgrado.esteri.it\/sr\/wp-json\/wp\/v2\/comments?post=7545"}],"version-history":[{"count":0,"href":"https:\/\/ambbelgrado.esteri.it\/sr\/wp-json\/wp\/v2\/posts\/7545\/revisions"}],"wp:attachment":[{"href":"https:\/\/ambbelgrado.esteri.it\/sr\/wp-json\/wp\/v2\/media?parent=7545"}],"wp:term":[{"taxonomy":"post_tag","embeddable":true,"href":"https:\/\/ambbelgrado.esteri.it\/sr\/wp-json\/wp\/v2\/tags?post=7545"}],"curies":[{"name":"wp","href":"https:\/\/api.w.org\/{rel}","templated":true}]}}