{"id":7539,"date":"2014-12-09T15:40:45","date_gmt":"2014-12-09T14:40:45","guid":{"rendered":"https:\/\/ambbelgrado.esteri.it\/news\/dall_ambasciata\/2014\/12\/vucic-a-roma-2\/"},"modified":"2014-12-09T15:40:45","modified_gmt":"2014-12-09T14:40:45","slug":"vucic-a-roma-2","status":"publish","type":"post","link":"https:\/\/ambbelgrado.esteri.it\/sr\/news\/dall_ambasciata\/2014\/12\/vucic-a-roma-2\/","title":{"rendered":"Premijer Vu\u010di\u0107 u poseti Rimu \u00a0\u00a0"},"content":{"rendered":"<p><strong><img loading=\"lazy\" decoding=\"async\" style=\"height: 208px; width: 298px;\" src=\"\/resource\/2014\/12\/2014_12_10VucicconNapolitanofotopiccola1.jpg\" alt=\"Premijer Vu\u010di\u0107 sa predsednikom Italije Napolitanom\" width=\"360\" height=\"269\" border=\"0\" \/>\u00a0\u00a0\u00a0\u00a0\u00a0 <\/strong><img loading=\"lazy\" decoding=\"async\" style=\"height: 205px; width: 304px;\" src=\"\/resource\/2014\/12\/AVuciciMateoRencizasajt1.jpg\" alt=\"Premijeri Mateo Renci i Aleksandar Vucic\" width=\"411\" height=\"241\" border=\"0\" \/><\/p>\n<p><strong>Vu\u010di\u0107: Jasna i nedvosmislena podr\u0161ka Rima<\/strong><\/p>\n<p style=\"text-align: justify;\"><strong>(<em>TANJUG<\/em>)<\/strong> RIM &#8211; Premijer Srbije Aleksandar Vu\u010di\u0107 izjavio je danas u Rimu da Srbija u\u017eiva jasnu i nedvosmislenu podr\u0161ku Italije na svom evropskom putu, ali i u okviru bilateralnih odnosa, i ponovio da ne\u0107e nikoga u EU da moli za otvaranje pregovara\u010dkih poglavlja.<\/p>\n<p style=\"text-align: justify;\">&#8222;Rekao sam (Mateu) Renciju da smo veoma zahvalni na na\u010dinu na koji nas Italija podr\u017eava, da nikoga ni\u0161ta ne molimo, da ni na koga nikada nismo ljuti, pa i na one koji od Srbije ponekad mo\u017eda od Srbije tra\u017ee i vi\u0161e od onoga \u0161to je mogu\u0107e, da verujemo da \u0107e na\u0161e reforme dati rezultate&#8220;, rekao je Vu\u010di\u0107 novinarima u Rimu.<\/p>\n<p style=\"text-align: justify;\">On je rekao da je Italija tra\u017eila otvaranje poglavlja do kraja godine, da su doneli rezoluciju u parlamentu, i da \u0107e i u Evropskom parlamentu izraziti svoju \u017eelju i pokazati jasnu privr\u017eenst i por\u0161ku Srbiji na njenom evropskom putu.<br \/>&#8222;Ja sam rekao Renciju da nisam i ne\u0107u nikoga da molim ni za \u0161ta. U ime Srbije bih bio u stanju da molim \u0161ta god ho\u0107ete, ali za otvaranje datuma ne\u0107u da molim nikoga. I mislim da su na\u0161i italijanski doma\u0107ini i prijatelji to odli\u010dno razumeli i mislim da su to svi i te kako dobro razumeli&#8220;, naglasio je Vu\u010di\u0107.<\/p>\n<p style=\"text-align: justify;\">On je rekao, da za razliku od nekih u prethodnim godinama, ne\u0107e imati nameru da se dodvorava ni svom narodu ni bilo kome drugom.<br \/>&#8222;Ako vi niste videli za \u0161est meseci velike reforme, a video ih je jedan Mateo Renci i mnogi svetski lideri, i vide ih od Zakona o radu, o ste\u010daju, penzijama, do mera fiskalne konsolidacije i aran\u017emana sa MMF, ako to sve niste videli i ako to nije bilo dovoljno, pa izvinite \u0161ta \u017eelite da vas molimo. Ka\u017eite. Ima ne\u0161to oko Kosova &#8211; pa ka\u017eite \u0161ta, da vidimo mo\u017eemo li ili ne mo\u017eemo. Ovako na \u0107utanje ne umem da odgovaram i ne\u0107u da molim nikoga ni\u0161ta&#8220;, poru\u010dio je Vu\u010di\u0107.<\/p>\n<p style=\"text-align: justify;\">On je ocenio da su razgovori sa italijanskim kolegom bili izvanredni i o budu\u0107nosti Srbije u Evropi i o bilateralnim odnosima i tome kako da Srbija privu\u010de jo\u0161 vi\u0161e italijanskih investitora.<\/p>\n<p style=\"text-align: justify;\">Prema njegovim re\u010dima, Italija je najve\u0107i trgovinski partner Srbije, a trgovinska razmena je tri milijarde 567 miliona evra.<br \/>&#8222;O\u010dekujemo da je pove\u0107amo u narednom periodu. Mislim da imao dobre izglede, dogovorili smo se da Mateo Renci u aprilu poseti Beograd, u maju \u0107emo mi na EXPO u Milano. U\u010dvr\u0161\u0107iva\u0107mo odnose i pribli\u017eava\u0107emo dve zemlje&#8220;, reako je Vu\u010di\u0107, dodav\u0161i da je bio odu\u0161evljen energijom italijanskog premijera.<\/p>\n<p style=\"text-align: justify;\">&#8222;On mi je rekao jednu veliku stvar, rekao je to i \u0110or\u0111o Napolitano (predsednik Italije), ali posebno nagla\u0161avam na\u010din na koji je to rekao Renci: nastavite sa reformama jer to pokazuje i energiju i ideale i \u017eelju da ne\u0161to promenite a ne samo da se neko odr\u017eava na vlasti a da se ni\u0161ta ne de\u0161ava&#8220;, rekao je Vu\u010di\u0107.<\/p>\n<p style=\"text-align: justify;\">Prema njegovim re\u010dima, Srbija je veliku podr\u0161ku po tom pitanju dobila i od Napolitana, koji je rekao da je veoma va\u017eno da &#8222;izdr\u017eimo na tom polju&#8220; i da Srbija bude ne samo pristojna i normalna, ve\u0107 moderna i uspe\u0161na zemlja.<br \/>&#8222;I mi \u0107emo to da uradimo&#8220;, poru\u010dio je Vu\u010di\u0107.<\/p>\n<p style=\"text-align: justify;\">Vu\u010di\u0107 je rekao da je u Rimu razgovarao sa predsednicom MMF Kristinom Lagard, predstavnicima italijanskih kompanija.<br \/>&#8222;Ferero i Kremonini dolaze u Srbiju, Geox je ve\u0107 prisutan, ove godine treba da po\u010dne da radi fabrika sa 1.200 zaposlenih u Vranju.. Sve je na dobrom putu, sve funkcioni\u0161e. O\u010dekujem dolazak i velikog broja biznismena sa Rencijem u Beograd &#8222;, dodao je Vu\u010di\u0107.<\/p>\n<p style=\"text-align: justify;\">Prema njegovim re\u010dima, jedna od tema razgovora je bio i projekat Ju\u017eni tok.<\/p>\n<p style=\"text-align: justify;\">&#8222;Razgovarali smo o tome kako da na\u0111emo re\u0161enje za budu\u0107nost kada je re\u010d o energetskoj bezbednosti. Renci mi je govorio o \u010demu oni razmi\u0161ljaju, mi moramo da napravimo prora\u010dune i da vidimo \u0161ta je to najisplativije za Srbiju. Nekako su Srbija i Ma\u0111arska u najte\u017eoj poziciji, ali \u0107emo na\u0107i re\u0161enje i na\u0161i gra\u0111ani po tom pitanju ne treba da brinu&#8220;, rekao je Vu\u010di\u0107.<\/p>\n<p style=\"text-align: justify;\">Kako je saop\u0161tila Kancelarija Vlade Srbije za saradnju s medijima, italijanski premijer je naglasio da je Italiji odnos sa Srbijom veoma va\u017ean, kao i da \u0107e Italija biti najva\u017eniji partner Srbije na putu ka EU.<\/p>\n<p style=\"text-align: justify;\">Renci je istakao da je ekonomska saradnja dve zemlje od velikog zna\u010daja i predlo\u017eio da se u aprilu naredne godine u Beogradu odr\u017ei poslovni forum. Italijanski premijer se zalo\u017eio za \u0161to ve\u0107e u\u010de\u0161\u0107e srpskih kompanija na EXPO 2015 u maju mesecu u Milanu, navedeno je u saop\u0161tenju.<\/p>\n<p style=\"text-align: justify;\"><strong>Vu\u010di\u0107 sa Napolitanom o reformama<\/strong><\/p>\n<p style=\"text-align: justify;\">Premijer Srbije Aleksandar Vu\u010di\u0107 razgovarao je danas u Rimu sa predsednikom Italije \u0110or\u0111om Napolitanom i tom prilikom ga obavestio o reformama koje je Srbija zapo\u010dela i o statusu procesa pridru\u017eivanja EU.<\/p>\n<p style=\"text-align: justify;\">Vu\u010di\u0107 je naglasio da je Srbija uspela da o\u010duva unutra\u0161nju stabilnost, uprkos te\u0161kim reformama koje sprovodi, kao i da postane stub stabilnosti u regionu Zapadnog Balkana.<\/p>\n<p style=\"text-align: justify;\">&#8222;Italija je u 2013. postala najve\u0107i trgovinski partner Srbije i ja o\u010dekujem da \u0107emo u 2014. godini imati pove\u0107anje trgovinske saradnje. Srbija smatra Italiju svojim iskrenim prijateljem&#8220;, istakao je Vu\u010di\u0107 zahvaliv\u0161i na podr\u0161ci i razumevanju koje Italija pru\u017ea Srbiji u procesu evropskih integracija.<\/p>\n<p style=\"text-align: justify;\">Napolitano je pohvalio reforme koje sprovodi srpska Vlada i savetovao premijeru Vu\u010di\u0107u da je va\u017eno izdr\u017eati, bez obzira na te\u017einu reformi a narodu Srbije poslati jasnu poruku da reforme, kako god te\u0161ke bile, u bliskoj budu\u0107nosti donose bolji \u017eivot.<\/p>\n<p style=\"text-align: justify;\">Napolitano je istakao da je Italija pru\u017eala punu podr\u0161ku Srbiji u procesu evroatlanskih integracija i dodao da \u0107e Italija nastaviti da insistira kod evropskih partnera kako bi proces prijema Srbije u EU bio \u0161to pre okon\u010dan, sap\u0161tila je Kancelarija Vlade Srbije za saradnju s medijima.<\/p>\n<p style=\"text-align: justify;\"><strong>Vu\u010di\u0107 i Graso o saradnji parlamenta i investicijama<\/strong><\/p>\n<p style=\"text-align: justify;\">Predsednik Vlade Srbije Aleksandar Vu\u010di\u0107 poru\u010dio je danas u razgovoru sa predsednikom Senata Republike Italije Pjetrom Grasom da \u0107e raditi na tome da odnosi izme\u0111u dve dr\u017eave budu jo\u0161 \u010dvr\u0161\u0107i i bli\u017ei i da je uloga parlamenata dve zemlje u tom procesu veoma va\u017ena.<\/p>\n<p style=\"text-align: justify;\">Italija i Srbija \u0107e sara\u0111ivati i na polju borbe protiv kriminala i korupcije, kao jednog od najve\u0107ih problema modernog doba, istakao je Vu\u010di\u0107, a saop\u0161tila je vladina Kancelarija za saradnju sa medijima.<\/p>\n<p style=\"text-align: justify;\">Graso je istakao da je Srbija veoma va\u017ean partner za Italiju i naglasio da \u0107e povoljni uslovi za strane investicije dovesti do anga\u017eovanja ve\u0107eg broja italijanskih kompanija u Srbiji.<\/p>\n<p style=\"text-align: justify;\">Vu\u010di\u0107 je naglasio da se Srbija trudi da stvori najbolje uslove za strane kompanije jer \u017eeli brzi rast i razvoj zemlje.<\/p>\n<p style=\"text-align: justify;\">(FOTO TANJUG\/ KANCELARIJA ZA SARADNJU S MEDIJIMA VLADE SRBIJE)<\/p>\n<p>&#8211;<\/p>\n<p style=\"text-align: justify;\"><strong>Podr\u0161ka Italije re<\/strong><strong>form<\/strong><strong>ama i evropskom pu<\/strong><strong>tu Srbije<\/strong><\/p>\n<p>(<strong><em>TANJUG<\/em><\/strong>, 10.12.2014.) BEOGRAD &#8211; Premijer Srbije Aleksandar Vu\u010di\u0107 razgovarao je danas u Rimu sa predsednikom Italije \u0110or\u0111om Napolitanom i tom prilikom ga obavestio o reformama koje je Srbija zapo\u010dela i o statusu procesa pridru\u017eivanja EU.<\/p>\n<p style=\"text-align: justify;\">Vu\u010di\u0107 je naglasio da je Srbija uspela da o\u010duva unutra\u0161nju stabilnost, uprkos te\u0161kim reformama koje sprovodi, kao i da postane stub stabilnosti u regionu Zapadnog Balkana.<\/p>\n<p style=\"text-align: justify;\">&#8222;Italija je u 2013. postala najve\u0107i trgovinski partner Srbije i ja o\u010dekujem da \u0107emo u 2014. godini imati pove\u0107anje trgovinske saradnje. Srbija smatra Italiju svojim iskrenim prijateljem&#8220;, istakao je Vu\u010di\u0107 zahvaliv\u0161i na podr\u0161ci i razumevanju koje Italija pru\u017ea Srbiji u procesu evropskih integracija.<\/p>\n<p style=\"text-align: justify;\">Napolitano je pohvalio reforme koje sprovodi srpska Vlada i savetovao premijeru Vu\u010di\u0107u da je va\u017eno izdr\u017eati, bez obzira na te\u017einu reformi a narodu Srbije poslati jasnu poruku da reforme, kako god te\u0161ke bile, u bliskoj budu\u0107nosti donose bolji \u017eivot.<\/p>\n<p style=\"text-align: justify;\">Napolitano je istakao da je Italija pru\u017eala punu podr\u0161ku Srbiji u procesu evroatlanskih integracija i dodao da \u0107e Italija nastaviti da insistira kod evropskih partnera kako bi proces prijema Srbije u EU bio \u0161to pre okon\u010dan, sap\u0161tila je Kancelarija Vlade Srbije za saradnju s medijima.<\/p>\n<p style=\"text-align: justify;\">&#8211;<\/p>\n<p style=\"text-align: justify;\"><strong>Premijer se sastao danas u Rimu sa predsednikom italijanske vlade Mateom Rencijem<\/strong><\/p>\n<p style=\"text-align: justify;\">(<em><strong>TANJUG<\/strong><\/em>, 10.12.2014) Srpski premijer je tom prilikom naglasio da je Srbija uspela da o\u010duva unutra\u0161nju stabilnost, uprkos te\u0161kim reformama koje sprovodi, kao i da postane stub stabilnosti u regionu Zapadnog Balkana.<\/p>\n<p style=\"text-align: justify;\">Tako\u0111e, istakao je da Srbija smatra Italiju svojim iskrenim prijateljem.<\/p>\n<p style=\"text-align: justify;\">Napolitano je pohvalio reforme koje sprovodi srpska Vlada i savetovao Vu\u010di\u0107u da je va\u017eno izdr\u017eati, bez obzira na te\u017einu reformi a narodu Srbije poslati jasnu poruku da reforme, kako god te\u0161ke bile, u bliskoj budu\u0107nosti donose bolji \u017eivot.<\/p>\n<p style=\"text-align: justify;\">Napolitano je istakao da je Italija pru\u017eala punu podr\u0161ku Srbiji u procesu evroatlanskih integracija i dodao da \u0107e Italija nastaviti da insistira kod evropskih partnera kako bi proces prijema Srbije u EU bio \u0161to pre okon\u010dan, sap\u0161tila je Kancelarija Vlade Srbije za saradnju s medijima.<\/p>\n<p style=\"text-align: justify;\">Italija do kraja godine predsedava EU.<\/p>\n<p style=\"text-align: justify;\">Kako je najavljeno, Vu\u010di\u0107 bi trebalo da razgovara i sa predsednikom italijanskog Senata Pjetrom Grasom.<br \/>Vu\u010di\u0107 je ju\u010de razgovarao sa predstavnicima kompanija &#8222;Geoks&#8220;, &#8222;Ferero&#8220; i &#8222;Kremonini&#8220;, kao i sa direktorkom Me\u0111unarodonog monetarnog fonda Kristin Lagard.<\/p>\n<p style=\"text-align: justify;\">&#8211;<\/p>\n<p style=\"text-align: justify;\">(<em><strong>TANJUG<\/strong><\/em>, 10.12.2014.) &#8211; Predsednik Vlade Srbije Aleksandar Vu\u010di\u0107 boravi\u0107e danas u zvani\u010dnoj poseti Italiji.<\/p>\n<p style=\"text-align: justify;\">Tokom jednodnevnog boravka u Rimu Vu\u010di\u0107 \u0107e se sastati sa predsednikom Italije <strong>\u0110or\u0111om Napolitanom<\/strong>, predsednikom Vlade Italije <strong>Mateom Rencijem<\/strong>, kao i sa predsednikom italijanskog Senata <strong>Pjetrom Grasom<\/strong>, saop\u0161tila je Kancelarija Vlade Srbije za saradnju s medijima. <\/p>\n<p>Vu\u010di\u0107 je u izjavi za agenciju ANSA rekao da je zahvalan Italiji na konstantnoj podr\u0161ci evropskom putu Srbije.<\/p>\n<p style=\"text-align: justify;\">&#8222;Italija je jedna od zemalja koja je najvi\u0161e podr\u017eavala Srbiju na njenom evropskom putu&#8220;, rekao je Vu\u010di\u0107.<\/p>\n<p style=\"text-align: justify;\">Osvr\u0107u\u0107i se na Ju\u017eni tok, Vu\u010di\u0107 je rekao da je odustajanje od tog projekta bilo &#8222;jako lo\u0161a vest za Srbiju&#8220;, kako zbog\u00a0 energetske stabilnosti, tako i zbog gra\u0111evinskih firmi.<\/p>\n<p style=\"text-align: justify;\">&#8222;Sada moramo da revidiramo na\u0161u politiku na energetskom planu. Nema sumnje da \u0107u sa premijerom Rencijem razgovarati o toj temi. \u017delim da \u010dujem \u0161ta on misli o tome&#8220;, rekao je Vu\u010di\u0107.<\/p>\n<p style=\"text-align: justify;\">Italija je jedna od zemalja u\u010desnica tog projekta.<\/p>\n<p style=\"text-align: justify;\">Kako je rekao Vu\u010di\u0107, Italija je jedan od najzna\u010dajnijih trgovinskih partnera Srbije.<\/p>\n<p style=\"text-align: justify;\">Italijanska ulaganja su veoma zna\u010dajna za privredu na\u0161e zemlje, rekao je on.<\/p>\n<p style=\"text-align: justify;\">&#8222;Italija sprovodi zna\u010dajne reforme i podr\u017eava rast kao novi model ekonomske politike. Mi se sla\u017eemo sa takvom politikom&#8220;, zaklju\u010dio je Vu\u010di\u0107.<\/p>\n<p style=\"text-align: justify;\">&#8211;<\/p>\n<p style=\"text-align: justify;\"><strong>Vu\u010di\u0107 razgovarao o italijanskim ulaganjima u Srbiju<\/strong><\/p>\n<p style=\"text-align: justify;\">RIM, 9.12.2014 &#8211; (<strong><em>TANJUG<\/em><\/strong>) Predsednik Vlade Srbije Aleksandar Vu\u010di\u0107 razgovarao je ve\u010deras sa predstavnicima jednog broja italijanskih kompanija o investiranju u Srbiju, re\u010deno je Tanjugu u kabinetu premijera.<\/p>\n<p style=\"text-align: justify;\">On se, tako\u0111e, susreo sa direktorkom Me\u0111unarodonog monetarnog fonda Kristin Lagard.<\/p>\n<p style=\"text-align: justify;\">Vu\u010di\u0107 je, navedeno je, razgovarao sa predstavnicima kompanija &#8222;Geoks&#8220;, &#8222;Ferero&#8220; i &#8222;Kremonini&#8220;.<\/p>\n<p style=\"text-align: justify;\">Kako je ranije najavljeno, predsednik Vlade Srbije, sutra \u0107e se u okviru zvani\u010dne posete Italiji, sastati sa predsednikom Italije \u0110or\u0111om Napolitanom, premijerom Mateom Rencijem, kao i sa predsednikom Senata Pjetrom Grasom.<\/p>\n<p style=\"text-align: justify;\">U intervjuu italijanskoj agenciji ANSA, neposredno pred posetu Rimu, Vu\u010di\u0107 je istakao veliki zna\u010daj koji italijanski investitori imaju za srpsku privredu i zapo\u0161ljavanje i pozdravio ekonomsku politiku orijentisanu ka rastu koju primenjuje Rencijeva vlada.<\/p>\n<p style=\"text-align: justify;\">On je poru\u010dio da Italija ostaje jedan od glavnih partnera Srbije i na politi\u010dkom i na ekonomskom planu, a konstantna podr\u0161ka italijanske vlade je klju\u010dna za Srbiju na njenom putu ka Evropskoj uniji.<\/p>\n<p style=\"text-align: justify;\">&#8222;Idem u Rim da ka\u017eem da Srbija ra\u010duna na Italiju, da na\u0161a zemlja namerava da sprovede reforme i da \u0107e u\u010diniti sve kako bi obezbedila da oporavak po\u010dne ve\u0107 naredne godine, ali uglavnom 2016-2017. Ra\u010dunamo na dalju podr\u0161ku Italije na na\u0161em evropskom putu&#8220;, rekao je Vu\u010di\u0107 za agenciju ANSA.<\/p>\n","protected":false},"excerpt":{"rendered":"\u00a0\u00a0\u00a0\u00a0\u00a0 Vu\u010di\u0107: Jasna i nedvosmislena podr\u0161ka Rima (TANJUG) RIM &#8211; Premijer Srbije Aleksandar Vu\u010di\u0107 izjavio je danas u Rimu da Srbija u\u017eiva jasnu i nedvosmislenu podr\u0161ku Italije na svom evropskom putu, ali i u okviru bilateralnih odnosa, i ponovio da ne\u0107e nikoga u EU da moli za otvaranje pregovara\u010dkih poglavlja. &#8222;Rekao sam (Mateu) Renciju da [&hellip;]","protected":false},"author":1,"featured_media":0,"comment_status":"","ping_status":"","sticky":false,"template":"","format":"standard","meta":{"footnotes":""},"tags":[],"class_list":["post-7539","post","type-post","status-publish","format-standard","hentry"],"_links":{"self":[{"href":"https:\/\/ambbelgrado.esteri.it\/sr\/wp-json\/wp\/v2\/posts\/7539","targetHints":{"allow":["GET"]}}],"collection":[{"href":"https:\/\/ambbelgrado.esteri.it\/sr\/wp-json\/wp\/v2\/posts"}],"about":[{"href":"https:\/\/ambbelgrado.esteri.it\/sr\/wp-json\/wp\/v2\/types\/post"}],"author":[{"embeddable":true,"href":"https:\/\/ambbelgrado.esteri.it\/sr\/wp-json\/wp\/v2\/users\/1"}],"replies":[{"embeddable":true,"href":"https:\/\/ambbelgrado.esteri.it\/sr\/wp-json\/wp\/v2\/comments?post=7539"}],"version-history":[{"count":0,"href":"https:\/\/ambbelgrado.esteri.it\/sr\/wp-json\/wp\/v2\/posts\/7539\/revisions"}],"wp:attachment":[{"href":"https:\/\/ambbelgrado.esteri.it\/sr\/wp-json\/wp\/v2\/media?parent=7539"}],"wp:term":[{"taxonomy":"post_tag","embeddable":true,"href":"https:\/\/ambbelgrado.esteri.it\/sr\/wp-json\/wp\/v2\/tags?post=7539"}],"curies":[{"name":"wp","href":"https:\/\/api.w.org\/{rel}","templated":true}]}}