{"id":7533,"date":"2014-12-10T09:29:00","date_gmt":"2014-12-10T08:29:00","guid":{"rendered":"https:\/\/ambbelgrado.esteri.it\/news\/dall_ambasciata\/2014\/12\/tiepolo-2\/"},"modified":"2014-12-10T09:29:00","modified_gmt":"2014-12-10T08:29:00","slug":"tiepolo-2","status":"publish","type":"post","link":"https:\/\/ambbelgrado.esteri.it\/sr\/news\/dall_ambasciata\/2014\/12\/tiepolo-2\/","title":{"rendered":"Tijepolo i Koncert za Evropu u Narodnom muzeju u Beogradu u okviru decembarskog programa \u201eItalija dovodi Evropu u Srbiju\u201c"},"content":{"rendered":"<p><P><EM>Saop\u0161tenje Ambasade Italije<\/EM>:<BR><BR><STRONG>Italijansko predsedavanje Evropskom unijom: Tijepolo i Koncert za Evropu u Narodnom muzeju u Beogradu u okviru decembarskog programa \u201eItalija dovodi Evropu u Srbiju\u201c<BR><\/STRONG><BR>Povodom zavr\u0161etka italijanskog \u0161estomese\u010dnog predsedavanja Evropskom unijom, u \u010detvrtak 11. decembra susret sa italijanskom umetno\u0161\u0107u u Narodnom muzeju u Beogradu, gde \u0107e ambasador Italije <STRONG>\u0110uzepe Manco<\/STRONG>, ministar kulture i informisanja <STRONG>Ivan Tasovac<\/STRONG> i direktorka muzeja <STRONG>Bojana Bori\u0107-Bre\u0161kovi\u0107<\/STRONG> otvoriti izlo\u017ebu \u201eTijepolo, od Udina do Beograda\u201c.<BR><BR>Na otvaranju, koje \u0107e se odigrati u prisustvu diplomatskog kora i predstavnika srpskih institucija, govori\u0107e i italijanski ministri unutra\u0161njih poslova i pravde <STRONG>An\u0111elino Alfano<\/STRONG> i <STRONG>Andrea Orlando<\/STRONG>, koji \u0107e 12. decembra u ime italijanskog predsedavanja EU otvoriti u Beogradu Forum ministara unutra\u0161njih poslova i pravde \u201eEU \u2013 Zapadni\u00a0 Balkan\u201c zajedno sa svojim kolegama Neboj\u0161om Stefanovi\u0107em i Nikolom Selakovi\u0107em.<BR><BR>\u201eZavr\u0161i\u0107emo predsedavanje u Beogradu obele\u017eavaju\u0107i godinu izuzetnog prijateljstva izme\u0111u Italije i Srbije i jo\u0161 jednom to \u010dinimo uz moto koji nas je inspirisao poslednjih meseci: Italija dovodi Evropu u Srbiju\u201c izjavio je ambasador Manco predstavljaju\u0107i ovu inicijativu.<BR><BR>Sve\u010danost \u0107e otvoriti \u201eKoncert za Evropu\u201c koji je organizovala Ambasada Italije\u00a0 a koji \u0107e izvesti Guda\u010dki kvartet Beogradske filharmonije i tenor Dejan Maksimovi\u0107, prvi tenor Opere Narodnog pozori\u0161ta u Beogradu. Na programu \u0107e biti klasi\u010dna i prazni\u010dna dela Vivaldija, \u0160uberta, Gastaldona i Belinija.<BR><BR>Izlo\u017eba \u0107e biti otvorena do 18. januara i na njoj \u0107e biti izlo\u017eeno Tijepolovo delo \u201e<STRONG>An\u0111eo \u010duvar<\/STRONG>\u201c iz kolekcije Gradskih muzeja Udina, kao i Tijepolovo \u201esrpsko\u201c delo \u201e<STRONG>Obu\u010davanje Bogorodi\u010dino<\/STRONG>\u201c, koje se \u010duva u Narodnom muzeju u Beogradu. Realizaciju izlo\u017ebe su pomogli Vrhovna uprava Autonomne regije Friuli Venecija \u0110ulija, kao i Banca Intesa, DDOR Novi Sad i Konfindustrija Srbija.<\/P><P>&#8211;<BR><BR><STRONG>Slike \u0110ambatista Tijepola u Narodnom muzeju<\/STRONG> <BR>08. 12. 2014. <STRONG><EM>Blic<BR><\/EM><\/STRONG>U atrijumu Narodnog muzeja u Beogradu od petka 12. decembra, u okviru izlo\u017ebe \u201cTijepolo, od Udina do Beograda\u201d, bi\u0107e predstavljene dve slike jednog od najve\u0107ih evropskih slikara 18. veka &#8211; \u0110ambatiste Tijepola. <BR><BR>U Nacionalnom muzeju bi\u0107e predstavljena dela \u201cAndjeo \u010duvar\u201d i \u201cObu\u010davanje Bogorodi\u010dino\u201d (1720-1730) tog poslednjeg predstavnika velike tradicije italijanskog fresko slikarstva. <BR><BR>Slika \u201cAn\u0111eo \u010duvar\u201d iz 1737. godine \u010duva se u Muzeju istorije i umetnosti u Udinama i jedno je od najreprezentativnijih dela koje je tokom prethodnih godina postalo simbol doga\u0111aja organizovanih povodom manifestacije Dani Tijepola, kao jedan od simbola grada.\u00a0<BR><BR>Sa predstavom an\u0111ela koji bdi nad usnulim detetom, delo poseduje sve odlike umetnikovog razvijenog stila: lagani da\u0161ak vetra koji pokre\u0107e figure, hromatsku svetlost, \u017eivost kompozicije i vazdu\u0161estost celine.\u00a0<BR><BR>\u201cObu\u010davanje Bogorodi\u010dino\u201d je slika koju je 1891. godine u okviru donacije slika italijanskih umetnika Narodnom muzeju poklonio Bertold Lipaj.\u00a0<BR><BR>To malo platno, po svoj prilici, nastalo kao pripremna skica za kona\u010dnu verziju slike, poseduje sve odlike rane faze Tijepolovog slikarstva koje se prepoznaju pre svega u sna\u017enim svetlo-tamnim kontrastima kojima je postignut dramati\u010dan efekat.\u00a0<BR><BR>Umetnik je oko 1726. godine napustio taj na\u010din slikanja rasvetliv\u0161i zna\u010dajno svoju paletu, razvijaju\u0107i stil monumentalnog iluzionisti\u010dkog slikarstva po kojem je ostao najprepoznatljiviji.\u00a0<BR><BR>Izlaganjem ovih slika nagla\u0161ava se o va\u017enost vrednovanja kulturnog nasledja kao sastavnog dela zajedni\u010dkog nasledja i pripadnosti zajedni\u010dkoj svetskoj kulturnoj ba\u0161tini.\u00a0<BR><BR>Inicijativom Ambasade Italije i Vlade Italije, a zahvaljuju\u0107i podsticaju Ministarstva kulture i informisanja Srbije realizovana je ova izlo\u017eba koja svedo\u010di o \u017eivim kulturnim vezama izmedju dve dr\u017eave.\u00a0 <BR><BR>Izlo\u017eba \u0107e trajati do 18. januara 2015. godine. <BR><\/P><\/p>\n","protected":false},"excerpt":{"rendered":"Saop\u0161tenje Ambasade Italije:Italijansko predsedavanje Evropskom unijom: Tijepolo i Koncert za Evropu u Narodnom muzeju u Beogradu u okviru decembarskog programa \u201eItalija dovodi Evropu u Srbiju\u201cPovodom zavr\u0161etka italijanskog \u0161estomese\u010dnog predsedavanja Evropskom unijom, u \u010detvrtak 11. decembra susret sa italijanskom umetno\u0161\u0107u u Narodnom muzeju u Beogradu, gde \u0107e ambasador Italije \u0110uzepe Manco, ministar kulture i informisanja Ivan [&hellip;]","protected":false},"author":1,"featured_media":0,"comment_status":"","ping_status":"","sticky":false,"template":"","format":"standard","meta":{"footnotes":""},"tags":[],"class_list":["post-7533","post","type-post","status-publish","format-standard","hentry"],"_links":{"self":[{"href":"https:\/\/ambbelgrado.esteri.it\/sr\/wp-json\/wp\/v2\/posts\/7533","targetHints":{"allow":["GET"]}}],"collection":[{"href":"https:\/\/ambbelgrado.esteri.it\/sr\/wp-json\/wp\/v2\/posts"}],"about":[{"href":"https:\/\/ambbelgrado.esteri.it\/sr\/wp-json\/wp\/v2\/types\/post"}],"author":[{"embeddable":true,"href":"https:\/\/ambbelgrado.esteri.it\/sr\/wp-json\/wp\/v2\/users\/1"}],"replies":[{"embeddable":true,"href":"https:\/\/ambbelgrado.esteri.it\/sr\/wp-json\/wp\/v2\/comments?post=7533"}],"version-history":[{"count":0,"href":"https:\/\/ambbelgrado.esteri.it\/sr\/wp-json\/wp\/v2\/posts\/7533\/revisions"}],"wp:attachment":[{"href":"https:\/\/ambbelgrado.esteri.it\/sr\/wp-json\/wp\/v2\/media?parent=7533"}],"wp:term":[{"taxonomy":"post_tag","embeddable":true,"href":"https:\/\/ambbelgrado.esteri.it\/sr\/wp-json\/wp\/v2\/tags?post=7533"}],"curies":[{"name":"wp","href":"https:\/\/api.w.org\/{rel}","templated":true}]}}