{"id":7528,"date":"2014-12-11T10:03:41","date_gmt":"2014-12-11T09:03:41","guid":{"rendered":"https:\/\/ambbelgrado.esteri.it\/news\/dall_ambasciata\/2014\/12\/premio-ccis-a-vucic-2\/"},"modified":"2014-12-11T10:03:41","modified_gmt":"2014-12-11T09:03:41","slug":"premio-ccis-a-vucic-2","status":"publish","type":"post","link":"https:\/\/ambbelgrado.esteri.it\/sr\/news\/dall_ambasciata\/2014\/12\/premio-ccis-a-vucic-2\/","title":{"rendered":"Srbija-Italija: Vu\u010di\u0107 primio priznanje\u00a0Komore italijansko-srpskih privrednika\u00a0za unapre\u0111enje investicionog okru\u017eenja tokom 2014"},"content":{"rendered":"<p><P><IMG style=\"HEIGHT: 217px; WIDTH: 306px\" border=\"0\" alt=\"Premijeru Vu\u010di\u0107u uru\u010deno priznanje Komore italijansko-srpskih privrednika\" src=\"\/resource\/2014\/12\/FotoTanjug6.jpg\" width=\"512\" height=\"394\"><\/P><P><IMG style=\"HEIGHT: 231px; WIDTH: 305px\" border=\"0\" alt=\"Vu\u010di\u0107 primio nagradu Komore italijansko-srpskih privrednika, foto Tanjug\" src=\"\/resource\/2014\/12\/FotoTanjug5.jpg\" width=\"512\" height=\"398\"><\/P><br \/>\n<P><BR><STRONG>Vu\u010di\u0107: Investitori mogu da o\u010dekuju jo\u0161 ve\u0107u podr\u0161ku<\/STRONG><\/P><br \/>\n<P>(<STRONG><EM>TANJUG<\/EM><\/STRONG>)\u00a0BEOGRAD &#8211; Premijer Srbije Aleksandar Vu\u010di\u0107 izjavio je da \u0107e Srbija, posle te\u0161kih mera koje su preduzete, biti okrenuta politici rasta i reformi i poru\u010dio italijanskim kompanijama da mogu da ocekuju jo\u0161 ve\u0107u podr\u0161ku vlade.<\/P><br \/>\n<P>Vu\u010di\u0107 je na sino\u0107njem sve\u010danom godi\u0161njem koktelu Komore italijansko-srpskih privrednika u ime Vlade Srbije primio priznanje Komore za unapre\u0111enje investicionog okru\u017eenja tokom 2014, uz obrazlo\u017eenje da je vlada stvorila najpovoljnije uslove za privla\u010denje stranih investicija na Balkanu.<\/P><br \/>\n<P>Vu\u010di\u0107 je rekao da nijedna druga zemlja u okru\u017eenju ne\u0107e mo\u0107i da pru\u017ei investitorima podr\u0161ku i pomo\u0107 kao Srbija.<\/P><br \/>\n<P>On je italijanskim kompanijama poru\u010dio da \u0107e biti zadovoljni poslovanjem u Srbiji, zato \u0161to \u0107e deo novca zara\u0111enog ovde mo\u0107i da vrate u Italiju, a da \u0107e od te investicije imati korist i Srbija, jer \u0107e italijanske kompanije upla\u0107ivati porez i puniti bud\u017eet, kao i da \u0107e zapo\u0161ljavati nove radnike.<\/P><br \/>\n<P>Premijer je istakao da Srbija ne\u0107e da bude na za\u010delju Evrope, ve\u0107 da \u017eeli da o\u017eivi ekonomiju i bude ravnopravni \u010dlan Evropske unije.<BR>&#8222;Mi smo sa Italijom uspeli da izgradimo prijateljstvo koje italijanskim kompanijama donosi profit, a na\u0161im gra\u0111anima ve\u0107u zaposlenost\u201c, rekao je Vu\u010di\u0107, isti\u010du\u0107i da je uveren da \u0107e Srbija u boljem raspolo\u017eenju do\u010dekati 2016. godinu.<\/P><br \/>\n<P>Ambasador Italije u Srbiji \u0110uzepe Manco rekao je da je Italija \u017eiv sistem koji gleda ka budu\u0107nosti, ka Evropi, ka kojoj, kako je naveo Vu\u010di\u0107 vodi Srbiju.<\/P><br \/>\n<P>Manco je rekao da su se srpski i italijanski premijeri danas u Rimu zalo\u017eili da se odnos dve zemlje u svim oblastima pobolj\u0161a, kao i da se pove\u0107a broj zaposlenih radnika u italijanskim firmama u Srbiji.<\/P><br \/>\n<P>Predsednik Komore italijansko-srpskih privrednika Andrea Simon\u010deli rekao je da su italijanski privrednici zadivljeni reformama koje je ostvarila vlada, isti\u010du\u0107i Zakon o radu, zakone o privatizaciji, poreske podsticaje, podr\u0161ku poljoprivredi, ali i osnivanje slobodnih zona i zakon o planiranju i izgradnji, koji drasti\u010dno skra\u0107uje vreme za dobijanje gra\u0111evinskih dozvola.<\/P><br \/>\n<P>Simon\u010deli je rekao da su svi ti zakoni zajedno sa ekonomskom i politi\u010dkom stabilizacijom i smanjenjem inflacije doprineli porastu kupovne mo\u0107i gra\u0111ana Srbije.<BR>\u201cZnamo da je pred vama jo\u0161 mnogo posla, ali zbog velikih reformi koje ste ve\u0107 ostvarili u tako kratkom vremenskom periodu, Upravni odbor komore jednoglasno je odlu\u010dio da vladi Srbije dodeli priznanje kao vladi koja je, od svih zemalja na Balkanu, stvorila najpovoljnije uslove za priva\u010denje stranih investicija\u201d, rekao je Simon\u010deli.<\/P><br \/>\n<P>On je dodao i da je Italija me\u0111u prvim trgovinskim partnerima Srbije, sa oko pet milijardi evra prometa u oblasti bilateralne trgovine.<BR>&#8222;Ovo je zemlja koja nije bogata naftom, ali ima veliki broj pametnih i obrazovanih ljudi\u201c, zaklju\u010dio je Simon\u010deli.<BR>Na sve\u010danosti je ambasador \u0110uzepe Manco kompaniji \u201eGordon\u201c, koja pripada grupaciji Kalcedonija, uru\u010dio nagradu <BR>&#8222;G.M.Leonardi\u201c za izuzetan doprinos koji su dali u sektoru tekstilne industrije. Manco je rekao da &#8222;Gordon\u201c promovi\u0161e ono najbolje \u0161to Italija mo\u017ee da ponudi u inostranstvu.<\/P><br \/>\n<P>Komora italijansko-srpskih privrednika obuhvata vi\u0161e od 500 kompanija koje posluju u Italiji i Srbiji i obezbe\u0111uju vi\u0161e od 25.000 radnih mesta.<BR><BR>&#8211;<\/P><br \/>\n<P>Povezane vesti: <A href=\"\/resource\/2014\/12\/CCISriconoscimentoVucicPolitika11dicembre.jpg\">Politika<\/A>, <A href=\"\/resource\/2014\/12\/CCISriconoscimentoVucicBlic11dicembre.jpg\">Blic<\/A><\/P><\/p>\n","protected":false},"excerpt":{"rendered":"Vu\u010di\u0107: Investitori mogu da o\u010dekuju jo\u0161 ve\u0107u podr\u0161ku (TANJUG)\u00a0BEOGRAD &#8211; Premijer Srbije Aleksandar Vu\u010di\u0107 izjavio je da \u0107e Srbija, posle te\u0161kih mera koje su preduzete, biti okrenuta politici rasta i reformi i poru\u010dio italijanskim kompanijama da mogu da ocekuju jo\u0161 ve\u0107u podr\u0161ku vlade. Vu\u010di\u0107 je na sino\u0107njem sve\u010danom godi\u0161njem koktelu Komore italijansko-srpskih privrednika u ime [&hellip;]","protected":false},"author":1,"featured_media":0,"comment_status":"","ping_status":"","sticky":false,"template":"","format":"standard","meta":{"footnotes":""},"tags":[],"class_list":["post-7528","post","type-post","status-publish","format-standard","hentry"],"_links":{"self":[{"href":"https:\/\/ambbelgrado.esteri.it\/sr\/wp-json\/wp\/v2\/posts\/7528","targetHints":{"allow":["GET"]}}],"collection":[{"href":"https:\/\/ambbelgrado.esteri.it\/sr\/wp-json\/wp\/v2\/posts"}],"about":[{"href":"https:\/\/ambbelgrado.esteri.it\/sr\/wp-json\/wp\/v2\/types\/post"}],"author":[{"embeddable":true,"href":"https:\/\/ambbelgrado.esteri.it\/sr\/wp-json\/wp\/v2\/users\/1"}],"replies":[{"embeddable":true,"href":"https:\/\/ambbelgrado.esteri.it\/sr\/wp-json\/wp\/v2\/comments?post=7528"}],"version-history":[{"count":0,"href":"https:\/\/ambbelgrado.esteri.it\/sr\/wp-json\/wp\/v2\/posts\/7528\/revisions"}],"wp:attachment":[{"href":"https:\/\/ambbelgrado.esteri.it\/sr\/wp-json\/wp\/v2\/media?parent=7528"}],"wp:term":[{"taxonomy":"post_tag","embeddable":true,"href":"https:\/\/ambbelgrado.esteri.it\/sr\/wp-json\/wp\/v2\/tags?post=7528"}],"curies":[{"name":"wp","href":"https:\/\/api.w.org\/{rel}","templated":true}]}}