{"id":7522,"date":"2014-12-11T10:24:11","date_gmt":"2014-12-11T09:24:11","guid":{"rendered":"https:\/\/ambbelgrado.esteri.it\/news\/dall_ambasciata\/2014\/12\/militari-serbi-in-contingente-italiano-unifil-2\/"},"modified":"2014-12-11T10:24:11","modified_gmt":"2014-12-11T09:24:11","slug":"militari-serbi-in-contingente-italiano-unifil-2","status":"publish","type":"post","link":"https:\/\/ambbelgrado.esteri.it\/sr\/news\/dall_ambasciata\/2014\/12\/militari-serbi-in-contingente-italiano-unifil-2\/","title":{"rendered":"Pripadnici srpske vojske od danas su deo italijanskog kontingenta pri mirovnoj misiji UNIFIL"},"content":{"rendered":"<p><P><IMG style=\"HEIGHT: 226px; WIDTH: 326px\" border=\"0\" alt=\"Srpski vojnici odlaze u mirovnu misiju Unifil\" src=\"\/resource\/2014\/12\/MilitariserbiinmissioneUnifil1.jpg\" width=\"360\" height=\"268\"><\/P><P><STRONG>Liban: od danas pripadnici srpske vojske u italijanskom kontingentu u mirovnoj misiji UNIFIL <\/STRONG><\/P><br \/>\n<P>Komandant Intervidovske operativne komande oru\u017eanih snaga Italije i \u0161ef za mirovne operacije italijanske vojske, general-potpukovnik Marko Bertolini, i ambasador Italije u Beogradu, \u0110uzepe Manco, ispratili su danas jedinicu srpskih vojnika koji su sa aerodroma u Batajnici optutovali u Liban gde \u0107e se pridru\u017eiti italijanskom kontingentu u mirovnoj misiji UNIFIL.<\/P><br \/>\n<P>Trideset tri pripadnika srpske vojske, specijalizovana za force protection delova\u0107e pod okriljem italijanske komande Sektora zapad Ujedinjenih nacija u Libanu na osnovu memoranduma o sporazumevanju koji su ju\u010de u Rimu potpisali dvojica ministara odbrane, za vreme susreta premijera Matea Rencija i Aleksandra Vu\u010di\u0107a.<\/P><br \/>\n<P>U\u010de\u0161\u0107e srpskih vojnika u italijanskom kontigentu predvi\u0111eno je sporazumom o saradnji Italije i Srbije u oblasti odbrane, koji je i prethodnih nedelja potvr\u0111en u praksi posetom Beogradu na\u010delnika General\u0161taba odbrane, admirala Binelija Mantelija, i Generalnog sekretara\u00a0 odbrane i nacionalnog direktora za naoru\u017eanje, generala Stefaninija.<\/P><br \/>\n<P>Prilikom posete Beogradu general-potpukovnik Bertolini posetio je General\u0161tab Vojske Srbije.<BR><\/P><br \/>\n<P>\u00a0<\/P><br \/>\n<P>\u00a0<\/P><\/p>\n","protected":false},"excerpt":{"rendered":"Liban: od danas pripadnici srpske vojske u italijanskom kontingentu u mirovnoj misiji UNIFIL Komandant Intervidovske operativne komande oru\u017eanih snaga Italije i \u0161ef za mirovne operacije italijanske vojske, general-potpukovnik Marko Bertolini, i ambasador Italije u Beogradu, \u0110uzepe Manco, ispratili su danas jedinicu srpskih vojnika koji su sa aerodroma u Batajnici optutovali u Liban gde \u0107e se [&hellip;]","protected":false},"author":1,"featured_media":0,"comment_status":"","ping_status":"","sticky":false,"template":"","format":"standard","meta":{"footnotes":""},"tags":[],"class_list":["post-7522","post","type-post","status-publish","format-standard","hentry"],"_links":{"self":[{"href":"https:\/\/ambbelgrado.esteri.it\/sr\/wp-json\/wp\/v2\/posts\/7522","targetHints":{"allow":["GET"]}}],"collection":[{"href":"https:\/\/ambbelgrado.esteri.it\/sr\/wp-json\/wp\/v2\/posts"}],"about":[{"href":"https:\/\/ambbelgrado.esteri.it\/sr\/wp-json\/wp\/v2\/types\/post"}],"author":[{"embeddable":true,"href":"https:\/\/ambbelgrado.esteri.it\/sr\/wp-json\/wp\/v2\/users\/1"}],"replies":[{"embeddable":true,"href":"https:\/\/ambbelgrado.esteri.it\/sr\/wp-json\/wp\/v2\/comments?post=7522"}],"version-history":[{"count":0,"href":"https:\/\/ambbelgrado.esteri.it\/sr\/wp-json\/wp\/v2\/posts\/7522\/revisions"}],"wp:attachment":[{"href":"https:\/\/ambbelgrado.esteri.it\/sr\/wp-json\/wp\/v2\/media?parent=7522"}],"wp:term":[{"taxonomy":"post_tag","embeddable":true,"href":"https:\/\/ambbelgrado.esteri.it\/sr\/wp-json\/wp\/v2\/tags?post=7522"}],"curies":[{"name":"wp","href":"https:\/\/api.w.org\/{rel}","templated":true}]}}