{"id":7516,"date":"2014-12-11T13:00:58","date_gmt":"2014-12-11T12:00:58","guid":{"rendered":"https:\/\/ambbelgrado.esteri.it\/news\/dall_ambasciata\/2014\/12\/ministri-alfano-e-orlando-a-belgrado-per-forum-ue-balcani-occidentali-2\/"},"modified":"2014-12-11T13:00:58","modified_gmt":"2014-12-11T12:00:58","slug":"ministri-alfano-e-orlando-a-belgrado-per-forum-ue-balcani-occidentali-2","status":"publish","type":"post","link":"https:\/\/ambbelgrado.esteri.it\/sr\/news\/dall_ambasciata\/2014\/12\/ministri-alfano-e-orlando-a-belgrado-per-forum-ue-balcani-occidentali-2\/","title":{"rendered":"Forum ministara unutra\u0161njih poslova i pravde \u201eEU Zapadni Balkan\u201c u Beogradu"},"content":{"rendered":"<p><P>Ministarstvo unutra\u0161njih poslova i Ministarstvo pravde Republike Srbije uz podr\u0161ku Italije i u saradnji sa Evropskom komisijom,\u00a0 organizuju Forum ministara unutra\u0161njih poslova i pravde \u201eEU Zapadni Balkan\u201c,\u00a0 koji \u0107e se odr\u017eati u Beogradu 12. decembra 2014. godine, u Palati \u201eSrbija\u201c.<BR>Na Forumu \u0107e biti re\u010di o poglavljima 23 i 24, borbi protiv terorizma, organizovanog kriminala, trgovini ljudima, viznoj liberalizaciji, IPA projektu u borbi protiv me\u0111unarodnog kriminala, reformi pravosu\u0111a, saradnji u gra\u0111anskom i krivi\u010dnom pravu, oduzimanju imovine ste\u010dene izvr\u0161enjem krivi\u010dnih dela, ljudskim pravima sa te\u017ei\u0161tem na \u017eene i decu.<BR>Neophodno je da se novinarske ekipe akredituju najkasnije do 10. decembra do 16 sati preko linka (<A href=\"http:\/\/www.italia2014registration.eu\">www.italia2014registration.eu<\/A>) ili banera koji se nalazi na sajtu Ministarstva unutra\u0161njih poslova (<A href=\"http:\/\/www.mup.gov.rs\">www.mup.gov.rs<\/A>) i Ministarstva pravde (<A href=\"http:\/\/www.mpravde.gov.rs\">www.mpravde.gov.rs<\/A>).<BR><\/P><P><EM>preuzeto sa sajta Ministarstva pravde RS<\/EM> <\/P><br \/>\n<P><A href=\"http:\/\/www.mpravde.gov.rs\/obavestenje\/7742\/forum-ministara-unutrasnjih-poslova-i-pravde-eu-zapadni-balkan-u-beogradu.php\">http:\/\/www.mpravde.gov.rs\/obavestenje\/7742\/forum-ministara-unutrasnjih-poslova-i-pravde-eu-zapadni-balkan-u-beogradu.php<\/A>)<BR><\/P><\/p>\n","protected":false},"excerpt":{"rendered":"Ministarstvo unutra\u0161njih poslova i Ministarstvo pravde Republike Srbije uz podr\u0161ku Italije i u saradnji sa Evropskom komisijom,\u00a0 organizuju Forum ministara unutra\u0161njih poslova i pravde \u201eEU Zapadni Balkan\u201c,\u00a0 koji \u0107e se odr\u017eati u Beogradu 12. decembra 2014. godine, u Palati \u201eSrbija\u201c.Na Forumu \u0107e biti re\u010di o poglavljima 23 i 24, borbi protiv terorizma, organizovanog kriminala, trgovini [&hellip;]","protected":false},"author":1,"featured_media":0,"comment_status":"","ping_status":"","sticky":false,"template":"","format":"standard","meta":{"footnotes":""},"tags":[],"class_list":["post-7516","post","type-post","status-publish","format-standard","hentry"],"_links":{"self":[{"href":"https:\/\/ambbelgrado.esteri.it\/sr\/wp-json\/wp\/v2\/posts\/7516","targetHints":{"allow":["GET"]}}],"collection":[{"href":"https:\/\/ambbelgrado.esteri.it\/sr\/wp-json\/wp\/v2\/posts"}],"about":[{"href":"https:\/\/ambbelgrado.esteri.it\/sr\/wp-json\/wp\/v2\/types\/post"}],"author":[{"embeddable":true,"href":"https:\/\/ambbelgrado.esteri.it\/sr\/wp-json\/wp\/v2\/users\/1"}],"replies":[{"embeddable":true,"href":"https:\/\/ambbelgrado.esteri.it\/sr\/wp-json\/wp\/v2\/comments?post=7516"}],"version-history":[{"count":0,"href":"https:\/\/ambbelgrado.esteri.it\/sr\/wp-json\/wp\/v2\/posts\/7516\/revisions"}],"wp:attachment":[{"href":"https:\/\/ambbelgrado.esteri.it\/sr\/wp-json\/wp\/v2\/media?parent=7516"}],"wp:term":[{"taxonomy":"post_tag","embeddable":true,"href":"https:\/\/ambbelgrado.esteri.it\/sr\/wp-json\/wp\/v2\/tags?post=7516"}],"curies":[{"name":"wp","href":"https:\/\/api.w.org\/{rel}","templated":true}]}}