{"id":7512,"date":"2014-12-12T08:57:03","date_gmt":"2014-12-12T07:57:03","guid":{"rendered":"https:\/\/ambbelgrado.esteri.it\/news\/dall_ambasciata\/2014\/12\/mostra-tiepolo-2\/"},"modified":"2014-12-12T08:57:03","modified_gmt":"2014-12-12T07:57:03","slug":"mostra-tiepolo-2","status":"publish","type":"post","link":"https:\/\/ambbelgrado.esteri.it\/sr\/news\/dall_ambasciata\/2014\/12\/mostra-tiepolo-2\/","title":{"rendered":"Povodom zavr\u0161etka italijanskog predsedavanja EU\u00a0u Narodnom muzeju u Beogradu sve\u010dano je\u00a0otvorena izlo\u017eba &#8222;Tijepolo, od Udina do Beograda&#8220;"},"content":{"rendered":"<p><P><IMG style=\"HEIGHT: 297px; WIDTH: 213px\" border=\"0\" alt=\"Angelo Custode di Tiepolo\" src=\"\/resource\/2014\/12\/AngeloCustode.jpg\" width=\"376\" height=\"600\">\u00a0\u00a0\u00a0\u00a0\u00a0\u00a0 <IMG style=\"HEIGHT: 220px; WIDTH: 239px\" border=\"0\" alt=\"Obucavanje Bogorodicino (Tjepolo)\" src=\"\/resource\/2014\/12\/ObucavanjeBogorodicino1.jpg\" width=\"384\" height=\"336\"><\/P><P><STRONG><A id=\"FOTO GALERIJA\" href=\"https:\/\/www.flickr.com\/photos\/belgrado_italianembassy\/\" name=\"FOTO GALERIJA\">FOTO GALERIJA<\/A><\/STRONG><BR><BR>&#8211;<\/P><br \/>\n<P><STRONG>Otvorena izlo\u017eba dela Tijepola u Narodnom muzeju<\/STRONG><BR><BR>(<STRONG>TANJUG<\/STRONG>) BEOGRAD &#8211; <STRONG>U Narodnom muzeju<\/STRONG> je ve\u010deras sve\u010dano otvorena <STRONG>izlo\u017eba &#8222;Tijepolo, od Udina do Beograda<\/STRONG>&#8222;, velikana venecijanskog slikarstva \u0110ovanija Batiste Tjepola.<\/P><br \/>\n<P><STRONG>Ministar kulture Ivan Tasovac<\/STRONG> izjavio je, otvaraju\u0107i izlo\u017ebu, povodom uspe\u0161nog zavr\u0161etka italijanskog predsedavanja EU, da ve\u010dera\u0161nji doga\u0111aj posve\u0107uje daljem razvoju prijateljstva Italije i Srbije i svima onima koji pru\u017eaju podr\u0161ku Srbiji na putu ka EU.<\/P><br \/>\n<P>Tasovac je, tako\u0111e, najavio da \u0107e zavr\u0161etak 2014. godine obele\u017eiti jo\u0161 jedan zna\u010dajan doga\u0111aj: 20. decembra po\u010de\u0107e radovi na sanaciji Narodnog muzeja u Beogradu.<BR>&#8222;Sre\u0107an sam \u0161to mogu da ka\u017eem da na kraju kalendarske godine gradimo tradiciju optimizma za budu\u0107e&#8220;, rekao je ministar Tasovac.<\/P><br \/>\n<P><STRONG>Ambasador Italije u Srbiji \u0110uzepe Manco<\/STRONG>, rekao je da izlo\u017eba doprinos italijanske vlade godini koja je istorijska po mnogim aspektima za Sr biju i za prijateljstvo dveju zemalja.<\/P><br \/>\n<P>To prijateljstvo, prema njegovim re\u010dima, jo\u0161 jednom je potvr\u0111eno ju\u010dera\u0161njom posetom premijera Srbije Aleksandra Vu\u010di\u0107a Rimu. Manco je rekao i da izlo\u017eba obele\u017eava kraj italijanskog predsedavanja EU, tokom kojeg su se aktivnosti ambasade u Beogradu odvijale pod motom &#8222;Dovodimo Italiju i Evropu u Srbiju&#8220;.<\/P><br \/>\n<P>Podsetiv\u0161i da je Srbija po\u010detkom godine po\u010dela pregovore za pristup zajednici naroda kojima istorijski pripada, <EM>Manco je naglasio da je i saradnja izume\u0111u Srbije i Italije dostigla jo\u0161 ve\u0107i nivo.<\/EM><\/P><br \/>\n<P>U Nacionalnom muzeju predstavljena su dela &#8222;An\u0111eo \u010duvar&#8220; i &#8222;Obu\u010davanje Bogorodi\u010dino&#8220; (1720-1730) tog poslednjeg predstavnika velike tradicije italijanskog fresko slikarstva. <BR><BR><STRONG>Direktor Narodnog muzeja u Beogradu Bojana Bori\u0107-Bre\u0161kovi\u0107<\/STRONG> istakla je da izlo\u017eene slike povezuju narode i prostore, i svedo\u010de o va\u017enosti kulturnog nasle\u0111a kao sastavnog dela zajedni\u010dke svetske ba\u0161tine.<\/P><br \/>\n<P>Sve\u010danosti su prisustvovali ministri pravde i unutra\u0161njih poslova Srbije i Italije, <STRONG>Nikola Selakovi\u0107, Neboj\u0161a Stefanovi\u0107, An\u0111elino Alfano i Andrea Orlando.<\/STRONG><\/P><br \/>\n<P>Sve\u010danosti je doprineo i guda\u010dki kvartet Beogradske filharmonije i tenor Dejan Maksimovi\u0107, koji su izveli dela Korelija, \u0110ordanija, Belinija i \u0160uberta.<\/P><br \/>\n<P>Posetioci \u0107e od sutra do 18. januara u atrijumu Narodnog muzeja imati priliku da na izlo\u017ebi &#8222;Tijepolo, od Udina do Beograda&#8220; vide dva ostvarenja jednog od najve\u0107ih evropskih slikara 18. veka, \u0110ambatiste Tijepola. <\/P><br \/>\n<P><STRONG>Slika &#8222;An\u0111eo \u010duvar&#8220;<\/STRONG> iz 1737. godine \u010duva se u Muzeju istorije i umetnosti u Udinama i jedno je od najreprezentativnijih dela koje je tokom prethodnih godina postalo simbol doga\u0111aja organizovanih povodom manifestacije Dani Tijepola, kao jedan od simbola grada. <\/P><br \/>\n<P>Sa predstavom an\u0111ela koji bdi nad usnulim detetom, delo poseduje sve odlike umetnikovog razvijenog stila: lagani da\u0161ak vetra koji pokre\u0107e figure, hromatsku svetlost, \u017eivost kompozicije i vazdu\u0161estost celine.<\/P><br \/>\n<P><STRONG>&#8222;Obu\u010davanje Bogorodi\u010dino&#8220;<\/STRONG> je slika koju je 1891. godine u okviru donacije slika italijanskih umetnika Narodnom muzeju poklonio Bertold Lipaj. <\/P><br \/>\n<P>To malo platno, po svoj prilici, nastalo kao pripremna skica za kona\u010dnu verziju slike, poseduje sve odlike rane faze Tijepolovog slikarstva koje se prepoznaju pre svega u sna\u017enim svetlo-tamnim kontrastima kojima je postignut dramati\u010dan efekat. <\/P><br \/>\n<P>Umetnik je oko 1726. godine napustio taj na\u010din slikanja rasvetliv\u0161i zna\u010dajno svoju paletu, razvijaju\u0107i stil monumentalnog iluzionisti\u010dkog slikarstva po kojem je ostao najprepoznatljiviji.<\/P><br \/>\n<P>Izlaganjem ovih slika nagla\u0161ava se o va\u017enost vrednovanja kulturnog nasle\u0111a kao sastavnog dela zajedni\u010dkog nasle\u0111a i pripadnosti zajedni\u010dkoj svetskoj kulturnoj ba\u0161tini.<\/P><br \/>\n<P>Inicijativom ambasade Italije i Vlade Republike Italije, a zahvaljuju\u0107i podsticaju Ministarstva kulture i informisanja Srbije realizovana je ova izlo\u017eba, koja svedo\u010di o \u017eivim kulturnim vezama izme\u0111u dveju dr\u017eava.<\/P><br \/>\n<P>&#8211;<\/P><br \/>\n<P><EM><IMG style=\"HEIGHT: 240px; WIDTH: 345px\" border=\"0\" alt='Svecano otvaranje izlozbe \"Tjepolo, od Udina do Beograda\"' src=\"\/resource\/2014\/12\/FotopersitoIMG_0245.JPG\" width=\"448\" height=\"336\"><\/EM><\/P><br \/>\n<P><EM>(<STRONG>Blic<\/STRONG>)<STRONG> <\/STRONG><\/EM><STRONG>Otvorena izlo\u017eba &#8222;Tijepolo, od Udina do Beograda&#8220; <BR><BR><\/STRONG>&#8222;Povodom uspe\u0161nog zavr\u0161etka italijanskog \u0161estomese\u010dnog predsedavanja EU, imam \u010dast da otvorim izlo\u017ebu &#8222;Tijepolo, od Udina do Beograda&#8220;, velikana venecijanskog slikarstva \u0110ovani Batista Tijepola&#8220;, ovim re\u010dima ve\u010deras se brojnim zvanicama u Narodnom muzeju u Beogradu obratio ministar kulture i informisanja <STRONG>Ivan Tasovac<\/STRONG>.<BR><BR>Ministar Tasovac istakao je da izlo\u017eba realizovana u atrijumu Narodnog muzeja predstavlja \u201cmali, ali vrlo zna\u010dajan segment dinami\u010dnih kulturno diplomatskih odnosa Italije i Srbije\u201d i da predstavljena platna \u201csimboli\u010dno prikazuju veze izme\u0111u dve kulture\u201d. <BR>&#8211; Dva veka ranije, u duhu prijateljskih odnosa upravnika Narodnog muzeja u Beogradu Mihaila Valtrovi\u0107a i slikara Bertolda Lipaja, u Narodni muzej prispela je donacija od \u010dak 90 dela italijanskih umetnika, me\u0111u kojima i \u201cObu\u010davanje Bogorodi\u010dino\u201d. Pomenuti poklon inicirao je formiranje kolekcije italijanskog slikarstva, koji su deo dana\u0161nje Zbirke strane umetnosti Narodnog muzeja &#8211; dodao je Tasovac. <BR><BR>Ministar je iskoristio priliku i najavio jo\u0161 jedan doga\u0111aj koji \u0107e obele\u017eiti zavr\u0161etak 2014. <BR>&#8211; Naime, 20. decembra zapo\u010dinju radovi na sanaciji Narodnog muzeja u Beogradu. Sre\u0107an sam \u0161to mogu da ka\u017eem da na kraju kalendarske godine, gradimo tradiciju optimizma za budu\u0107e &#8211; istakao je Tasovac. <BR><BR>Ambasador Italije u Srbiji <STRONG>\u0110uzepe Manco<\/STRONG> ka\u017ee da \u0107e italijansko predsedavanje EU biti zavr\u0161eno u Beogradu obele\u017eavanjem godine izuzetnog prijateljstva izme\u0111u Italije i Srbije. <BR>&#8211; Ve\u010deras nije re\u010d ni o politici, ni o diplomatiji, ve\u0107 o umetnosti. Re\u010d je o spoju koji podse\u0107a na prijateljstvo Srbije i Italije i naro\u010dito regije Friuli Venecija \u0110ulija, gde je Tijepolo radio dugi niz godina tokom 18. veka, a koji \u0107e Beogra\u0111anima dva veka kasnije postati kapija ka Evropi &#8211; istakao je ambasador. <BR><BR>Ambasador je dodao i da sama ideja izlo\u017ebe nosi \u201cdobronamerno zna\u010denje oli\u010deno u \u017eelji da \u0107e duboko humana ose\u0107anja i vrednosti koja ova remek-dela bude, nastaviti da prate odnose izme\u0111u Italije i Srbije\u201d. <BR>Povodom zavr\u0161etka \u0161estomese\u010dnog predsedavanja Italije EU ve\u010deras su u Narodnom muzeju nastupili i Guda\u010dki kvartet Beogradske filharmonije i tenor Dejan Maksimovi\u0107, a sve\u010danosti su prisustvovali brojni predstavnici diplomatskog kora i institucija, kao i italijanski ministri unutra\u0161njih poslova i pravde <STRONG>An\u0111elino Alfano<\/STRONG> i <STRONG>Andrea Orlando<\/STRONG> i njihove srpske kolege <STRONG>Neboj\u0161a Stefanovi\u0107<\/STRONG> i <STRONG>Nikola Selakovi\u0107<\/STRONG>. <BR><BR>Posetioci od sutra pa sve do 18. jaunara u atrijumu Narodnog muzeja imaju priliku da vide dva dela jednog od najve\u0107ih evropskih slikara 18. veka &#8211; \u201cAn\u0111eo \u010duvar\u201d iz kolekcije Gradskih muzeja Udina i \u201cObu\u010davanje Bogorodi\u010dino\u201d koje se \u010duva u nacionalnom muzeju u Beogradu. <BR><BR>&#8211;<BR><IMG style=\"HEIGHT: 250px; WIDTH: 349px\" border=\"0\" alt='Svecano otvaranje izlozbe \"Tjepolo, od Udina do Beograda\"' src=\"\/resource\/2014\/12\/FotopersitoIMG_02391.JPG\" width=\"392\" height=\"304\">\u00a0\u00a0\u00a0 <IMG style=\"HEIGHT: 246px; WIDTH: 344px\" border=\"0\" alt='Svecano otvaranje izlozbe \"Tjepolo, od Udina do Beograda\"' src=\"\/resource\/2014\/12\/FotopersitoIMG_02392.JPG\" width=\"448\" height=\"336\"><\/P><br \/>\n<P><BR><STRONG>Izlo\u017eba i koncert za kraj italijanskog predsedavanja EU<BR><\/STRONG><BR>BEOGRAD, 11. decembra 2014. (<STRONG><EM>Beta<\/EM><\/STRONG>) &#8211; Koncert za Evropu i izlo\u017eba &#8222;Tijepolo, od Udina do Beograda&#8220; bi\u0107e odr\u017eani u \u010detvrtak u 19.00 u Narodnom muzeju u Beogradu povodom zavr\u0161etka \u0161estomese\u010dnog predsedavanja Italije Evropskoj uniji.<\/P><br \/>\n<P>Ambasador Italije u Srbiji <STRONG>Djuzepe Manco<\/STRONG> rekao je da \u0107e italijansko predsedavanje EU biti zavr\u0161eno u Beogradu obele\u017eavanjem godine izuzetnog prijateljstva Italije i Srbije.<\/P><br \/>\n<P>U Narodnom muzeju bi\u0107e izlo\u017eene dve slike jednog od najve\u0107ih evropskih slikara 18. veka, Djanbatiste Tijepola, &#8222;Andjeo \u010duvar&#8220; iz Muzeja istorije i umetnosti u Udinama i delo iz kolekcije Narodnog muzeja u Beogradu &#8222;Obu\u010davanje Bogorodi\u010dino&#8220;.<\/P><br \/>\n<P>Na koncertu \u0107e nastupiti Guda\u010dki kvartet Beogradske filharmonije i tenor Dejan Maksimovi\u0107, a na programu su klasi\u010dna i prazni\u010dna dela Vivaldija, \u0160uberta, Gastaldona i Belinija.<\/P><br \/>\n<P>Kako je saop\u0161tio Narodni muzej u Beogradu, izlaganjem tih slika nagla\u0161en je zna\u010daj vrednovanja zajedni\u010dkog nasledja i pripadnosti zajedni\u010dkoj svetskoj kulturnoj ba\u0161tini.<\/P><br \/>\n<P>Izlo\u017eba Djanbatiste Tijepola &#8222;Od Udina do Beograda&#8220; u Narodnom muzeju u Beogradu bi\u0107e dostupna za publiku od petka, 12. decembra. <\/P><br \/>\n<P>\u00a0<\/P><br \/>\n<P>\u00a0<\/P><\/p>\n","protected":false},"excerpt":{"rendered":"\u00a0\u00a0\u00a0\u00a0\u00a0\u00a0 FOTO GALERIJA&#8211; Otvorena izlo\u017eba dela Tijepola u Narodnom muzeju(TANJUG) BEOGRAD &#8211; U Narodnom muzeju je ve\u010deras sve\u010dano otvorena izlo\u017eba &#8222;Tijepolo, od Udina do Beograda&#8222;, velikana venecijanskog slikarstva \u0110ovanija Batiste Tjepola. Ministar kulture Ivan Tasovac izjavio je, otvaraju\u0107i izlo\u017ebu, povodom uspe\u0161nog zavr\u0161etka italijanskog predsedavanja EU, da ve\u010dera\u0161nji doga\u0111aj posve\u0107uje daljem razvoju prijateljstva Italije i Srbije [&hellip;]","protected":false},"author":1,"featured_media":0,"comment_status":"","ping_status":"","sticky":false,"template":"","format":"standard","meta":{"footnotes":""},"tags":[],"class_list":["post-7512","post","type-post","status-publish","format-standard","hentry"],"_links":{"self":[{"href":"https:\/\/ambbelgrado.esteri.it\/sr\/wp-json\/wp\/v2\/posts\/7512","targetHints":{"allow":["GET"]}}],"collection":[{"href":"https:\/\/ambbelgrado.esteri.it\/sr\/wp-json\/wp\/v2\/posts"}],"about":[{"href":"https:\/\/ambbelgrado.esteri.it\/sr\/wp-json\/wp\/v2\/types\/post"}],"author":[{"embeddable":true,"href":"https:\/\/ambbelgrado.esteri.it\/sr\/wp-json\/wp\/v2\/users\/1"}],"replies":[{"embeddable":true,"href":"https:\/\/ambbelgrado.esteri.it\/sr\/wp-json\/wp\/v2\/comments?post=7512"}],"version-history":[{"count":0,"href":"https:\/\/ambbelgrado.esteri.it\/sr\/wp-json\/wp\/v2\/posts\/7512\/revisions"}],"wp:attachment":[{"href":"https:\/\/ambbelgrado.esteri.it\/sr\/wp-json\/wp\/v2\/media?parent=7512"}],"wp:term":[{"taxonomy":"post_tag","embeddable":true,"href":"https:\/\/ambbelgrado.esteri.it\/sr\/wp-json\/wp\/v2\/tags?post=7512"}],"curies":[{"name":"wp","href":"https:\/\/api.w.org\/{rel}","templated":true}]}}