{"id":7506,"date":"2014-12-12T10:24:16","date_gmt":"2014-12-12T09:24:16","guid":{"rendered":"https:\/\/ambbelgrado.esteri.it\/news\/dall_ambasciata\/2014\/12\/forum-giustizia-interno-2\/"},"modified":"2014-12-12T10:24:16","modified_gmt":"2014-12-12T09:24:16","slug":"forum-giustizia-interno-2","status":"publish","type":"post","link":"https:\/\/ambbelgrado.esteri.it\/sr\/news\/dall_ambasciata\/2014\/12\/forum-giustizia-interno-2\/","title":{"rendered":"Forum ministara unutra\u0161njih poslova i pravde &#8222;EU &#8211; Zapadni Balkan&#8220;. Alfano: Zapadni Balkan je partner EU"},"content":{"rendered":"<p><P><STRONG><U><IMG style=\"HEIGHT: 237px; WIDTH: 351px\" border=\"0\" alt='Forum ministara unutra\u0161njih poslova i pravde \"EU - Zapadni Balkan\" (foto TANJUG)' src=\"\/resource\/2014\/12\/2014_12_12ForumFOTOGRUPPOpersito1.jpg\" width=\"448\" height=\"300\">\u00a0\u00a0\u00a0\u00a0 <\/U><\/STRONG><STRONG><U><IMG style=\"HEIGHT: 236px; WIDTH: 352px\" border=\"0\" alt='Forum ministara unutra\u0161njih poslova i pravde \"EU - Zapadni Balkan\" (foto TANJUG)' src=\"\/resource\/2014\/12\/2014_12_12Forumaltavoloministripersito1.jpg\" width=\"448\" height=\"300\"><\/U><\/STRONG><\/P><P><STRONG><A id=\"FOTO GALERIJA\" href=\"https:\/\/www.flickr.com\/photos\/belgrado_italianembassy\/\" name=\"FOTO GALERIJA\">FOTO GALERIJA<\/A><\/STRONG><\/P><br \/>\n<P><STRONG><A id=\"VIDEO GALERIJA\" href=\"https:\/\/www.youtube.com\/user\/BelgradoAmbIta\" name=\"VIDEO GALERIJA\">VIDEO GALERIJA<\/A><\/STRONG><BR><BR>&#8211;<\/P><br \/>\n<P><STRONG><U>Ministri: Region da sara\u0111uje i postane deo EU<\/U><\/STRONG><\/P><br \/>\n<P>(<STRONG><EM>Tanjug<\/EM><\/STRONG>) Ministri pravde i unutra\u0161njih poslova koji su u\u010destvovali na forumu \u201cEU i Zapadni Balkan\u201d ocenili su da je zna\u010dajno da zemlje zapadnog Balkana sara\u0111uju kako me\u0111usobno, tako i sa Evropskom unijom, ali i da postanu njeni \u010dlanovi.<\/P><br \/>\n<P><STRONG>Italijanski ministar pravde Andreo Orlando<\/STRONG> rekao je da je va\u017eno da se zemlje zapadnog Balkana priklju\u010de EU, te da je to zna\u010dajno ne samo za dr\u017eave regiona, ve\u0107 i za samu Uniju.<\/P><br \/>\n<P>\u201c<EM>Verujem da su u Srbiji zabele\u017eeni vrlo zna\u010dajni signali<\/EM>\u201d, rekao je Orlando na zajedni\u010dkoj konferenciji za novinare nakon foruma ministara unutra\u0161njih poslova i pravde \u201cEU i zapadni Balkan\u201d.<\/P><br \/>\n<P>On je rekao i da su na forumu ministri evidentirali napredak koje su zemlje zapadnog Balkana postigle u oblastima borbe protiv korupcije, organizovanog kriminala, trgovine narkoticima i ljudima i da je taj napredak zna\u010dajan.<\/P><br \/>\n<P>\u201c<EM>Taj napredak je zna\u010dajan jer su pokrenute reforme po\u010dev od Srbije. Saglasili smo se kako je va\u017eno za ove zemlje da pristupe EU, ali zna\u010dajno i za samu Uniju da se one priklju\u010de<\/EM>\u201d, podvukao je <STRONG>Orlando<\/STRONG>.<\/P><br \/>\n<P>Naglasio je i da su teme koje su razmatrali nametnute svakodnevnim problematikama te da je bilo re\u010di o gra\u0111anskim pitanjima, pravosu\u0111u ali i krivi\u010dnim stvarima i oduzimanju nezakonito ste\u010dene imovine.<\/P><br \/>\n<P>\u201c<EM>Ne mo\u017eemo se boriti protiv tog fenomena ako nemamo zajedni\u010dku strategiju i politiku. Ne posedujemo institucije koje \u0107e efikasno da se bave tim pitanjima\u201d<\/EM>, poru\u010dio je on.<\/P><br \/>\n<P><STRONG>Italijanski ministar unutra\u0161njih poslova An\u0111elino Alfano<\/STRONG> poru\u010dio je da na forumu nije samo razgovarano, ve\u0107 da su postigli konkretne rezultate, istakav\u0161i da su usvojili Akcioni plan u borbi protiv organizovanog kriminala 2015-2019. godine.<\/P><br \/>\n<P>Njegovo mi\u0161ljenje o skupu, kako isti\u010de, pozitivno je jer ja\u010da saradnju izme\u0111u EU i ovog dela Evrope koji je, podvukao je, od presudnog zna\u010daja za bezbednost i saradnju na me\u0111unarodnom nivou.<\/P><br \/>\n<P>Ka\u017ee da su tokom rada na forumu u\u010destvovali predstavnici Evropske komisije, novi komesar Dimitris Avramopulos, i izrazio zadovoljstvo \u0161to su na njemu u\u010destvovali predstavnici Letonije i Luksemburga, kao i agencija Evropske slu\u017ebe za spoljne poslove i regionalnih agencija.<BR>\u201c<EM>To nam je omogu\u0107ilo da uradimo dobar posao, sveobuhvatan i da realizujemo odre\u0111ene va\u017ene rezultate, jer smo se pozabavili na koristan nacicn temama saradnje izme\u0111u EU i zemalja zapadnog Balkana, a u oblasti pravosu\u0111a i unutra\u0161njih poslova<\/EM>\u201d, rekao je <STRONG>Alfano<\/STRONG>.<\/P><br \/>\n<P>Na forumu je bilo re\u010di i o liberalizaciji viznog re\u017eima, o borbi protiv me\u0111unarodnog terorizma i stranih boraca, \u0161to su,prema njegovim re\u010dima, teme va\u017ene za EU i zemlje zapadnog Balkana.<\/P><br \/>\n<P>Evropski komesar za unutra\u0161nje poslove Dimitris Avramopulos istakao je da vizna liberalizacija ostaje jedan od najzna\u010dajnijih stvari koje su ura\u0111ene u regionu, kao i da je to oja\u010dalo vladavinu prava i poja\u010dalo kontakte me\u0111u ljudima.<\/P><br \/>\n<P>\u201cPro\u0161le godine do\u0161lo je do porasta ljudi koji su bez viza putovali u EU. Neki su zlouoptrebili procedure i nadamo se da se to ne\u0107e pogor\u0161ati idu\u0107e godine. Moramo zajedno da radimo na obezbe\u0111ivanju dobrih uslova za bezvizno putovanje\u201d, istakao je on i dodao da su poja\u010dane kontrole granica i saradnja sa EU.<\/P><br \/>\n<P>Ka\u017ee i da je u zemljama zapadnog Balkana mnogo u\u010dinjeno na vladavini prava, ali da je potrebno u\u010diniti jo\u0161 toga, kao na primer, vi\u0161e napora u borbi protiv organizovanog kriminala i korupcije.<\/P><br \/>\n<P>\u201cNa osnovu razgovora mogu re\u0107i da su se svi ministri obavezali da nastave reforme i pribli\u017ee njihove dr\u017eave bli\u017ee EU\u201d, kazao je on.<\/P><br \/>\n<P>Evropska komesarka za pravosu\u0111e Vera Jurov rekla je da je nastavak sudske reforme prioritet i ponudila je podr\u0161ku Evropske komisije.<\/P><br \/>\n<P>Ona je uverena da \u0107e dr\u017eave kandidati imati pomo\u0107, kako u reformi, tako i u drugim pitanjima.<\/P><br \/>\n<P>\u201cHteli bismo da podr\u017eimo obuku kako bi do\u0161lo do ve\u0107e profesionalizacije tu\u017eilaca i sudija\u201d, kazala je Jurov.<\/P><br \/>\n<P>Ministar unutra\u0161njih poslova Srbije Neboj\u0161a Stefanovi\u0107 zahvalio je italijanskim ministrima i komesarima koji podr\u017eavaju put Srbije ka EU i reforme, da na\u0161a zemlja brzo postane \u010dlanica EU.<\/P><br \/>\n<P>Ka\u017ee i da Srbija \u017eeli da poka\u017ee \u010dvr\u0161\u0107u posve\u0107enost i da \u0107e sa sa evropskim dr\u017eavama da radi na pitanjima bezbednosti koje se ne ti\u010du samo Srbije ve\u0107 i \u0161ire.<\/P><br \/>\n<P>\u201cSrbija nastavlja da bude posve\u0107ena borbi da se smanji optere\u0107enje ilegalne migracije. Srbija nije zemlja odredi\u0161ta ve\u0107 tranzita\u201d, rekao je Stefanovi\u0107 i dodao da se radi na tome da se smanji broj migranata koji poku\u0161avaju preko na\u0161e zemlje da do\u0111u do EU.<\/P><br \/>\n<P>Istakao je i da reforma u policiji treba da bude efikasnija.<\/P><br \/>\n<P>Ministar pravde Nikola Selakovi\u0107 rekao je da je sesija o pitanju pravde bila posve\u0107ena i tome da je nu\u017eno \u0161to \u010de\u0161\u0107e sara\u0111ivati na ni\u017eim nivoima od politi\u010dkog koji se de\u0161ava jednom ili dva puta godi\u0161nje.<\/P><br \/>\n<P>Govore\u0107i o oduzimanju imovine ste\u010dene kriminalnom aktivno\u0161\u0107u koja se nalazi u inostranstvu, Selakovi\u0107 je rekao da u zemljama zapadnog Balkana ne postoji pravni okvir za to, dok postoji u EU.<\/P><br \/>\n<P>\u201cSrbija ide napred reformi\u0161u\u0107i svoj pravosudni sistem, to radi zbog sebe, a ne EU\u201d, zaklju\u010dio je Selakovi\u0107.<\/P><br \/>\n<P><STRONG><U>&#8211;<BR>Alfano: Z. Balkan je partner EU<\/U><\/STRONG><\/P><br \/>\n<P><STRONG>(IZVOR: BETA)<BR><\/STRONG><BR>Beograd &#8212; Forum ministara unutra\u0161njih poslova i pravde &#8222;EU Zapadni Balkan&#8220;, na kom je tema borba protiv organizovanog kriminala i korupcije po\u010deo je danas u Beogradu. Otvaraju\u0107i forum mnitara unutra\u0161njih poslova i pravde &#8222;EU &#8211; Zapadni Balkan&#8220; u Palati Srbija, Alfano je rekao da su sve zemlje EU &#8222;osu\u0111ene na zajedni\u010dki rad&#8220; i da o\u010dekuje da \u0107e danas biti dogovoreni detalji tog rada. <\/P><br \/>\n<P>U uvodnom govoru, ministar unutra\u0161njih poslova Srbije Neboj\u0161a Stefanovi\u0107 izjavio je danas da Srbija spremno do\u010dekuje odluku EU o formalnom otpo\u010dinjanju pregovora sa Srbijom o poglavlju 24. <\/P><br \/>\n<P>On je rekao da je zadovoljan izve\u0161tajen EK o napretku Srbije u oblasti evrointegracija, posebno u delu koji se odnosi na Poglavlje 24, ali je napomenuo da je Srbija svesna da ima prostora za napredak. <\/P><br \/>\n<P>&#8222;O\u010dekujemo da do marta 2015. godine zavr\u0161imo rad na Akcionom planu za tu pregovara\u010dku oblast i da ga usaglasimo sa Briselom, a potom da ga usvoji vlada&#8220;, kazao je Stefanovi\u0107. <\/P><br \/>\n<P>On je naveo da je dugoro\u010dni cilj da se do 2018. godine zavr\u0161i proces uskla\u0111ivanja s normama EU, kao i uspe\u0161na implementacija, a u cilju ve\u0107e bezbednosti i boljeg \u017eivota svih gra\u0111ana Srbije. <\/P><br \/>\n<P>&#8222;Kada sve isplanirane reforme budu zavr\u0161ene, a rad srpske policije unapre\u0111en i uskla\u0111en sa normama EU to \u0107e doneti ve\u0107u bezbednost ne samo gra\u0111ana Srbije, ve\u0107 i ostalim evropskim narodima&#8220;, kazao je Stefanovi\u0107. <\/P><br \/>\n<P>On je rekao da \u0107e osim zakonske i organizacione reforme fokus MUP-a i dalje biti suzbijanje organizovanog kriminala i korupcije, terorizma, naro\u010dito trafikinga, trgovine ljudima i ilegalnih migracija. <\/P><br \/>\n<P>Stefanovi\u0107 je napomenuo da kroz Srbiju treba da pro\u0111u ilegalni migranti i droga, kao i trgovci ljudima i njihove \u017ertve i da je zato za celu Evropu va\u017eno da Srbija bude &#8222;\u010dvrst bedem&#8220; i da policija dobro radi svoj posao. <\/P><br \/>\n<P>U uvodnom govoru ministar pravde Srbije Nikola Selakovi\u0107 izrazio je nadu da \u0107e Srbija u predstoje\u0107em periodu nastaviti da bude pouzdan partner EU i da \u0107e efikasno savladati izazove koji se pred svaku dr\u017eavu kandidata postavljaju u toku pristupnih pregovora. <\/P><br \/>\n<P>On je naveo da se 2014. godina po intenzitetu, kako saradnje Srbije sa EU, tako i s dr\u017eavama u regionu mo\u017ee nazvati istorijskom. <\/P><br \/>\n<P>Selakovi\u0107 je rekao da su godinu obele\u017eile pripreme za otvaranje Poglavlja 23 i 24, kao i da je Srbija u procesu tih priprema pomo\u0107 dobila od suseda, ali i sugestije od Evropske komisije (EK). <\/P><br \/>\n<P>&#8222;Zadovoljstvo mi je da napomenem da je pregovara\u010dka grupa za Poglavlje 23 pre nedelju dana uputila Evropskoj komisiji drugi nacrt Akcionog plana za Poglavlje 23, te da \u0107e u najkra\u0107em periodu uslediti njegovo usvajanje&#8220;, rekao je Selakovi\u0107. <\/P><br \/>\n<P>Skup su organizovali ministarstvo unutra\u0161njih poslova i pravde Srbije uz podr\u0161ku Italije, koja do kraja godine predsedava EU, u saradnji sa Evropskom komisijom. <\/P><br \/>\n<P>Na Forumu u\u010destvuje i delegacija Kosova. <\/P><br \/>\n<P>Na skupu \u0107e se razgovarati i o borbi protiv organizovanog kriminala i korupcije, a nastavak foruma je zatvoren za javnost.<\/P><br \/>\n<P>&#8211;<BR><BR><STRONG><U>Srbija pouzdan partner EU<BR><\/U><\/STRONG><BR><EM>(TANJUG) <\/EM>BEOGRAD &#8211; Srbija \u0107e nastaviti da bude pouzdan partner EU i efikasno \u0107e savladati izazove koji se pred svaku dr\u017eavu kandidata postavljaju u toku pristupnih pregovora, poru\u010dili su danas ministar unutra\u0161njih poslova Neboj\u0161a Stefanovi\u0107 i ministar pravosu\u0111a Srbije Nikola Selakovi\u0107 na forumu ministara unutra\u0161njih poslova i pravde &#8222;EU Zapadni Balkan&#8220;.<\/P><br \/>\n<P>Ministar Stefanovi\u0107 rekao je da je cilj Ministarstva da do 2018.u skladu sa politikom Vlade zavr\u0161e proces uskla\u0111ivanja sa normamama EU i uspe\u0161no ih implementira, u cilju ve\u0107e bezbednosti i boljeg \u017eivota svih gra\u0111ana Srbije.<\/P><br \/>\n<P>On je kazao da su borba protiv terorizma i organizovanog kriminala, trgovine ljudima, kao i Poglavlje 23 i 24 od velikog zna\u010daja za Srbiju na njenom evropskom putu.<BR>&#8222;\u010cinjenica da \u0107e Poglavlje 24, kojim rukovodi MUP, me\u0111u prvima biti otvoreno, a poslednje zatvoreno, name\u0107e veliku odgovornost ministarstvu na \u010dijem sam \u010delu&#8220;, podvukao je Stefanovi\u0107 poru\u010div\u0161i da suzbijanje trgovine narkoticima, ljudima i spre\u010davanje organizovanog kriminala nije samo pitanje bezbednosti unutar Srbije, ve\u0107 \u010ditavog regiona i Evrope.<\/P><br \/>\n<P>Kako ka\u017ee za celu Evropu je va\u017eno da Srbija bude \u010dvrst bedem, da na\u0161a policija dobro radi svoj posao i prese\u010de sve kriminalne veze i krijum\u010darske puteve.<BR>&#8222;Jer kada se mi uspe\u0161no borimo protiv kriminala to donosi spokoj ne samo gra\u0111anima Srbije i regiona, ve\u0107 i u velikom delu EU&#8220;, naglasio je on.<\/P><br \/>\n<P>Stefanovi\u0107 je, govore\u0107i o izve\u0161taju Evropske komisije o napretku Srbije, u delu koji se odnosi na Poglavlje 24, rekao da je njime zadovoljan, ali da u ovoj oblasti ima prostora za napredak.<BR>&#8222;Zato \u0107emo nastaviti da sprovodimo reforme, ne samo ekonomske, ve\u0107 i reforme u oblatsi pravde, slobode i bezbednosti&#8220;, podvukao je on.<BR>Stefanovi\u0107 je kazao da \u0107e u izradi akcionih planova MUP u\u010diniti taj proces transaprentan, a \u0161to zna\u010di da \u0107e u izradi druge verzije akcionog plana \u010ditav proces biti uklju\u010dene i organizacije civilnog dru\u0161tva.<\/P><br \/>\n<P>On je rekao da se radi na nacrtu novog zakona o policiji, a koji \u0107e predstavljati temelj za promene u MUP-u, a u skladu sa tekovinama EU.<BR>Poseban zna\u010daj bi\u0107e, kako je kazao, na prijemu, selekciji i karijernom napredovanju u policiji.<\/P><br \/>\n<P>Osim zakonske i organizacione reforme, prema njegovim re\u010dima, fokus MUP \u0107e biti i dalje na suzbijanju organizovanog kriminala i korupcije, terorizma, narko-trafikinga, trgovine ljudima i ilegalne migracije.<\/P><br \/>\n<P>Stefanovi\u0107 je istakao da MUP \u017eeli da pove\u0107a poverenje gra\u0111ana u policiju i da poka\u017ee da se bore protiv korupcije i kriminala u sopstvenim redovima, i na taj na\u010din po\u0161alju poruku da niko, ko se bavi nezakonitim radnjama, ne\u0107e biti za\u0161ti\u0107en.<\/P><br \/>\n<P>Prema njegovim re\u010dima u proteklih sedam meseci napravljen zna\u010dajan napredak, podvukav\u0161i da je zaplenjeno 2,1 tona opojnih droga \u0161to je za oko 400 kilogram avi\u0161e nego u istom peirodu pro\u0161le godine, kao i da je to jedna od pokazatelja da je vlada odlu\u010dna da se suprostavi ovoj pe\u0161asti.<\/P><br \/>\n<P>Ministar Selakovi\u0107 je naglasio da su ove godine Srbiju obele\u017eile pripremu za otvaranje Poglavlja 23 i 24, a koji se ti\u010du vladavine prava, reforme pravosu\u0111a, borbe protiv korupcije, kao i da je za pripremu na\u0161a zemlja imala pomo\u0107 suseda, kako onih koji su stigli do \u010dlanstva u EU, tako i onih koji su stigli na tom putu dalje od nas.<BR>&#8222;To nam je u velikoj meri olak\u0161alo \u0161to efikasniju realizaciju, kako kroz faze skrininga, tako i pisanja akcionih planova za pregovore u ova dva poglavlja&#8220;, rekeoa je on.<\/P><br \/>\n<P>Selakovi\u0107 je istakao da su od velike va\u017enosti za realizaciju ovih zadataka bile i precizne i blagovremene smernice i sugestije koje je Sbrija dobijala od Evropske komisije.<\/P><br \/>\n<P>Prema jegovim re\u010dima pregovara\u010dka grupa za Poglavlje 23 pre nedelju dana je Evropskoj komisiji uputila drugi nacrt Akcionog plana za ovo poglavlje, te dodao da \u0107e u najkra\u0107em periodu uslediti njegovo usvajanje.<\/P><br \/>\n<P>Selakovi\u0107 je kazao da \u0107e Srbija dati sve od sebe da preno\u0161enjem ste\u010denih iskustava u vezi sa pregovara\u010dkim procesom pru\u017ei svu potrebnu pomo\u0107 dr\u017eavama u okru\u017eenju koje tek o\u010dekuju koraci koje je srbija ve\u0107 na\u010dinila.<\/P><br \/>\n<P>Forum su otvorili italijanski ministri unutra\u0161njih poslova i pravde An\u0111elino Alfano i Andreo Orland, koji su istakli da se radi o va\u017enom skupu, koji je od strate\u0161kog zna\u010daja.<\/P><br \/>\n<P>Sve zemlje Zapadnog Balkana, kako su kazali, predstavljaju vitalne partnere EU, i njihove politike su usmerene da postanu deo evropskog duha.<\/P><br \/>\n<P>Na skupu u\u010destvuju ministri pravosu\u0111a i unutra\u0161njih poslova Srbije, Crne Gore, Makedonije, Bosne i Hercegovine, kao i Kosova (sa zvezdicom), Albanije, Litvanije i Italije, a organizuju ministarstva unutra\u0161njih poslova i pravde Srbije, pod pokroviteljstvom Italije, koja predsedava EU, i u saradnji sa Evropskom komisijom.<\/P><br \/>\n<P>Na skupu ministara unutra\u0161njih poslova i pravosu\u0111a regiona, koji \u0107e razgovarati i na dva odvojena sastanka o izazovima u svojim sektorima, u\u010destvova\u0107e evropski komesar za unutra\u0161nje poslove Dimitris Avramopulos i evropska komesarka za pravosu\u0111e Vera Jurova.<BR><BR>&#8211;<BR><BR><STRONG>Italijanska delegacija posetila Specijalni sud <BR><BR><\/STRONG>(<EM><STRONG>TANJUG<\/STRONG><\/EM>), 11.12.2014. &#8211; Saradnja Srbije i Italije na polju borbe protiv organizovanog kriminala, kao i pravosudna saradnja, u stalnom je usponu, ka\u017ee ministar pravde <STRONG>Nikola Selakovi\u0107<\/STRONG>. Specijalni sud posetili su italijanski ministri pravde i policije <STRONG>Andrea Orlando i An\u0111elino Alfano<\/STRONG>.<BR> <BR>Ministar Nikola Selakovi\u0107, predsednik Vi\u0161eg suda Aleksandar Stepanovi\u0107 i tu\u017eilac za organizovani kriminal Miljko Radisavljevi\u0107 primili su goste iz Italije, \u010diji je povod dolaska u Beograd sutra\u0161nja regionalna konferencija &#8222;EU Zapadni Balkan&#8220; koju Srbija organizuje sa Italijom, kao predsedavaju\u0107om EU, prenosi Tanjug. <BR><BR>&#8222;Srbija se jo\u0161 pre 10 godina ugledala na italijanski model borbe protiv organizovanog kriminala i korupcije&#8220;, rekao je Selakovi\u0107.<BR>Oni su u Posebnom odeljenju Vi\u0161eg suda u Beogradu obi\u0161li, pored ostalog, i sudnicu broj 2, poznatiju kao &#8222;Falkone&#8220;, koja je dobila naziv po \u010duvenom italijanskom sudiji <STRONG>\u0110ovaniju Falkoneu<\/STRONG>, koji je izgubio \u017eivot tokom intenzivne borbe protiv mafije.<BR>&#8222;To je bilo priznanje Italiji za postignute rezultate u borbi protiv kriminala i korupcije&#8220;, naglasio je Selakovi\u0107. <BR>Ministar pravde tako\u0111e je podsetio da je italijanska vlada pro\u0161le godine donirala softver Specijalnom sudu i tu\u017eila\u0161tvu u Beogradu, koji koriste i njihovi organi gonjenja. <BR><BR>Italijanski ministar pravde rekao je da je prisustvo njihove delegacije u Beogradu dokaz da se saradnja izme\u0111u dve dr\u017eave produbljuje, pre svega u sferi borbe protiv organizovanog kriminala, koji je \u010desto transnacionalan i ne poznaje dr\u017eavne granice. <BR>Orlando je dodao da Italija stalno radi na pobolj\u0161anju svog zakonodavstva, koje se ti\u010de borbe protiv korupcije i organizovanog kriminala.<BR>&#8222;Falkone je bio ne samo dobar sudija, ve\u0107 i \u010dovek koji je razumeo fenomene s kojima se borio. To mora da bude primer i za nas, kako bismo uspeli u toj borbi&#8220;, rekao je Orlando. <BR><BR>Ministar policije Italije podsetio je da je &#8222;intuicija sudije Falkonea govorila: &#8216;ako \u017eelimo da se borimo i pobedimo mafiju, moramo da vidimo kuda idu tokovi novca'&#8220;.<BR>Alfano je dodao da se italijansko zakonodavstvo zasniva na tom razmi\u0161ljanju. <\/P><br \/>\n<P><IMG style=\"HEIGHT: 224px; WIDTH: 340px\" border=\"0\" alt=\"Ministri Alfano, Selakovi\u0107 i Orlando u Vi\u0161em sudu u Beogradu\" src=\"\/resource\/2014\/12\/2014_12_11AlfanoeOrlandoalTribunaleSuperiore5.jpg\" width=\"766\" height=\"491\"><\/P><br \/>\n<P><IMG style=\"HEIGHT: 231px; WIDTH: 343px\" border=\"0\" alt=\"Ministri Orlando i Selakovi\u0107, specijalni tu\u017eilac Radisavljevi\u0107 i ambasador Manco u Vi\u0161em sudu u Beogradu\" src=\"\/resource\/2014\/12\/2014_12_11AlfanoeOrlandoalTribunaleSuperiore2.jpg\" width=\"766\" height=\"511\"><\/P><br \/>\n<P><IMG style=\"HEIGHT: 211px; WIDTH: 343px\" border=\"0\" alt=\"Predsednik Vi\u0161eg suda Stepanovi\u0107, ministar Orlando, ambasador Manco, ministri Alfano i Selakovi\u0107 ispred sudnice \u0110ovani Falkone\" src=\"\/resource\/2014\/12\/2014_12_11AlfanoeOrlandoalTribunaleSuperiore6.jpg\" width=\"765\" height=\"483\"><\/P><br \/>\n<P>\u00a0<\/P><br \/>\n<P><BR><BR>\u00a0<\/P><\/p>\n","protected":false},"excerpt":{"rendered":"\u00a0\u00a0\u00a0\u00a0 FOTO GALERIJA VIDEO GALERIJA&#8211; Ministri: Region da sara\u0111uje i postane deo EU (Tanjug) Ministri pravde i unutra\u0161njih poslova koji su u\u010destvovali na forumu \u201cEU i Zapadni Balkan\u201d ocenili su da je zna\u010dajno da zemlje zapadnog Balkana sara\u0111uju kako me\u0111usobno, tako i sa Evropskom unijom, ali i da postanu njeni \u010dlanovi. Italijanski ministar pravde Andreo [&hellip;]","protected":false},"author":1,"featured_media":0,"comment_status":"","ping_status":"","sticky":false,"template":"","format":"standard","meta":{"footnotes":""},"tags":[],"class_list":["post-7506","post","type-post","status-publish","format-standard","hentry"],"_links":{"self":[{"href":"https:\/\/ambbelgrado.esteri.it\/sr\/wp-json\/wp\/v2\/posts\/7506","targetHints":{"allow":["GET"]}}],"collection":[{"href":"https:\/\/ambbelgrado.esteri.it\/sr\/wp-json\/wp\/v2\/posts"}],"about":[{"href":"https:\/\/ambbelgrado.esteri.it\/sr\/wp-json\/wp\/v2\/types\/post"}],"author":[{"embeddable":true,"href":"https:\/\/ambbelgrado.esteri.it\/sr\/wp-json\/wp\/v2\/users\/1"}],"replies":[{"embeddable":true,"href":"https:\/\/ambbelgrado.esteri.it\/sr\/wp-json\/wp\/v2\/comments?post=7506"}],"version-history":[{"count":0,"href":"https:\/\/ambbelgrado.esteri.it\/sr\/wp-json\/wp\/v2\/posts\/7506\/revisions"}],"wp:attachment":[{"href":"https:\/\/ambbelgrado.esteri.it\/sr\/wp-json\/wp\/v2\/media?parent=7506"}],"wp:term":[{"taxonomy":"post_tag","embeddable":true,"href":"https:\/\/ambbelgrado.esteri.it\/sr\/wp-json\/wp\/v2\/tags?post=7506"}],"curies":[{"name":"wp","href":"https:\/\/api.w.org\/{rel}","templated":true}]}}