{"id":7501,"date":"2014-12-15T09:24:49","date_gmt":"2014-12-15T08:24:49","guid":{"rendered":"https:\/\/ambbelgrado.esteri.it\/news\/dall_ambasciata\/2014\/12\/dacic-con-maccotta-2\/"},"modified":"2014-12-15T09:24:49","modified_gmt":"2014-12-15T08:24:49","slug":"dacic-con-maccotta-2","status":"publish","type":"post","link":"https:\/\/ambbelgrado.esteri.it\/sr\/news\/dall_ambasciata\/2014\/12\/dacic-con-maccotta-2\/","title":{"rendered":"Ministar spoljnih poslova Da\u010di\u0107 primio generalnog inspektora Makotu"},"content":{"rendered":"<p><P><IMG style=\"HEIGHT: 187px; WIDTH: 362px\" border=\"0\" alt=\"Ministar Da\u010di\u0107 sa generalnim inspektorom Makotom, foto Tanjug\" src=\"\/resource\/2014\/12\/2014_12_12TanjugDacicMacotto02.jpg\" width=\"512\" height=\"236\"><\/P><P><A href=\"https:\/\/www.flickr.com\/photos\/belgrado_italianembassy\/\"><STRONG>FOTO GALERIJA<\/STRONG><\/A><BR><BR><A href=\"https:\/\/www.youtube.com\/user\/BelgradoAmbIta\"><STRONG>VIDEO GALERIJA<\/STRONG><\/A><\/P><br \/>\n<P><STRONG>&#8211;<BR><BR>Da\u010di\u0107 zahvalio Italiji na podr\u0161ci u evropskoj integraciji<\/STRONG><\/P><br \/>\n<P>BEOGRAD &#8211; (<STRONG><EM>Tanjug<\/EM><\/STRONG>) Prvi potpredsednik Vlade i ministar spoljnih poslova Srbije Ivica Da\u010di\u0107 danas je, u razgovoru sa generalnim inspektorom Ministarstva za spoljne poslove i me\u0111unarodnu saradnju Italije Lui\u0111ijem Makotom, zahvalio na kontinuiranoj podr\u0161ci koju Italija pru\u017ea Srbiju u procesu evropskih integracija. <BR><BR>Da\u010di\u0107 je potvrdio zainteresovanost za odr\u017eavanje \u010cetvrte zajedni\u010dke sednice vlada dve dr\u017eave u Beogradu tokom prve polovine 2015. godine, imaju\u0107i u vidu tradiciju zajedni\u010dkih sednica dve vlade, navodi se u saop\u0161tenju Ministarstva spoljnih poslova Srbije. <BR><BR>Da\u010di\u0107 je uputio poziv ministru spoljnih poslova Italije Paolu \u0110entiloniju da poseti Beograd.<BR><BR>Generalni inspektor Makota istakao je dobre bilateralne odnose i izrazio o\u010dekivanje da \u0107e se razvijati me\u0111usobna saradnja dve zemlje na polju borbe protiv korupcije.<BR><BR>&#8211;<BR><BR>Vecernje novosti, 13.12.2014:<\/P><br \/>\n<P><IMG border=\"0\" alt=\"\u010clanak Ve\u010dernjih novosti\" src=\"\/resource\/2014\/12\/Novosti13122014ScansionearticolosullincontroDacicM.jpg\"><BR><BR>\u00a0<\/P><\/p>\n","protected":false},"excerpt":{"rendered":"FOTO GALERIJAVIDEO GALERIJA &#8211;Da\u010di\u0107 zahvalio Italiji na podr\u0161ci u evropskoj integraciji BEOGRAD &#8211; (Tanjug) Prvi potpredsednik Vlade i ministar spoljnih poslova Srbije Ivica Da\u010di\u0107 danas je, u razgovoru sa generalnim inspektorom Ministarstva za spoljne poslove i me\u0111unarodnu saradnju Italije Lui\u0111ijem Makotom, zahvalio na kontinuiranoj podr\u0161ci koju Italija pru\u017ea Srbiju u procesu evropskih integracija. Da\u010di\u0107 je [&hellip;]","protected":false},"author":1,"featured_media":0,"comment_status":"","ping_status":"","sticky":false,"template":"","format":"standard","meta":{"footnotes":""},"tags":[],"class_list":["post-7501","post","type-post","status-publish","format-standard","hentry"],"_links":{"self":[{"href":"https:\/\/ambbelgrado.esteri.it\/sr\/wp-json\/wp\/v2\/posts\/7501","targetHints":{"allow":["GET"]}}],"collection":[{"href":"https:\/\/ambbelgrado.esteri.it\/sr\/wp-json\/wp\/v2\/posts"}],"about":[{"href":"https:\/\/ambbelgrado.esteri.it\/sr\/wp-json\/wp\/v2\/types\/post"}],"author":[{"embeddable":true,"href":"https:\/\/ambbelgrado.esteri.it\/sr\/wp-json\/wp\/v2\/users\/1"}],"replies":[{"embeddable":true,"href":"https:\/\/ambbelgrado.esteri.it\/sr\/wp-json\/wp\/v2\/comments?post=7501"}],"version-history":[{"count":0,"href":"https:\/\/ambbelgrado.esteri.it\/sr\/wp-json\/wp\/v2\/posts\/7501\/revisions"}],"wp:attachment":[{"href":"https:\/\/ambbelgrado.esteri.it\/sr\/wp-json\/wp\/v2\/media?parent=7501"}],"wp:term":[{"taxonomy":"post_tag","embeddable":true,"href":"https:\/\/ambbelgrado.esteri.it\/sr\/wp-json\/wp\/v2\/tags?post=7501"}],"curies":[{"name":"wp","href":"https:\/\/api.w.org\/{rel}","templated":true}]}}