{"id":7484,"date":"2014-12-17T10:48:57","date_gmt":"2014-12-17T09:48:57","guid":{"rendered":"https:\/\/ambbelgrado.esteri.it\/news\/dall_ambasciata\/2014\/12\/ambasciata-verde-2\/"},"modified":"2014-12-17T10:48:57","modified_gmt":"2014-12-17T09:48:57","slug":"ambasciata-verde-2","status":"publish","type":"post","link":"https:\/\/ambbelgrado.esteri.it\/sr\/news\/dall_ambasciata\/2014\/12\/ambasciata-verde-2\/","title":{"rendered":"Predstavljanje projekta &#8222;Zelena ambasada&#8220;"},"content":{"rendered":"<p><strong>\u00a0<\/strong><\/p>\n<table>\n<tbody>\n<tr>\n<td><img decoding=\"async\" src=\"resource\/img\/2016\/04\/evento_energo_04.jpg\" alt=\"Predstavljanje projekta \"Zelena ambasada\"\" \/>\u00a0<\/td>\n<td><img decoding=\"async\" src=\"resource\/img\/2016\/04\/evento_energo_01.jpg\" alt=\"Predstavljanje projekta \"Zelena ambasada\"\" \/>\u00a0<\/td>\n<\/tr>\n<tr>\n<td>\u00a0<img decoding=\"async\" src=\"resource\/img\/2016\/04\/evento_energo_02.jpg\" alt=\"Predstavljanje projekta \"Zelena ambasada\"\" \/><\/td>\n<td>\u00a0<img decoding=\"async\" src=\"resource\/img\/2016\/04\/evento_energo_03.jpg\" alt=\"Predstavljanje projekta \"Zelena ambasada\"\" \/><\/td>\n<\/tr>\n<\/tbody>\n<\/table>\n<p><strong><a href=\"https:\/\/www.youtube.com\/user\/BelgradoAmbIta\"><\/a><\/strong><\/p>\n<p><strong>B92: 90 godina ambasade Italije<br \/><\/strong><br \/>IZVOR: <em><strong>BETA<\/strong><\/em> <\/p>\n<p>Beograd &#8212; Ambasada Italije u Beogradu obele\u017eila je 90. godi\u0161njicu od svog osnivanja, prijemom u rezidenciji ambasadora i predstavljanjem projekta &#8222;Zelena Ambasada&#8220;. <br \/>Obele\u017eavanje godi\u0161njice osnivanja zgrade Ambasade imalo je za cilj da pove\u017ee bogato istorijsko i kulturno nasle\u0111e s budu\u0107no\u0161\u0107u i pitanjima o\u010duvanja \u017eivotne sredine. <br \/>Projekat &#8222;Zelena ambasada&#8220; se sastoji u pobolj\u0161anju energetske efikasnosti i ambijentalne odr\u017eivosti sedi\u0161ta Ambasade. <\/p>\n<p>U tom cilju, najnovijim tehnologijama utvr\u0111ene su intervencije koje u tom zdanju treba uraditi da bi se smanjila potro\u0161nja energije i negativni uticaj na \u017eivotnu sredinu, precizirala je italijanska ambasada. Projekat sprovodi italijansko-srpska kompanija Energo. <\/p>\n<p>Prva i najva\u017enija intervencija, zamena sistema grejanja u rezidenciji, ve\u0107 je izvr\u0161ena zajedno sa sa\u0111enjem organske ba\u0161te u dvori\u0161tu ambasade u kojoj se gaje tipi\u010dni srpski proizvodi. <\/p>\n<p>Govore\u0107i o osnivanju zgrade ambasade za koju je zemlji\u0161te poklonila Jelena Savojska, i koja predstavlja bliske istorijske i prijateljske veze Srbije i Italije, ambasador \u0110uzepe Manco rekao je da ta zemlja \u017eeli da promovi\u0161e kori\u0161\u0107enje \u010diste energije i za\u0161tite \u017eivotne okoline i da je zato pokrenula ovaj projekat. <\/p>\n<p>&#8222;Ambasada \u0107e, sa sprovo\u0111enem ovog projekta, biti zelenija i zelenija, sa \u010distom energijom&#8220;, kazao je Manco.<\/p>\n<p>Teme iz oblasti energetike i o\u010duvanja \u017eivotne sredine su i centralne teme razgovora o ekonomskoj saradnji izme\u0111u Italije i Srbije kojima \u0107e se bavit u manifestacija Expo 2015 u Milanu, \u010diji je slogan &#8222;Hraniti planetu energija za \u017eivot&#8220;. <\/p>\n<p><\/p>\n<table>\n<tbody>\n<tr>\n<td>\u00a0<img decoding=\"async\" src=\"resource\/img\/2016\/04\/evento_energo_05.jpg\" alt=\"Predstavljanje projekta \"Zelena ambasada\"\" \/><\/td>\n<td><img decoding=\"async\" src=\"resource\/img\/2016\/04\/evento_energo_06.jpg\" alt=\"Predstavljanje projekta \"Zelena ambasada\"\" \/>\u00a0<\/td>\n<\/tr>\n<tr>\n<td><img decoding=\"async\" src=\"resource\/img\/2016\/04\/evento_energo_07.jpg\" alt=\"Predstavljanje projekta \"Zelena ambasada\"\" \/><\/td>\n<td><img decoding=\"async\" src=\"resource\/img\/2016\/04\/evento_energo_08.jpg\" alt=\"Predstavljanje projekta \"Zelena ambasada\"\" \/><\/td>\n<\/tr>\n<\/tbody>\n<\/table>\n<p>\u00a0<\/p>\n<p><a href=\"\/resource\/2014\/12\/OzelenjivanjeItalijanskeambasadePolitika18decembar.jpg\"><strong>POLITIKA, 18.12.2014. &#8211; clanak &#8222;&#8220;Ozelenjavanje&#8220; italijanske ambasade&#8217;<\/strong><\/a><\/p>\n<p>&#8211;<br \/><strong>Ambasada Italije za 90. ro\u0111endan postaje &#8222;zelena&#8220;<br \/><\/strong><br \/>(<strong><em>TANJUG<\/em><\/strong>) &#8211; Ambasada Italije u Beogradu obele\u017eila je ve\u010deras koktelom 90. godi\u0161njicu zdanja u kome se nalazi i na kojem je predstavljen projekat &#8222;Zelena ambasada&#8220;. <\/p>\n<p>Zgrada ambasade, \u010dija je gradnja po\u010dela 1924. godine, predstavlja dragulj italijanske arhitekture u srcu Beograda, i ambasada je \u017eelela da pove\u017ee tu ba\u0161tinu s budu\u0107no\u0161\u0107u projektom koji \u0107e doprineti za\u0161titi \u017eivotne sredine i energetskoj odr\u017eivosti zdanja.<\/p>\n<p>Zdanje predstavlja simbol bliskih istorijskih odnosa prijateljstva izme\u0111u Italije i Srbije, navedeno je u saop\u0161tenju ambasade.<\/p>\n<p>Ambasador Italije \u0110uzepe Manco izjavio je, predstavljaju\u0107i projekat, da je zgrada ambasade zave\u0161tanje Jelene Savojske, crnogorske princeze i kraljice Italije, koja je donirala zemlji\u0161te na kojem je podignuta ambasada.<br \/>&#8222;Zahvaljuju\u0107i Jeleni Crnogorskoj, 90 godina kasnije slavimo u ovom prelepom zdanju&#8220;, rekao je Manco u obra\u0107anju zvanicama.<\/p>\n<p>On je istakao da projekat &#8222;Zelena ambasada&#8220; predstavlja rad za narednih 90 godina.<\/p>\n<p>Projekat je po\u010deo izradom studije, koju je pripremila italijanska kompanija &#8222;Energo&#8220; radi pove\u0107anja energetske efikasnosti zgrade i smanjenja zaga\u0111enja okoline. Predvi\u0111eno je da radovi budu fokusirani na sisteme grejanja, hla\u0111enja i osvetljenja, i u okviru tog plana ve\u0107 je promenjen glavni bojler u zgradi.<\/p>\n<p>&#8211;<\/p>\n<p>Povodom 90-godi\u0161njice od osnivanja Ambasade Italije u Beogradu u sredu, 17. decembra 2014. godine od 18.30 do 20.00 \u010dasova u Rezidenciji ambasadora &#8211; Bir\u010daninova 9a, Beograd, bi\u0107e uprili\u010den koktel radi predstavljanja projekta \u201cZelena ambasada\u201d. <br \/>Doga\u0111aj je organizovan sa ciljem da se proslavi jubilej osnivanja zgrade Ambasade, dragulja italijanske arhitekture u Beogradu, bogatog umetni\u010dkim delima iz Italije i da se ovo bogato istorijsko i umetni\u010dko nasle\u0111e pove\u017ee sa budu\u0107no\u0161\u0107u pomo\u0107u projekta \u201cZelena ambasada\u201d. Projekat se sastoji u pobolj\u0161anju, na najbolji mogu\u0107i na\u010din,\u00a0 energetske efikasnosti i ambijentalne odr\u017eivosti sedi\u0161ta Ambasade. Da bi se to ostvarilo, italijansko-srpsko preduze\u0107e ENERGO izvr\u0161ila je, koriste\u0107i najnovije tehnologije,\u00a0 energetski audit koji je otkrio ta\u010dke prekomerne potro\u0161nje i intervencije koje treba uraditi da bi se smanjila potro\u0161nja energije\u00a0 i negativni uticaj na \u017eivotnu sredinu<br \/>Prva i najva\u017enija intervencija, zamena kotla za grejanje u rezidenciji ambasadora, ve\u0107 je izvr\u0161ena, zajedno sa inauguracijom organske ba\u0161te u dvori\u0161tu ambasade u kojoj se gaje tipi\u010dni srpski proizvodi. <br \/>Ove teme koje se ti\u010du energetike i o\u010duvanja \u017eivotne sredine su centralne teme razgovora o ekonomskoj saradnji izme\u0111u Italije i Srbije koje \u0107e biti tretirane i u okviru manifestacije Expo 2015 u Milanu \u010diji je slogan \u201cHraniti planetu energija za \u017eivot\u201d.<\/p>\n<p>\u00a0<\/p>\n<table>\n<tbody>\n<tr>\n<td><img decoding=\"async\" src=\"resource\/img\/2016\/04\/evento_energo.jpg\" alt=\"Predstavljanje projekta \"Zelena ambasada\"\" \/>\u00a0<\/td>\n<td><img decoding=\"async\" src=\"resource\/img\/2016\/04\/evento_energo_09.jpg\" alt=\"Predstavljanje projekta \"Zelena ambasada\"\" \/>\u00a0<\/td>\n<\/tr>\n<tr>\n<td>\u00a0<img decoding=\"async\" src=\"resource\/img\/2016\/04\/evento_energo_11.jpg\" alt=\"Predstavljanje projekta \"Zelena ambasada\"\" \/><\/td>\n<td>\u00a0<img decoding=\"async\" src=\"resource\/img\/2016\/04\/evento_energo_12.jpg\" alt=\"Predstavljanje projekta \"Zelena ambasada\"\" \/><\/td>\n<\/tr>\n<\/tbody>\n<\/table>\n","protected":false},"excerpt":{"rendered":"\u00a0 \u00a0 \u00a0 \u00a0 \u00a0 B92: 90 godina ambasade ItalijeIZVOR: BETA Beograd &#8212; Ambasada Italije u Beogradu obele\u017eila je 90. godi\u0161njicu od svog osnivanja, prijemom u rezidenciji ambasadora i predstavljanjem projekta &#8222;Zelena Ambasada&#8220;. Obele\u017eavanje godi\u0161njice osnivanja zgrade Ambasade imalo je za cilj da pove\u017ee bogato istorijsko i kulturno nasle\u0111e s budu\u0107no\u0161\u0107u i pitanjima o\u010duvanja \u017eivotne [&hellip;]","protected":false},"author":1,"featured_media":0,"comment_status":"","ping_status":"","sticky":false,"template":"","format":"standard","meta":{"footnotes":""},"tags":[],"class_list":["post-7484","post","type-post","status-publish","format-standard","hentry"],"_links":{"self":[{"href":"https:\/\/ambbelgrado.esteri.it\/sr\/wp-json\/wp\/v2\/posts\/7484","targetHints":{"allow":["GET"]}}],"collection":[{"href":"https:\/\/ambbelgrado.esteri.it\/sr\/wp-json\/wp\/v2\/posts"}],"about":[{"href":"https:\/\/ambbelgrado.esteri.it\/sr\/wp-json\/wp\/v2\/types\/post"}],"author":[{"embeddable":true,"href":"https:\/\/ambbelgrado.esteri.it\/sr\/wp-json\/wp\/v2\/users\/1"}],"replies":[{"embeddable":true,"href":"https:\/\/ambbelgrado.esteri.it\/sr\/wp-json\/wp\/v2\/comments?post=7484"}],"version-history":[{"count":0,"href":"https:\/\/ambbelgrado.esteri.it\/sr\/wp-json\/wp\/v2\/posts\/7484\/revisions"}],"wp:attachment":[{"href":"https:\/\/ambbelgrado.esteri.it\/sr\/wp-json\/wp\/v2\/media?parent=7484"}],"wp:term":[{"taxonomy":"post_tag","embeddable":true,"href":"https:\/\/ambbelgrado.esteri.it\/sr\/wp-json\/wp\/v2\/tags?post=7484"}],"curies":[{"name":"wp","href":"https:\/\/api.w.org\/{rel}","templated":true}]}}