{"id":7478,"date":"2014-12-19T09:27:20","date_gmt":"2014-12-19T08:27:20","guid":{"rendered":"https:\/\/ambbelgrado.esteri.it\/news\/dall_ambasciata\/2014\/12\/manzo-vertice-cina-europa-centrorientale-2\/"},"modified":"2014-12-19T09:27:20","modified_gmt":"2014-12-19T08:27:20","slug":"manzo-vertice-cina-europa-centrorientale-2","status":"publish","type":"post","link":"https:\/\/ambbelgrado.esteri.it\/sr\/news\/dall_ambasciata\/2014\/12\/manzo-vertice-cina-europa-centrorientale-2\/","title":{"rendered":"Ambasador Manco: Samit dobar signal za evropsku budu\u0107nost Srbije"},"content":{"rendered":"<p><P><IMG style=\"HEIGHT: 158px; WIDTH: 237px\" border=\"0\" alt=\"Ambasador Manco (foto Tanjug)\" src=\"\/resource\/2014\/12\/2014_12_17FotositoAmbManzoTanjug.jpg\" width=\"448\" height=\"319\"><\/P><P><A href=\"https:\/\/www.youtube.com\/watch?v=uaD0sqNBF7g\"><STRONG>VIDEO GALERIJA<\/STRONG><\/A><\/P><br \/>\n<P>(<STRONG><EM>TANJUG<\/EM><\/STRONG>) BEOGRAD &#8211; Ambasador Italije u Beogradu \u0110uzepe Manco ocenio je ve\u010deras da je odr\u017eavanje Tre\u0107eg samita Kine i zemalja Centralne i Isto\u010dne Evrope u Beogradu veoma dobar korak napred i pozitivan signal za evropsku budu\u0107nost Srbije.<\/P><br \/>\n<P>&#8222;<EM>Mislim da je to veoma dobar korak napred, i tako\u0111e u skladu sa onim \u0161to smo mi govorili proteklih meseci i godina &#8211; da Srbija ima veoma konstruktivnu ulogu u regionalnoj saradnji<\/EM>&#8222;, rekao je <STRONG>Manco<\/STRONG> Tanjugu.<\/P><br \/>\n<P><EM>&#8222;Videli smo mnogo bilateralnih sastanaka odr\u017eanih u Beogradu, a to \u0161to su Srbija i Beograd bili doma\u0107ini ovog sastanka dobar je signal za Srbiju, za njenu budu\u0107nost u Evropi, kao i za region&#8220;,<\/EM> dodao je italijanski ambasador.<\/P><br \/>\n<P>Navev\u0161i da svakako treba sa\u010dekati konkretne rezultate Samita, Manco je ocenio da su u svakom slu\u010daju sama ideja i koncept na kojima se temelji Samit pozitivni.<BR><BR><EM>&#8222;Kada govorimo o regionalnoj integraciji, rastu, me\u0111usobnoj povezanosti, to je ono o \u010demu je Italija, kao predsedavaju\u0107i EU, govorila proteklih \u0161est meseci. To su teme i pitanja gde zaista \u017eelimo da napredujemo. Dakle, to je dobra stvar<\/EM>&#8222;, rekao je on na prijemu povodom 90. godi\u0161njice osnivanja ambasade Italije u Beogradu.<\/P><br \/>\n<P>Ambasador Manco je primetio da postoji jo\u0161 jedna stvar u vezi sa Samitom koja se savr\u0161eno poklapa s programom italijanskog predsedavanja, a to je stavljanje Srbije u centar Balkana i njeno predvo\u0111enje regiona na putu ka EU.<\/P><br \/>\n<P>(Foto Tanjug, D. Peternek)<\/P><br \/>\n<P>&#8211;<BR><STRONG>RTS<BR><\/STRONG><BR><STRONG>Manco: Samit dobar korak napred<BR><\/STRONG><BR>Ambasador Italije u Beogradu \u0110uzepe Manco ocenio je da je odr\u017eavanje Tre\u0107eg samita Kine i zemalja Centralne i Isto\u010dne Evrope u Beogradu veoma dobar korak napred. <BR><BR>\u0110uzepe Manco je u izjavi za Tanjug ocenio da je re\u010d o pozitivnom signalu za evropsku budu\u0107nost Srbije.<BR>&#8222;Mislim da je to veoma dobar korak napred, i tako\u0111e u skladu sa onim \u0161to smo mi govorili proteklih meseci i godina &#8211; da Srbija ima veoma konstruktivnu ulogu u regionalnoj saradnji&#8220;, rekao je Manco.<BR><BR>&#8222;Videli smo mnogo bilateralnih sastanaka odr\u017eanih u Beogradu, a to \u0161to su Srbija i Beograd bili doma\u0107ini ovog sastanka dobar je signal za Srbiju, za njenu budu\u0107nost u Evropi, kao i za region&#8220;, dodao je italijanski ambasador.<BR><BR>Istakav\u0161i da svakako treba sa\u010dekati konkretne rezultate Samita, Manco je ocenio da su u svakom slu\u010daju sama ideja i koncept na kojima se temelji Samit pozitivni.<BR><BR>&#8222;Kada govorimo o regionalnoj integraciji, rastu, me\u0111usobnoj povezanosti, to je ono o \u010demu je Italija, kao predsedavaju\u0107i EU, govorila proteklih \u0161est meseci. To su teme i pitanja gde zaista \u017eelimo da napredujemo. Dakle, to je dobra stvar&#8220;, rekao je on na prijemu povodom 90. godi\u0161njice osnivanja ambasade Italije u Beogradu.<BR><BR>Ambasador Manco je primetio da postoji jo\u0161 jedna stvar u vezi sa Samitom koja se savr\u0161eno poklapa s programom italijanskog predsedavanja, a to je stavljanje Srbije u centar Balkana i njeno predvo\u0111enje regiona na putu ka EU.<BR><BR>(<A href=\"http:\/\/www.rts.rs\/page\/stories\/sr\/story\/9\/Politika\/1776932\/Manco%3A+Samit+dobar+korak+napred.html\">http:\/\/www.rts.rs\/page\/stories\/sr\/story\/9\/Politika\/1776932\/Manco%3A+Samit+dobar+korak+napred.html<\/A>)<BR>&#8211;<BR><STRONG>B92<BR><\/STRONG><A href=\"http:\/\/www.b92.net\/info\/vesti\/index.php?yyyy=2014&#038;mm=12&#038;dd=18&#038;nav_id=937627\">http:\/\/www.b92.net\/info\/vesti\/index.php?yyyy=2014&#038;mm=12&#038;dd=18&#038;nav_id=937627<\/A><\/P><br \/>\n<P>\u00a0<\/P><\/p>\n","protected":false},"excerpt":{"rendered":"VIDEO GALERIJA (TANJUG) BEOGRAD &#8211; Ambasador Italije u Beogradu \u0110uzepe Manco ocenio je ve\u010deras da je odr\u017eavanje Tre\u0107eg samita Kine i zemalja Centralne i Isto\u010dne Evrope u Beogradu veoma dobar korak napred i pozitivan signal za evropsku budu\u0107nost Srbije. &#8222;Mislim da je to veoma dobar korak napred, i tako\u0111e u skladu sa onim \u0161to smo [&hellip;]","protected":false},"author":1,"featured_media":0,"comment_status":"","ping_status":"","sticky":false,"template":"","format":"standard","meta":{"footnotes":""},"tags":[],"class_list":["post-7478","post","type-post","status-publish","format-standard","hentry"],"_links":{"self":[{"href":"https:\/\/ambbelgrado.esteri.it\/sr\/wp-json\/wp\/v2\/posts\/7478","targetHints":{"allow":["GET"]}}],"collection":[{"href":"https:\/\/ambbelgrado.esteri.it\/sr\/wp-json\/wp\/v2\/posts"}],"about":[{"href":"https:\/\/ambbelgrado.esteri.it\/sr\/wp-json\/wp\/v2\/types\/post"}],"author":[{"embeddable":true,"href":"https:\/\/ambbelgrado.esteri.it\/sr\/wp-json\/wp\/v2\/users\/1"}],"replies":[{"embeddable":true,"href":"https:\/\/ambbelgrado.esteri.it\/sr\/wp-json\/wp\/v2\/comments?post=7478"}],"version-history":[{"count":0,"href":"https:\/\/ambbelgrado.esteri.it\/sr\/wp-json\/wp\/v2\/posts\/7478\/revisions"}],"wp:attachment":[{"href":"https:\/\/ambbelgrado.esteri.it\/sr\/wp-json\/wp\/v2\/media?parent=7478"}],"wp:term":[{"taxonomy":"post_tag","embeddable":true,"href":"https:\/\/ambbelgrado.esteri.it\/sr\/wp-json\/wp\/v2\/tags?post=7478"}],"curies":[{"name":"wp","href":"https:\/\/api.w.org\/{rel}","templated":true}]}}