{"id":7473,"date":"2014-12-19T10:48:35","date_gmt":"2014-12-19T09:48:35","guid":{"rendered":"https:\/\/ambbelgrado.esteri.it\/news\/dall_ambasciata\/2014\/12\/presepe-2\/"},"modified":"2014-12-19T10:48:35","modified_gmt":"2014-12-19T09:48:35","slug":"presepe-2","status":"publish","type":"post","link":"https:\/\/ambbelgrado.esteri.it\/sr\/news\/dall_ambasciata\/2014\/12\/presepe-2\/","title":{"rendered":"BO\u017dI\u0106NE JASLE AMBASADE ITALIJE U BEOGRADU"},"content":{"rendered":"<p><P><IMG border=\"0\" alt=\"Bo\u017ei\u0107ne jasle u Ambasadi Italije\" src=\"\/resource\/2014\/12\/Presepepiccola1.jpg\"><\/P><P><STRONG><A id=\"FOTO GALERIJA\" href=\"https:\/\/www.flickr.com\/photos\/belgrado_italianembassy\/\" name=\"FOTO GALERIJA\">FOTO GALERIJA<\/A><\/STRONG><BR><BR>&#8211;<BR><BR>I ove godine Ambasada Italije u Beogradu mo\u0107i \u0107e da se pohvali svojim bo\u017ei\u0107nim jaslama, zahvaljuju\u0107i inicijativi i kreativnosti jednog od svojih radnika.<\/P><br \/>\n<P>U izgledu jasli prepoznatljivi su kako elementi lokalne arhitekture (zidine Novog groblja u Beogradu, orijentalnog prizvuka) tako i graditeljske crtice na\u0161e italijanske domovine, sve sa pe\u0107inom koja poprima obrise Kubule u Palermu, simbola simbioze kultura brojnih naroda Mediterana.<\/P><br \/>\n<P>Ove godine autor bo\u017ei\u0107nih jasli bio je inspirisan da rimokatoli\u010dku tradiciju obogati duhom pravoslavlja, koji se manifestuje i kroz po\u0161tovanja ikona i prikaza. <\/P><br \/>\n<P>Svi likovi jasli naslikani su na kamenju iz Dunava, Save, Drine \u2013 arterija Balkana u evropskom organizmu.<\/P><br \/>\n<P>Prikaz kolevke sa\u010dinjen je na crnoj kamenoj podlozi u pravoslavnom ikonopisa\u010dkom stilu i predstavlja tek ro\u0111enog Hrista, prepovijenog i polo\u017eenog u korito \u2013 ovo se poistove\u0107uje i sa kov\u010degom, koji kao da nagove\u0161tava ve\u0107 smrt i vaskrsenje Bogo\u010doveka.<\/P><br \/>\n<P><BR><EM>Beograd, decembar 2014.<\/EM><BR><\/P><\/p>\n","protected":false},"excerpt":{"rendered":"FOTO GALERIJA&#8211;I ove godine Ambasada Italije u Beogradu mo\u0107i \u0107e da se pohvali svojim bo\u017ei\u0107nim jaslama, zahvaljuju\u0107i inicijativi i kreativnosti jednog od svojih radnika. U izgledu jasli prepoznatljivi su kako elementi lokalne arhitekture (zidine Novog groblja u Beogradu, orijentalnog prizvuka) tako i graditeljske crtice na\u0161e italijanske domovine, sve sa pe\u0107inom koja poprima obrise Kubule u [&hellip;]","protected":false},"author":1,"featured_media":0,"comment_status":"","ping_status":"","sticky":false,"template":"","format":"standard","meta":{"footnotes":""},"tags":[],"class_list":["post-7473","post","type-post","status-publish","format-standard","hentry"],"_links":{"self":[{"href":"https:\/\/ambbelgrado.esteri.it\/sr\/wp-json\/wp\/v2\/posts\/7473","targetHints":{"allow":["GET"]}}],"collection":[{"href":"https:\/\/ambbelgrado.esteri.it\/sr\/wp-json\/wp\/v2\/posts"}],"about":[{"href":"https:\/\/ambbelgrado.esteri.it\/sr\/wp-json\/wp\/v2\/types\/post"}],"author":[{"embeddable":true,"href":"https:\/\/ambbelgrado.esteri.it\/sr\/wp-json\/wp\/v2\/users\/1"}],"replies":[{"embeddable":true,"href":"https:\/\/ambbelgrado.esteri.it\/sr\/wp-json\/wp\/v2\/comments?post=7473"}],"version-history":[{"count":0,"href":"https:\/\/ambbelgrado.esteri.it\/sr\/wp-json\/wp\/v2\/posts\/7473\/revisions"}],"wp:attachment":[{"href":"https:\/\/ambbelgrado.esteri.it\/sr\/wp-json\/wp\/v2\/media?parent=7473"}],"wp:term":[{"taxonomy":"post_tag","embeddable":true,"href":"https:\/\/ambbelgrado.esteri.it\/sr\/wp-json\/wp\/v2\/tags?post=7473"}],"curies":[{"name":"wp","href":"https:\/\/api.w.org\/{rel}","templated":true}]}}