{"id":7448,"date":"2015-01-16T11:21:05","date_gmt":"2015-01-16T10:21:05","guid":{"rendered":"https:\/\/ambbelgrado.esteri.it\/news\/dall_ambasciata\/2015\/01\/intervista-industrija-2\/"},"modified":"2015-01-16T11:21:05","modified_gmt":"2015-01-16T10:21:05","slug":"intervista-industrija-2","status":"publish","type":"post","link":"https:\/\/ambbelgrado.esteri.it\/sr\/news\/dall_ambasciata\/2015\/01\/intervista-industrija-2\/","title":{"rendered":"Intervju ambasadora Manca za \u010dasopis &#8222;Industrija&#8220;"},"content":{"rendered":"<p><P align=\"center\">INTERVJU<BR>NJ.E. \u0110uzepe Manco, ambasador Italije u Srbiji<\/P><P><BR><EM><STRONG>1.\u00a0Kada ste pre godinu ipo dana imenovani za ambasadora Italije u Srbiji, kakav je bio Va\u0161 prvi utisak o privredim prilikama i da li se od tada ne\u0161to promenilo na bolje?<\/STRONG><\/EM><\/P><br \/>\n<P>Kada sam stigao u Beograd \u2013 pre godinu i po dana \u2013 bio sam pod pozitivnim utiskom odli\u010dnih ekonomskih odnosa izme\u0111u Italije i Srbije, sa preko 500 italijanskih preduze\u0107a koja ovde posluju. Danas su na\u0161i bilateralni odnosi jo\u0161 bolji i va\u0161a Vlada naporno radi na pobolj\u0161anju poslovne klime u zemlji kako bi privukla strane investitore, me\u0111u njima i one iz Italije. Svakako da su te\u0161ka vremene jo\u0161 uvek ispred Srbije, Evropske unije i \u010ditavog sveta, ali svi se trudimo da prevazi\u0111emo aktuelne ekonomske probleme. U tom smislu, Srbija je naro\u010dito motivisana budu\u0107i da njen proces evropskih integracija zahteva sprovo\u0111enje reformi i uskla\u0111ivanje sa standardima Evropske unije.<\/P><br \/>\n<P><EM><STRONG>2.\u00a0Vi ste zagovornik teme pro\u0161irenja Evropske unije. \u0160ta bi zajednica evropskih naroda dobila pristupanjem zemalja zapadnog Balkana koje \u010dekaju na prijem a me\u0111u kojima je i na\u0161a zemlja?<\/STRONG><\/EM><\/P><br \/>\n<P><BR>Pre svega \u017eelim da ka\u017eem da su Srbija i zemlje Zapadnog Balkana ve\u0107 u Evropi ako se uzmu u obzir trgovinske veze i va\u0161 odnos prema mladim generacijama. \u0160to se politike ti\u010de, Italija vidi integraciju ovog regionu u Evropsku uniju kao realizaciju projekta koji su osmislili osniva\u010di Evropske zajednice. Verujemo da pre svega kroz evropske integracije, ovaj region mo\u017ee da dostigne potpunu politi\u010dku stabilnost i stalni ekonomski rast, koriste\u0107i povoljnosti ve\u0107eg tr\u017ei\u0161ta od oko 300 miliona Evropljana kao i prostor pravde, sigurnosti i slobode.<\/P><br \/>\n<P><STRONG>3.\u00a0Italija i Srbija na osnovu istorijskog prijateljstva grade pozitivne budu\u0107e odnose. Koliko je Italija, kao predsedavaju\u0107a Savetom EU spremna da pomogne Srbiji da otvori prvo poglavlje u pregovorima sa EU?<\/STRONG><\/P><br \/>\n<P>Mo\u017eete uvek ra\u010dunati na podr\u0161ku Italije kao \u0161to ste to \u010dinili proteklih godina u kojima se Italija \u010dvrsto zalagala za evropski put Srbije. Nedavno je italijanski ministar spoljnih poslova Paolo \u0110entiloni insistirao pri Savetu Evropske unije da se Srbiji do kraja godine omogu\u0107i otvaranje poglavlja 32 koje se ti\u010de finansijske kontrole i tako oda priznanje velikim naporima koje srpske vlasti ula\u017eu u procesu reformi. Ista takva poruka je poslata i parlamentarnom rezolucijom koju je italijanski Senat jednoglasno usvojio pre par nedelja i u kojoj je tra\u017eio skoro otvaranje prvih poglavlja. Tako\u0111e, Italija je u svojstvu predsedavaju\u0107eg Evropskom unijom nedavno lansirala EU Strategiju za Jadransko-jonski region zajedno sa jo\u0161 sedam zemlja iz EU i sa zemljama koje nisu \u010dlanice Evropske unije, me\u0111u kojima je i Srbija. Ta strategija \u0107e dati zna\u010dajan doprinos evropskom putu zemalja Zapadnog Balkana, promovi\u0161u\u0107i dalju stabilnost i ekonomski rast regiona.<\/P><br \/>\n<P><EM><STRONG>4.\u00a0Na\u0161a zemlja trenutno sprovodi bitne reforme s ciljem ekonomskog oporavka zemlje. Koliko je, prema Va\u0161em mi\u0161ljenju, bitno ja\u010danje privrede i nastavak sigurnog puta i u\u010dlanjenja u zajednicu evropskih naroda?<\/STRONG><\/EM><\/P><br \/>\n<P>To je izuzetno va\u017eno, budu\u0107i da ekonomski rast podrazumeva dru\u0161tvenu i politi\u010dku stabilnost. Reforme i vanredne mere ekonomskog oporavka su uvek bolne na kratke staze ali su istovremeno nagra\u0111uju\u0107e u budu\u0107nosti kada govorimo o javnim finansijama, privla\u010denju novih investicija i pokretanju motora ekonomskog rasta. Smatram da srpsku Vladu treba ohrabriti da nastavi sa radom, kroz aktivnosti koje \u0107e doneti dobrobit gra\u0111anima Srbije na putu pribli\u017eavanja Evropskoj uniji.<\/P><br \/>\n<P><EM><STRONG>5.\u00a0Me\u0111u stranim investitorima u Srbiji, Italija je visoko kotirana. Brojne italijanske kompanije uspe\u0161no posluju u na\u0161oj zemlji, posebno u oblasti tekstilne i automobilske industrije. Ima li indicija da \u0107e se nastaviti ovaj trend i u kojoj meri \u0107e se ove investicije pove\u0107ati?<\/STRONG><\/EM><\/P><br \/>\n<P>Italija je najve\u0107i trgovinski partner Srbije i najve\u0107i strani investitor u zemlji. Naravno, svi smo svesni da \u0161to vi\u0161e Srbija napreduje ka Evropskoj uniji, otvaraju\u0107i svoju privredu za strane investicije, to konkurencija me\u0111u internacionalnim partnerima postaje sve ve\u0107a. Ali ja sam uveren da \u0107e sve vi\u0161e italijanskih preduze\u0107a nastaviti da tra\u017ei prilike za ulaganje u Srbiji. Oni dolaze zato \u0161to ovde nalaze niz olak\u0161avaju\u0107ih uslova za investiranje. Ne radi se samo o ceni radne snage ve\u0107 pre svega o visoko kvalitetnoj radnoj snazi, dobrim merama koje privla\u010de strane investitore i mogu\u0107nosti da se dopre do ve\u0107ih tr\u017ei\u0161ta Rusije i centralne Azije preko sporazuma o slobodnoj trgovini. Uveren sam i da \u0107e nedavno postignut dogovorom izme\u0111u va\u0161e Vlade i MMF-a doprineti privla\u010denju novih investicija italijanskih kompanija i srednjero\u010dno dovesti do otvaranja novih radnih mesta.<\/P><br \/>\n<P><STRONG><EM>6.\u00a0U kojim sektorima industrije Italija najvi\u0161e sara\u0111uje sa Srbijom?<\/EM><\/STRONG><\/P><br \/>\n<P>Kao \u0161to ste rekli, ovde posluju italijanska preduze\u0107a iz oblasti tekstilne i naravno automobilske industrije. Postoji i veliko prisustvo u bankarskom i osiguravaju\u0107em sektoru, a od nedavno i u prehrambenoj industriji.<\/P><br \/>\n<P><STRONG><EM>7.\u00a0Uspe\u0161no poslovanje italijanskog Fijata u Srbji, pove\u0107ava ukupan izvoz na inostrana tr\u017ei\u0161ta. S obzirom na to da je u Srbiji stvorena mogu\u0107nost bescarinskog izvoza ka Rusiji, postoji li nagove\u0161taj da \u0107e se i vi\u0161e ulo\u017eiti u nove modele automobila i pove\u0107ati proizvodnja?<\/EM><\/STRONG><\/P><br \/>\n<P>Dobar u\u010dinak preduze\u0107a Fiat Automobili Srbija sna\u017eno doprinosi uve\u0107anju izvoza pod nazivom Made in Serbia na druga tr\u017ei\u0161ta, kao i rastu robne razmene izme\u0111u Italije i Srbije. Naravno, radi se i o rastu jednog od najve\u0107ih brendova u istoriji italijanske industrije. Nadamo se da \u0107e FAS imati jo\u0161 bolje rezultate u narednim godinama.<\/P><br \/>\n<P><STRONG><EM>8.\u00a0Kako vidite period od naredne tri godine, kada je re\u010d o politi\u010dkim i ekonomskim prilikama izme\u0111u na\u0161e dve zemlje?<\/EM><\/STRONG><\/P><br \/>\n<P>Nemam kristalnu kuglu ali bih \u017eeleo da podelim sa Vama moja o\u010dekivanja. Italija \u0107e nastaviti da bude uz vas na putu ka Evropskoj uniji, podr\u017eavaju\u0107i va\u0161e napredovanje ka cilju ujedinjenja sa Evropskom unijom. Svi se iskreno nadamo da \u0107e za manje od tri godine ekonomska kriza biti za nama a nove italijanske investicije u Srbiji \u0107e doprineti otvaranju radnih mesta za gra\u0111ane Srbije.<\/P><br \/>\n<P><STRONG><EM>9.\u00a0Na kraju na\u0161eg razgovora, da se malo udaljimo od ekonomskih tema, recite mi \u0161ta Vi li\u010dno volite u Srbiji a \u0161ta Vam smeta? Rodom ste iz Napulja, vidite li neku sli\u010dnost sa na\u0161om prestonicom?<\/EM><\/STRONG><\/P><br \/>\n<P>Gu\u017eva u saobra\u0107aju! \u0160alu na stranu, neuni\u0161tivi duh va\u0161eg naroda u te\u0161kim trenucima je ne\u0161to \u0161to je sli\u010dno Napoletancima i, generalno, Italijanima. Svi\u0111a mi se kosmopolitski stil Beograda, njegovi parkovi \u2013 naro\u010dito Ta\u0161majdan \u2013 i obale reka. A pri\u010du o tome \u0161ta mi se ne dopada ostavi\u0107emo za trenutak kada se tako ne\u0161to i dogodi!<\/P><br \/>\n<P><BR>\u00a0<\/P><\/p>\n","protected":false},"excerpt":{"rendered":"INTERVJUNJ.E. \u0110uzepe Manco, ambasador Italije u Srbiji1.\u00a0Kada ste pre godinu ipo dana imenovani za ambasadora Italije u Srbiji, kakav je bio Va\u0161 prvi utisak o privredim prilikama i da li se od tada ne\u0161to promenilo na bolje? Kada sam stigao u Beograd \u2013 pre godinu i po dana \u2013 bio sam pod pozitivnim utiskom odli\u010dnih [&hellip;]","protected":false},"author":1,"featured_media":0,"comment_status":"","ping_status":"","sticky":false,"template":"","format":"standard","meta":{"footnotes":""},"tags":[],"class_list":["post-7448","post","type-post","status-publish","format-standard","hentry"],"_links":{"self":[{"href":"https:\/\/ambbelgrado.esteri.it\/sr\/wp-json\/wp\/v2\/posts\/7448","targetHints":{"allow":["GET"]}}],"collection":[{"href":"https:\/\/ambbelgrado.esteri.it\/sr\/wp-json\/wp\/v2\/posts"}],"about":[{"href":"https:\/\/ambbelgrado.esteri.it\/sr\/wp-json\/wp\/v2\/types\/post"}],"author":[{"embeddable":true,"href":"https:\/\/ambbelgrado.esteri.it\/sr\/wp-json\/wp\/v2\/users\/1"}],"replies":[{"embeddable":true,"href":"https:\/\/ambbelgrado.esteri.it\/sr\/wp-json\/wp\/v2\/comments?post=7448"}],"version-history":[{"count":0,"href":"https:\/\/ambbelgrado.esteri.it\/sr\/wp-json\/wp\/v2\/posts\/7448\/revisions"}],"wp:attachment":[{"href":"https:\/\/ambbelgrado.esteri.it\/sr\/wp-json\/wp\/v2\/media?parent=7448"}],"wp:term":[{"taxonomy":"post_tag","embeddable":true,"href":"https:\/\/ambbelgrado.esteri.it\/sr\/wp-json\/wp\/v2\/tags?post=7448"}],"curies":[{"name":"wp","href":"https:\/\/api.w.org\/{rel}","templated":true}]}}