{"id":7426,"date":"2015-01-22T09:11:56","date_gmt":"2015-01-22T08:11:56","guid":{"rendered":"https:\/\/ambbelgrado.esteri.it\/news\/dall_ambasciata\/2015\/01\/intervista-amb-manzo-a-danas-2014-01-22-2\/"},"modified":"2015-01-22T09:11:56","modified_gmt":"2015-01-22T08:11:56","slug":"intervista-amb-manzo-a-danas-2014-01-22-2","status":"publish","type":"post","link":"https:\/\/ambbelgrado.esteri.it\/sr\/news\/dall_ambasciata\/2015\/01\/intervista-amb-manzo-a-danas-2014-01-22-2\/","title":{"rendered":"Intervju ambasadora \u0110uzepea Manca za dnevni list DANAS: Beograd i Tirana klju\u010dni igra\u010di u regionu"},"content":{"rendered":"<p><P>Ambasador Italije, uo\u010di sutra\u0161nje posete \u0161efa srpske diplomatije Rimu, govori za <STRONG>Danas<\/STRONG> <\/P><P><STRONG><U>\u0110uzepe Manco: Beograd i Tirana su klju\u010dni igra\u010di u regionu<\/U><\/STRONG> <\/P><br \/>\n<P><STRONG>Dovode\u0107i u Rim srpskog i albanskog ministra, \u017eelimo da ohrabrimo njihovo anga\u017eovanje na evropskom putu. Na\u0161a \u201etorta\u201c je napravljena od dve milijarde evra italijanskih investicija<\/STRONG> <\/P><br \/>\n<P><EM>Autor: Marija Stojanovi\u0107<\/EM><\/P><br \/>\n<P>Beograd &#8211; Na inicijativu Italije, sutra ujutru \u0107e italijanski ministar spoljnih poslova Paolo \u0110entiloni biti doma\u0107in sastanka u Rimu sa ministrom spoljnih poslova Da\u010di\u0107em i njihovim albanskim kolegom Bu\u0161atijem. Planirana su i dva bilateralna susreta koje \u0107e ministar \u0110entiloni imati sa Da\u010di\u0107em i Bu\u0161atijem pre trilateralnih razgovora. <\/P><br \/>\n<P>Na\u0161e tradicionalno prijateljstvo, jake kulturne veze, zajedni\u010dko interesovanje za teme kao \u0161to su rast, investicije i mi\u0161ljenje koje delimo o budu\u0107nosti Jadransko-jonske makro regije dovoljan su razlog da na\u0161e tri zemlje sednu zajedno i razgovaraju o mogu\u0107im projektima. Ali glavni cilj Rima je napredovanje evropske perspektive Zapadnog Balkana kroz te\u0161nji dijalog i saradnju dva klju\u010dna igra\u010da u regionu, navodi u razgovoru za Danas ambasador Italije u Srbiji \u0110uzepe Manco, govore\u0107i o predstoje\u0107em susretu \u0161efova italijanske, srpske i albanske diplomatije. <\/P><br \/>\n<P><STRONG>Kompletan intervju mo\u017eete pro\u010ditati ovde:<BR><\/STRONG><A href=\"\/resource\/2015\/01\/ArticoloDanasdimensioniridotte.pdf\"><STRONG>\u0110uzepe Manco: Beograd i Tirana su klju\u010dni igra\u010di u regionu.pdf<\/STRONG><\/A><\/P><br \/>\n<P>ili\u00a0na on-line izdanju lista Danas:<BR><a href=\"http:\/\/www.danas.rs\/danasrs\/politika\/djuzepe_manco_beograd_i_tirana_su_kljucni_igraci_u_regionu_.56.html?news_id=296086\" target=\"_blank\" rel=\"noopener\">http:\/\/www.danas.rs\/danasrs\/politika\/djuzepe_manco_beograd_i_tirana_su_kljucni_igraci_u_regionu_.56.html?news_id=296086<\/A><\/P><br \/>\n<P>&#8212;<BR><IMG style=\"HEIGHT: 172px; WIDTH: 218px\" border=\"0\" alt=\"Ambasador Manco (foto Fonet\/ Bo\u017eidar Vu\u010dkovi\u0107)\" src=\"\/resource\/2015\/01\/0305fonetbozidarvuckovic_ocp_w380_h301.jpg\" width=\"380\" height=\"298\"><BR><BR><U><STRONG>\u0110uzepe Manco: Zadatak Srbije ove godine &#8211; rad, rad i rad<\/STRONG> <BR><\/U><BR>(<STRONG>BLIC online<\/STRONG>)| Tanjug, 22. 01. 2015. &#8211; 07:56h | <BR><BR>Italija sna\u017eno podr\u017eava proces evropskih integracija Srbije i Zapadnog Balkana, izjavio je ambasador Italije u Srbiji \u0110uzepe Manco isti\u010du\u0107i da Srbija zaslu\u017euje priznanja za konkretne rezultate koje je postigla pro\u0161le godine na evropskom putu.<\/P><br \/>\n<P>&#8222;To je nagrada, ali i podsticaj za va\u0161u vladu i za srpski narod da nastavi sa radom sa istim zalaganjem i odlu\u010dno\u0161\u0107u. Upravo je to razlog zbog koga smo radili tako da Beograd uskoro bude u prilici da otvori prva pregovara\u010dka poglavlja o pridru\u017eivanju EU&#8220;, rekao je Manco u intervjuu za <STRONG>list &#8222;Danas<\/STRONG>&#8222;. <\/P><br \/>\n<P>Kao zadatke srpske vlade ove godine, kada je re\u010d o evropskom putu dr\u017eave, Manco je rekao: &#8222;Citira\u0107u va\u0161eg premijera &#8216;rad, rad i rad'&#8220;. <\/P><br \/>\n<P>Prema njegovim re\u010dima, od otvaranja pregovora sa EU, pro\u0161le godine, &#8222;srpska vlada je pokazala veliko zalaganje i odlu\u010dnost u re\u0161avanju klju\u010dnih tema na evropskom putu, kao \u0161to su reforme u oblasti vladavine prava i normalizacija odnosa sa Pri\u0161tinom&#8220;. <\/P><br \/>\n<P>&#8222;Preliminarni posao odradjen u 2014. bio je neophodan kako bi se stvorili povoljni uslovi koji \u0107e ove godine dovesti do daljeg napredovanja na evropskom putu kroz otvaranje prvih pregovara\u010dkih poglavlja. Veoma ste blizu postizanja ovog va\u017enog cilja u slede\u0107ih nekoliko meseci&#8220;, istakao je Manco. <\/P><br \/>\n<P>Manco je srpsko-italijanske odnose ocenio kao izuzetno pozitivne, sa posebnim osvrtom na sastanak odr\u017ean pro\u0161log decembra u Rimu izmedju premijera Srbije i Italije, Aleksandra Vu\u010di\u0107a i Matea Rencija. <\/P><br \/>\n<P>Italijanski ambasador je rekao da dve milijarde evra italijanskih investicija i oko 600 malih i srednjih preduze\u0107a koja posluju u Srbiji \u010dine Italiju najve\u0107im trgovinskim partnerom i najve\u0107im investitorom u Srbiji i u 2014. godini. <\/P><br \/>\n<P>Manco je podsetio da je 2015. po\u010dela potpisivanjem sporazuma izmedju Vlade Srbije i jednog od vode\u0107ih preduze\u0107a u oblasti poljoprivrede u Italiji &#8222;Rigoni di Asiago&#8220; i dodao da u Srbiji postoje velike mogu\u0107nosti za strane investicije, \u0161to je Italija medju prvima uo\u010dila, po\u010dev od &#8222;Ferera&#8220;. <\/P><br \/>\n<P>&#8222;Zbog toga mi je drago \u0161to je za va\u0161u vladu prioritet i \u0161to podr\u017eava u\u010destvovanje Srbije na manifestaciji ExpoMilano2015. Ta izlo\u017eba \u0107e dovesti u Milano milione posetilaca iz \u010ditavog sveta i ponudi\u0107e jedinstveni izlog za srpsku agroindustriju&#8220;, rekao je Manco. <\/P><br \/>\n<P>Italijanski ambasador je takodje rekao da je &#8222;uspostavljanje \u010dvr\u0161\u0107e vladavine prava u Srbiji, uklju\u010duju\u0107i i slobodu medija, zajedni\u010dki interes i veliki prioritet kako Beograda tako i Brisela&#8220; i dodao da \u0107e &#8222;implementacija nedavnih reformi u oblasti medija&#8230;doprineti ne samo napredovanju Srbije na putu ka EU ve\u0107 i sna\u017eenju srpskog dru\u0161tva&#8220;. <\/P><br \/>\n<P>Predsedavanje Srbije OEBS-u, italijanski ambasador je ocenio &#8222;jedinstvenu priliku&#8220; i &#8222;izazov&#8220; za Srbiju i dodao da \u0107e je Italija ohrabriti da ima konstruktivniju ulogu u krizi u Ukrajini, dijalogu sa obla\u0161\u0107u Mediterana i regionalnoj saradnji na Zapadnom Balkanu. <\/P><br \/>\n<P>Povodom predstoje\u0107eg susreta \u0161efova italijanske, srpske i albanske diplomatije u Rimu, Manco je rekao da je poruka Briselu i evropskim partnerima da &#8222;moraju da ostanu fokusirani na agendu pro\u0161irenja kao prioritetnu za EU&#8220;. <\/P><br \/>\n<P>&#8222;Regionalna saradnja je klju\u010dna u tom procesu, Beograd i Tirana su su\u0161tinski akteri, i mi verujemo da oni mogu da daju svoj doprinos novom i efikasnijem evropskom projektu&#8220;, dodao je Manco.<\/P><br \/>\n<P><A href=\"http:\/\/www.blic.rs\/Vesti\/Politika\/528471\/Djuzepe-Manco-Zadatak-Srbije-ove-godine--rad-rad-i-rad\">http:\/\/www.blic.rs\/Vesti\/Politika\/528471\/Djuzepe-Manco-Zadatak-Srbije-ove-godine&#8211;rad-rad-i-rad<\/A><\/P><br \/>\n<P class=\"MsoNormal\" style=\"MARGIN: 0cm 0cm 10pt\">&#8212;<BR><BR><STRONG><U>Manco: Srbija zaslu\u017euje priznanja za rezultate<\/U><\/STRONG><\/P><br \/>\n<P class=\"MsoNormal\" style=\"MARGIN: 0cm 0cm 10pt\"><STRONG>TANJUG \/ <\/STRONG>22.01.2015 07:17 \/<BR><\/P><br \/>\n<P class=\"MsoNormal\" style=\"MARGIN: 0cm 0cm 10pt\">BEOGRAD &#8211; Italija sna\u017eno podr\u017eava proces evropskih integracija Srbije i Zapadnog Balkana, izjavio je ambasador Italije u Srbiji \u0110uzepe Manco isti\u010du\u0107i da Srbija zaslu\u017euje priznanja za konkretne rezultate koje je postigla pro\u0161le godine na evropskom putu. <\/P><br \/>\n<P class=\"MsoNormal\" style=\"MARGIN: 0cm 0cm 10pt\">&#8222;To je nagrada, ali i podsticaj za va\u0161u vladu i za srpski narod da nastavi sa radom sa istim zalaganjem i odlu\u010dno\u0161\u0107u. Upravo je to razlog zbog koga smo radili tako da Beograd uskoro bude u prilici da otvori prva pregovara\u010dka poglavlja o pridru\u017eivanju EU&#8220;, rekao je Manco u intervjuu za <STRONG>list &#8222;Danas<\/STRONG>&#8222;.<\/P><br \/>\n<P class=\"MsoNormal\" style=\"MARGIN: 0cm 0cm 10pt\"><A href=\"http:\/\/www.tanjug.rs\/novosti\/162235\/manco--srbija-zasluzuje-priznanja-za-rezultate.htm\">http:\/\/www.tanjug.rs\/novosti\/162235\/manco&#8211;srbija-zasluzuje-priznanja-za-rezultate.htm<\/A><\/P><br \/>\n<P class=\"MsoNormal\" style=\"MARGIN: 0cm 0cm 10pt\">&#8212;<\/P><br \/>\n<P class=\"MsoNormal\" style=\"MARGIN: 0cm 0cm 10pt\">\u00a0<\/P><\/p>\n","protected":false},"excerpt":{"rendered":"Ambasador Italije, uo\u010di sutra\u0161nje posete \u0161efa srpske diplomatije Rimu, govori za Danas \u0110uzepe Manco: Beograd i Tirana su klju\u010dni igra\u010di u regionu Dovode\u0107i u Rim srpskog i albanskog ministra, \u017eelimo da ohrabrimo njihovo anga\u017eovanje na evropskom putu. Na\u0161a \u201etorta\u201c je napravljena od dve milijarde evra italijanskih investicija Autor: Marija Stojanovi\u0107 Beograd &#8211; Na inicijativu Italije, [&hellip;]","protected":false},"author":1,"featured_media":0,"comment_status":"","ping_status":"","sticky":false,"template":"","format":"standard","meta":{"footnotes":""},"tags":[],"class_list":["post-7426","post","type-post","status-publish","format-standard","hentry"],"_links":{"self":[{"href":"https:\/\/ambbelgrado.esteri.it\/sr\/wp-json\/wp\/v2\/posts\/7426","targetHints":{"allow":["GET"]}}],"collection":[{"href":"https:\/\/ambbelgrado.esteri.it\/sr\/wp-json\/wp\/v2\/posts"}],"about":[{"href":"https:\/\/ambbelgrado.esteri.it\/sr\/wp-json\/wp\/v2\/types\/post"}],"author":[{"embeddable":true,"href":"https:\/\/ambbelgrado.esteri.it\/sr\/wp-json\/wp\/v2\/users\/1"}],"replies":[{"embeddable":true,"href":"https:\/\/ambbelgrado.esteri.it\/sr\/wp-json\/wp\/v2\/comments?post=7426"}],"version-history":[{"count":0,"href":"https:\/\/ambbelgrado.esteri.it\/sr\/wp-json\/wp\/v2\/posts\/7426\/revisions"}],"wp:attachment":[{"href":"https:\/\/ambbelgrado.esteri.it\/sr\/wp-json\/wp\/v2\/media?parent=7426"}],"wp:term":[{"taxonomy":"post_tag","embeddable":true,"href":"https:\/\/ambbelgrado.esteri.it\/sr\/wp-json\/wp\/v2\/tags?post=7426"}],"curies":[{"name":"wp","href":"https:\/\/api.w.org\/{rel}","templated":true}]}}