{"id":5691,"date":"2017-09-22T14:50:12","date_gmt":"2017-09-22T12:50:12","guid":{"rendered":"https:\/\/ambbelgrado.esteri.it\/news\/dall_ambasciata\/2017\/09\/incontro-con-gli-atleti-italiani-2\/"},"modified":"2017-09-22T14:50:12","modified_gmt":"2017-09-22T12:50:12","slug":"incontro-con-gli-atleti-italiani-2","status":"publish","type":"post","link":"https:\/\/ambbelgrado.esteri.it\/sr\/news\/dall_ambasciata\/2017\/09\/incontro-con-gli-atleti-italiani-2\/","title":{"rendered":"Susret sa italijanskim sportistima sa invaliditetom koji se takmi\u010de na sportskim igrama \u201cBeograd Open 2017\u201d"},"content":{"rendered":"<p><img decoding=\"async\" style=\"margin-right: auto; margin-left: auto; display: block;\" src=\"resource\/img\/2017\/09\/2017_09_22_foto_con_paraolimpici_02_-_per_news.jpg\" alt=\"2017 09 22 foto con paraolimpici 02 per news\" \/><\/p>\n<p>\u00a0<\/p>\n<p><strong>Susret sa italijanskim sportistima sa invaliditetom koji se takmi\u010de na sportskim igrama \u201cBeograd Open 2017\u201d <\/strong><\/p>\n<p style=\"text-align: justify;\">Ambasador Manco primio je danas delegaciju italijanskih sportista sa invaliditetom koji \u0107e od sutra u\u010destvovati na sportskim igrama \u201cBeograd Open 2017\u201d.<\/p>\n<p style=\"text-align: justify;\">Sportisti i predstavnici Italijanskog paraolimpijskog komiteta doputovali su u Beograd sa \u0110or\u0111om Zanmarkijem, predsednikom Asocijacije \u201eFai Sport\u201c iz italijanske regije Frijuli Venecija \u0110ulija sa sedi\u0161tem u gradu Udine, zajedno sa njihovim pratiocima, \u010dlanovima porodice i trenerima.<\/p>\n<p style=\"text-align: justify;\">\u201eOdli\u010dni odnosi izme\u0111u Srbije i Italije postaju ja\u010di na svim poljima, uklju\u010duju\u0107i i sport, a danas vi, mladi sportisti koji dolazite iz regije koja je oduvek bila bliska sa Srbijom, iz Frijuli Venecije \u0110ulije, na najbolji na\u010din predstavljate \u010dvrstinu i u isto vreme budu\u0107nost tih odnosa\u201c, ovim re\u010dima je ambasador Manco pozdravio delegaciju iz Udina.<\/p>\n<p style=\"text-align: justify;\">Manifestacija, koja se po \u010detvrti put odvija na me\u0111unarodnom nivou, u organizaciji Sportskog saveza osoba sa invaliditetom Beograda, obuhvata deset paraolimpijskih disciplina u kojima u\u010destvuju sportisti sa svim kategorijama invaliditeta.<\/p>\n<p style=\"text-align: justify;\">Od 15 sportista koji predstavljaju Italiju, njih 14 \u0107e se takmi\u010diti u plivanju i jedan u stonom tenisu. Ambasador Manco je ohrabrio italijanske sportiste uo\u010di takmi\u010denja u Beogradu i zahvalio se na bavljenju sportom i davanju pa\u017enje dru\u0161tvenim integracijama.<\/p>\n","protected":false},"excerpt":{"rendered":"\u00a0 Susret sa italijanskim sportistima sa invaliditetom koji se takmi\u010de na sportskim igrama \u201cBeograd Open 2017\u201d Ambasador Manco primio je danas delegaciju italijanskih sportista sa invaliditetom koji \u0107e od sutra u\u010destvovati na sportskim igrama \u201cBeograd Open 2017\u201d. Sportisti i predstavnici Italijanskog paraolimpijskog komiteta doputovali su u Beograd sa \u0110or\u0111om Zanmarkijem, predsednikom Asocijacije \u201eFai Sport\u201c iz [&hellip;]","protected":false},"author":1,"featured_media":0,"comment_status":"","ping_status":"","sticky":false,"template":"","format":"standard","meta":{"footnotes":""},"tags":[],"class_list":["post-5691","post","type-post","status-publish","format-standard","hentry"],"_links":{"self":[{"href":"https:\/\/ambbelgrado.esteri.it\/sr\/wp-json\/wp\/v2\/posts\/5691","targetHints":{"allow":["GET"]}}],"collection":[{"href":"https:\/\/ambbelgrado.esteri.it\/sr\/wp-json\/wp\/v2\/posts"}],"about":[{"href":"https:\/\/ambbelgrado.esteri.it\/sr\/wp-json\/wp\/v2\/types\/post"}],"author":[{"embeddable":true,"href":"https:\/\/ambbelgrado.esteri.it\/sr\/wp-json\/wp\/v2\/users\/1"}],"replies":[{"embeddable":true,"href":"https:\/\/ambbelgrado.esteri.it\/sr\/wp-json\/wp\/v2\/comments?post=5691"}],"version-history":[{"count":0,"href":"https:\/\/ambbelgrado.esteri.it\/sr\/wp-json\/wp\/v2\/posts\/5691\/revisions"}],"wp:attachment":[{"href":"https:\/\/ambbelgrado.esteri.it\/sr\/wp-json\/wp\/v2\/media?parent=5691"}],"wp:term":[{"taxonomy":"post_tag","embeddable":true,"href":"https:\/\/ambbelgrado.esteri.it\/sr\/wp-json\/wp\/v2\/tags?post=5691"}],"curies":[{"name":"wp","href":"https:\/\/api.w.org\/{rel}","templated":true}]}}