{"id":4955,"date":"2018-10-12T15:13:42","date_gmt":"2018-10-12T13:13:42","guid":{"rendered":"https:\/\/ambbelgrado.esteri.it\/news\/dall_ambasciata\/2018\/10\/gli-italiani-aiutano-i-cittadini-2\/"},"modified":"2018-10-12T15:13:42","modified_gmt":"2018-10-12T13:13:42","slug":"gli-italiani-aiutano-i-cittadini-2","status":"publish","type":"post","link":"https:\/\/ambbelgrado.esteri.it\/sr\/news\/dall_ambasciata\/2018\/10\/gli-italiani-aiutano-i-cittadini-2\/","title":{"rendered":"Italijani poma\u017eu Kragujev\u010danima"},"content":{"rendered":"<p style=\"text-align: justify;\">Kragujevac \u2013 Ovda\u0161nje udru\u017eenje osoba sa mentalnim smetnjama \u201eLuna\u201c i asocijacija \u201eTrentino\u201c za zapadni Balkan potpisali su ju\u010de u Kragujevcu, u okviru obele\u017eavanja Svetskog dana mentalnog zdravlja, ugovor o nastavku saradnje u naredne dve godine. Predsednica Upravnog odbora \u201eLune\u201c dr Suzana Petrovi\u0107 i predsednik asocijacije \u201eTrentino\u201c Mauricio Kamin naglasili su da su vi\u0161e nego zadovoljni dosada\u0161njom saradnjom i poru\u010dili da \u0107e Kragujev\u010dani sa mentalnim problemima i ubudu\u0107e mo\u0107i da ra\u010dunaju na pomo\u0107 njihovih stru\u010dnjaka. \u010cinu potpisivanja ugovora ovih udru\u017eenja, koja sar\u0111uju jo\u0161 od osnivanja \u201eLune\u201c 2015. godine, prisustvovao je i direktor Centra za mentalno zdravlje grada Trento u Italiji, dr Klaudio Agostini. <br \/>Narednih dana, sve do 15. oktobra, udru\u017eenje \u201eLuna\u201c i Savetovali\u0161te za mentalno zdravlje, koje radi pri kragujeva\u010dkom domu zdravlja, organizova\u0107e niz prigodnih manifestacija, sportskih takmi\u010denja i stru\u010dnih tribina posve\u0107enih osobama sa mentalnim poreme\u0107ajima. U okvitu obele\u017eavanja Svetskog dana mentalnog zdravlja, gost Kragujevca bi\u0107e i ministarka za demografiju i populacionu politiku Slavica \u0110uki\u0107 Dejanovi\u0107. <br \/>Prema podacima gradskih zdravstvenih ustanova, pomo\u0107 lekara i drugih stru\u010dnih osoba svake godine zatra\u017ei izme\u0111u 18.000 i 18.500 Kragujev\u010dana sa psihi\u010dkim problemima.<\/p>\n<p style=\"text-align: justify;\">(izvor i autor dnevni list Politika, B.K.)<\/p>\n","protected":false},"excerpt":{"rendered":"Kragujevac \u2013 Ovda\u0161nje udru\u017eenje osoba sa mentalnim smetnjama \u201eLuna\u201c i asocijacija \u201eTrentino\u201c za zapadni Balkan potpisali su ju\u010de u Kragujevcu, u okviru obele\u017eavanja Svetskog dana mentalnog zdravlja, ugovor o nastavku saradnje u naredne dve godine. Predsednica Upravnog odbora \u201eLune\u201c dr Suzana Petrovi\u0107 i predsednik asocijacije \u201eTrentino\u201c Mauricio Kamin naglasili su da su vi\u0161e nego zadovoljni [&hellip;]","protected":false},"author":1,"featured_media":0,"comment_status":"","ping_status":"","sticky":false,"template":"","format":"standard","meta":{"footnotes":""},"tags":[],"class_list":["post-4955","post","type-post","status-publish","format-standard","hentry"],"_links":{"self":[{"href":"https:\/\/ambbelgrado.esteri.it\/sr\/wp-json\/wp\/v2\/posts\/4955","targetHints":{"allow":["GET"]}}],"collection":[{"href":"https:\/\/ambbelgrado.esteri.it\/sr\/wp-json\/wp\/v2\/posts"}],"about":[{"href":"https:\/\/ambbelgrado.esteri.it\/sr\/wp-json\/wp\/v2\/types\/post"}],"author":[{"embeddable":true,"href":"https:\/\/ambbelgrado.esteri.it\/sr\/wp-json\/wp\/v2\/users\/1"}],"replies":[{"embeddable":true,"href":"https:\/\/ambbelgrado.esteri.it\/sr\/wp-json\/wp\/v2\/comments?post=4955"}],"version-history":[{"count":0,"href":"https:\/\/ambbelgrado.esteri.it\/sr\/wp-json\/wp\/v2\/posts\/4955\/revisions"}],"wp:attachment":[{"href":"https:\/\/ambbelgrado.esteri.it\/sr\/wp-json\/wp\/v2\/media?parent=4955"}],"wp:term":[{"taxonomy":"post_tag","embeddable":true,"href":"https:\/\/ambbelgrado.esteri.it\/sr\/wp-json\/wp\/v2\/tags?post=4955"}],"curies":[{"name":"wp","href":"https:\/\/api.w.org\/{rel}","templated":true}]}}