{"id":4360,"date":"2019-06-19T15:43:27","date_gmt":"2019-06-19T13:43:27","guid":{"rendered":"https:\/\/ambbelgrado.esteri.it\/news\/dall_ambasciata\/2019\/06\/incontro-2\/"},"modified":"2019-06-19T15:43:27","modified_gmt":"2019-06-19T13:43:27","slug":"incontro-2","status":"publish","type":"post","link":"https:\/\/ambbelgrado.esteri.it\/sr\/news\/dall_ambasciata\/2019\/06\/incontro-2\/","title":{"rendered":"Sastanak sa direktorom Kancelarije za Kosovo i Metohiju Markom \u0110uri\u0107em"},"content":{"rendered":"<p style=\"text-align: justify;\"><img decoding=\"async\" src=\"resource\/img\/2019\/06\/foto_news_brasoli_e_cavagna_con_djuric.jpg\" alt=\"foto news brasoli e cavagna con djuric\" \/><\/p>\n<p style=\"text-align: justify;\"><strong>\u0110uri\u0107 sa Brasolijem i Lo Ka\u0161om o situaciji na KiM<\/strong><\/p>\n<p>Direktor Kancelarije za Kosovo i Metohiju Marko \u0110uri\u0107 sastao se danas sa zamenikom generalnog direktora za politi\u010dka pitanja Ministarstva spol\u0458nih poslova Republike Italije Dijegom Brasolijem i ambasadorom Republike Italije u Beogradu Karlom Lo Ka\u0161om.<\/p>\n<p>\u0110uri\u0107 je sagovornike upoznao sa te\u0161kim polo\u017eajem srpskog naroda na Kosovu i Metohiji i problemima koji se svakodnevno umno\u017eavaju nakon uvo\u0111enja trgovinske blokade za robu iz ostatka Srbije.<\/p>\n<p>Direktor Kancelarije za Kosovo i Metohiju je ukazao da je Pri\u0161tina neukidanjem necivilizacijskih taksi na srpske proizvode i nizom drugih jednostranih poteza koje je povukla proteklih meseci prakti\u010dno zatvorila vrata dijalogu i uni\u0161tila svaku mogu\u0107nost da se sedne za pregovara\u010dki sto.<\/p>\n<p>Neodgovorno pona\u0161anje Pri\u0161tine je, prema \u0110uri\u0107evim re\u010dima, stalni izvor nestabilnosti u regionu, a napadi na Srbe i njihovu imovinu gotovo svakodnevna pojava, na koju, ve\u0107 uobi\u010dajeno izostaju osude i reakcije i privremenih institucija u Pri\u0161tini i me\u0111unarodnih institucija na KiM.<\/p>\n<p>\u0110uri\u0107 je naglasio da je nastavak dijaloga u interesu i Srba i Albanaca i da je potrebno \u0161to pre obnoviti napore kako bi se situacija na terenu normalizovala i stvorili uslovi za popravl\u0458anje me\u0111unacionalnih odnosa. Ukidanje protivpravnih i anticivilizacijskih taksi na robu iz centralne Srbije, minimalan je uslov za nastavak razgovora, zakl\u0458u\u010dio je direktor Kancelarije za Kosovo i Metohiju.<\/p>\n","protected":false},"excerpt":{"rendered":"\u0110uri\u0107 sa Brasolijem i Lo Ka\u0161om o situaciji na KiM Direktor Kancelarije za Kosovo i Metohiju Marko \u0110uri\u0107 sastao se danas sa zamenikom generalnog direktora za politi\u010dka pitanja Ministarstva spol\u0458nih poslova Republike Italije Dijegom Brasolijem i ambasadorom Republike Italije u Beogradu Karlom Lo Ka\u0161om. \u0110uri\u0107 je sagovornike upoznao sa te\u0161kim polo\u017eajem srpskog naroda na Kosovu [&hellip;]","protected":false},"author":1,"featured_media":0,"comment_status":"","ping_status":"","sticky":false,"template":"","format":"standard","meta":{"footnotes":""},"tags":[],"class_list":["post-4360","post","type-post","status-publish","format-standard","hentry"],"_links":{"self":[{"href":"https:\/\/ambbelgrado.esteri.it\/sr\/wp-json\/wp\/v2\/posts\/4360","targetHints":{"allow":["GET"]}}],"collection":[{"href":"https:\/\/ambbelgrado.esteri.it\/sr\/wp-json\/wp\/v2\/posts"}],"about":[{"href":"https:\/\/ambbelgrado.esteri.it\/sr\/wp-json\/wp\/v2\/types\/post"}],"author":[{"embeddable":true,"href":"https:\/\/ambbelgrado.esteri.it\/sr\/wp-json\/wp\/v2\/users\/1"}],"replies":[{"embeddable":true,"href":"https:\/\/ambbelgrado.esteri.it\/sr\/wp-json\/wp\/v2\/comments?post=4360"}],"version-history":[{"count":0,"href":"https:\/\/ambbelgrado.esteri.it\/sr\/wp-json\/wp\/v2\/posts\/4360\/revisions"}],"wp:attachment":[{"href":"https:\/\/ambbelgrado.esteri.it\/sr\/wp-json\/wp\/v2\/media?parent=4360"}],"wp:term":[{"taxonomy":"post_tag","embeddable":true,"href":"https:\/\/ambbelgrado.esteri.it\/sr\/wp-json\/wp\/v2\/tags?post=4360"}],"curies":[{"name":"wp","href":"https:\/\/api.w.org\/{rel}","templated":true}]}}