{"id":3983,"date":"2019-11-18T09:42:48","date_gmt":"2019-11-18T08:42:48","guid":{"rendered":"https:\/\/ambbelgrado.esteri.it\/news\/dall_ambasciata\/2019\/11\/aiutiamo-venezia-pomozimo-veneciji-2\/"},"modified":"2019-11-18T09:42:48","modified_gmt":"2019-11-18T08:42:48","slug":"aiutiamo-venezia-pomozimo-veneciji-2","status":"publish","type":"post","link":"https:\/\/ambbelgrado.esteri.it\/sr\/news\/dall_ambasciata\/2019\/11\/aiutiamo-venezia-pomozimo-veneciji-2\/","title":{"rendered":"\u201cAiutiamo Venezia! Pomozimo Veneciji!\u201d"},"content":{"rendered":"<table style=\"width: 200px; height: 21px;\">\n<tbody>\n<tr>\n<td><img decoding=\"async\" src=\"resource\/img\/2019\/11\/venezia_1_-_news.jpg\" alt=\"venezia 1 news\" \/><\/td>\n<td><img decoding=\"async\" src=\"resource\/img\/2019\/11\/venezia_2_-_news.jpg\" alt=\"venezia 2 news\" \/><\/td>\n<\/tr>\n<\/tbody>\n<\/table>\n<p style=\"text-align: justify;\">\u201cAiutiamo Venezia! Pomozimo Veneciji!\u201d<\/p>\n<p style=\"text-align: justify;\">\u201cVenecija je ponos cele Italije, Venecija je nasle\u0111e svih nas, jedinstveno na svetu. Zahvaljuju\u0107i Tvojoj pomo\u0107i ponovo \u0107e zablistati\u201d.<\/p>\n<p style=\"text-align: justify;\">Ambasada Italije, povodom apela gradona\u010delnika Venecije Lui\u0111ija Brunjara, poziva sve da se priklju\u010de kampanji pomo\u0107i poplavljenoj Veneciji. Hvala!<\/p>\n<p>Teku\u0107i ra\u010dun: Comune di Venezia-Emergenza acqua alta<br \/>Svrha: contributo emergenza acqua<br \/>IBAN: IT 24 T 03069 02117 100000 018767<br \/>BIC: BCITITMM<\/p>\n<p>\u00a0<\/p>\n<p><img decoding=\"async\" src=\"resource\/img\/2019\/11\/img_3106.jpg\" alt=\"img 3106\" \/><\/p>\n<p>\u00a0<\/p>\n<p>\u00a0<\/p>\n<p><strong>\u201eNedelja italijanske kuhinje\u201d za pomo\u0107 Veneciji<\/strong><\/p>\n<p style=\"text-align: justify;\">\u010cetvrta \u201eNedelja italijanske kuhinje\u201d predstavljena je u hotelu \u201eHilton\u201d i ima humanitarni karakter. O manifestaciji koja \u0107e trajati do 24. novembra i biti povezana sa kampanjom \u201eDoprinos za poplavljena podru\u010dja\u201d govorili su ambasador Italije u Srbiji Karlo Lo Ka\u0161o, direktorka italijanske Agencije za spoljnu trgovinu Marina Skonjamiljo i poznati italijanski kuvar, nagra\u0111en Mi\u0161elinovom zvezdom, Eros Piko.<br \/>Ova kampanja op\u0161tine Venecija treba da pomogne gradu koji je te\u0161ko o\u0161te\u0107en zbog velikog priliva vode, a bi\u0107e pomenuta na svakom doga\u0111aju, uz osvrt na prethodne dane i predloge za pomo\u0107. Manifestacija se odr\u017eava u 110 zemalja \u0161irom sveta, a promovi\u0161e je italijansko Ministarstvo spoljnih poslova i me\u0111unarodnih odnosa.<br \/>Organizatori su ambasada Italije u Beogradu u saradnji sa Italijanskim institutom za kulturu, italijanskom Agencijom za spoljnu trgovinu, Komorom italijansko-srpskih privrednika, Udru\u017eenjem italijanskih privrednika u Srbiji, po\u010dasnim konzulatom Italije u Subotici uz podr\u0161ku italijanskih i srpskih kompanija.<br \/>Ambasada Italije prenosi apel gradona\u010delnika Venecije Lui\u0111ija Brunjara i poziva sve da doprinesu kampanji o vanrednom stanju zbog poplava.<br \/>\u201eVenecija je italijanski ponos, Venecija je zajedni\u010dko nasle\u0111e i jedinstveno mesto na svetu. Zahvaljuju\u0107i va\u0161oj pomo\u0107i, zasija\u0107e ponovo\u201d, navodi se u saop\u0161tenju ambasade.<\/p>\n<p style=\"text-align: justify;\">&#8211;<\/p>\n<p style=\"text-align: justify;\"><strong>Povezane vesti:<\/strong><\/p>\n<p style=\"text-align: justify;\"><a href=\"http:\/\/www.politika.rs\/sr\/clanak\/442232\/Nedelja-italijanske-kuhinje-za-pomoc-Veneciji\">http:\/\/www.politika.rs\/sr\/clanak\/442232\/Nedelja-italijanske-kuhinje-za-pomoc-Veneciji<\/a><\/p>\n<p><a href=\"https:\/\/recepti-kuvar.rs\/iv-nedelja-italijanske-kuhinje-u-svetu\/\">https:\/\/recepti-kuvar.rs\/iv-nedelja-italijanske-kuhinje-u-svetu\/<\/a><\/p>\n<p><a href=\"https:\/\/www.danas.rs\/drustvo\/apel-za-pomoc-poplavljenoj-veneciji\/\">https:\/\/www.danas.rs\/drustvo\/apel-za-pomoc-poplavljenoj-veneciji\/<\/a><\/p>\n<p><a href=\"https:\/\/nadlanu.com\/505036\/cetvrta-nedelja-italijanske-kuhinje-u-svetu\/\">https:\/\/nadlanu.com\/505036\/cetvrta-nedelja-italijanske-kuhinje-u-svetu\/<\/a><\/p>\n<p><a href=\"https:\/\/www.nasiusvetu.com\/vesti\/67449\/nedelja-italijanske-kuhinje-za-pomoc-veneciji9914\/\">https:\/\/www.nasiusvetu.com\/vesti\/67449\/nedelja-italijanske-kuhinje-za-pomoc-veneciji9914\/<\/a><\/p>\n<p><a href=\"https:\/\/www.atastars.rs\/vesti-ostalo\/u-trendu\/281989-nedelja-italijanske-kuhinje-u-znaku-pomoci-za-veneciju\/\">https:\/\/www.atastars.rs\/vesti-ostalo\/u-trendu\/281989-nedelja-italijanske-kuhinje-u-znaku-pomoci-za-veneciju\/<\/a><\/p>\n<p><img decoding=\"async\" src=\"resource\/img\/2019\/11\/blic_21.11.2019_-_news.jpg\" alt=\"blic 21.11.2019 news\" \/><\/p>\n","protected":false},"excerpt":{"rendered":"\u201cAiutiamo Venezia! Pomozimo Veneciji!\u201d \u201cVenecija je ponos cele Italije, Venecija je nasle\u0111e svih nas, jedinstveno na svetu. Zahvaljuju\u0107i Tvojoj pomo\u0107i ponovo \u0107e zablistati\u201d. Ambasada Italije, povodom apela gradona\u010delnika Venecije Lui\u0111ija Brunjara, poziva sve da se priklju\u010de kampanji pomo\u0107i poplavljenoj Veneciji. Hvala! Teku\u0107i ra\u010dun: Comune di Venezia-Emergenza acqua altaSvrha: contributo emergenza acquaIBAN: IT 24 T 03069 [&hellip;]","protected":false},"author":1,"featured_media":0,"comment_status":"","ping_status":"","sticky":false,"template":"","format":"standard","meta":{"footnotes":""},"tags":[],"class_list":["post-3983","post","type-post","status-publish","format-standard","hentry"],"_links":{"self":[{"href":"https:\/\/ambbelgrado.esteri.it\/sr\/wp-json\/wp\/v2\/posts\/3983","targetHints":{"allow":["GET"]}}],"collection":[{"href":"https:\/\/ambbelgrado.esteri.it\/sr\/wp-json\/wp\/v2\/posts"}],"about":[{"href":"https:\/\/ambbelgrado.esteri.it\/sr\/wp-json\/wp\/v2\/types\/post"}],"author":[{"embeddable":true,"href":"https:\/\/ambbelgrado.esteri.it\/sr\/wp-json\/wp\/v2\/users\/1"}],"replies":[{"embeddable":true,"href":"https:\/\/ambbelgrado.esteri.it\/sr\/wp-json\/wp\/v2\/comments?post=3983"}],"version-history":[{"count":0,"href":"https:\/\/ambbelgrado.esteri.it\/sr\/wp-json\/wp\/v2\/posts\/3983\/revisions"}],"wp:attachment":[{"href":"https:\/\/ambbelgrado.esteri.it\/sr\/wp-json\/wp\/v2\/media?parent=3983"}],"wp:term":[{"taxonomy":"post_tag","embeddable":true,"href":"https:\/\/ambbelgrado.esteri.it\/sr\/wp-json\/wp\/v2\/tags?post=3983"}],"curies":[{"name":"wp","href":"https:\/\/api.w.org\/{rel}","templated":true}]}}