{"id":3417,"date":"2020-07-21T15:06:54","date_gmt":"2020-07-21T13:06:54","guid":{"rendered":"https:\/\/ambbelgrado.esteri.it\/news\/dall_ambasciata\/2020\/07\/referendum-costituzionale-20-21-2\/"},"modified":"2020-07-21T15:06:54","modified_gmt":"2020-07-21T13:06:54","slug":"referendum-costituzionale-20-21-2","status":"publish","type":"post","link":"https:\/\/ambbelgrado.esteri.it\/sr\/news\/dall_ambasciata\/2020\/07\/referendum-costituzionale-20-21-2\/","title":{"rendered":"Narodni referendum (20-21. septembar) i rok za opciju glasanja u Italiji"},"content":{"rendered":"<p style=\"text-align: justify;\">Dekretom Predsednika Republike od 17. jula 2020. god. objavljenom u Slu\u017ebenom Glasniku br. 180 od 18. jula 2020. god., zakazuje se za 20. i 20. septembar odr\u017eavanje potvrdnog narodnog referenduma predvi\u0111enog \u010dlanom 138 Ustava o tekstu ustavnog zakona koji donosi &#8222;Izmene \u010dlanova 56, 57 i 58 Ustava u pogledu smanjivanja broja poslanika u Parlamentu&#8220;.<\/p>\n<p style=\"text-align: justify;\">U skladu sa \u010dl. 4 Zakona o glasanju u inostranstvu (br. 459\/01), bira\u010di s prebivali\u0161tem u inostranstvu i upisani u AIRE mogu da se izjasne za opciju glasanja u Italiji, s tim da o tome pismeno obaveste diplomatsko ili konzularno predstavni\u0161tvo nadle\u017eno za njihovo mesto prebivali\u0161ta.<\/p>\n<p style=\"text-align: justify;\">Za opciju glasanja u Italiji, bira\u010di se mogu izjasniti u roku od deset dana po raspisivanju glasanja, tj. do 28. JULA 2020.<\/p>\n<p style=\"text-align: justify;\">Pomenuto obave\u0161tenje mogu\u0107e je napisati na obi\u010dnom papiru i &#8211; da bi se smatralo va\u017ee\u0107im &#8211; ono mora sadr\u017eati ime, prezime, datum i mesto ro\u0111enja, mesto prebivali\u0161ta i <strong>potpis<\/strong> bira\u010da, uz prilaganje i fotokopije li\u010dne isprave podnosioca izjave.<\/p>\n<p>Za sastavljanje pomenutog obave\u0161tenja mo\u017ee se koristiti i namenski formular dostupan na web stranici Ministarstva inostranih poslova i me\u0111unarodne saradnje (<a href=\"http:\/\/www.esteri.it\">www.esteri.it<\/a>) ili <a href=\"resource\/doc\/2020\/07\/modulo_di_opzione_referendum_20_21_settembre_2020.doc\"><strong>preko slede\u0107eg linka<\/strong><\/a>.<\/p>\n<p style=\"text-align: justify;\">Odluku o glasanju u Italiji mogu\u0107e je naknadno <strong>OPOZVATI<\/strong> putem pismenog obave\u0161tenja koje treba poslati ili predati Konzularnom odeljenju prema istim modalitetima i <span style=\"text-decoration: underline;\">u okviru istih rokova predvi\u0111enih za izja\u0161njavanje o opciji glasanja<\/span>.<\/p>\n","protected":false},"excerpt":{"rendered":"Dekretom Predsednika Republike od 17. jula 2020. god. objavljenom u Slu\u017ebenom Glasniku br. 180 od 18. jula 2020. god., zakazuje se za 20. i 20. septembar odr\u017eavanje potvrdnog narodnog referenduma predvi\u0111enog \u010dlanom 138 Ustava o tekstu ustavnog zakona koji donosi &#8222;Izmene \u010dlanova 56, 57 i 58 Ustava u pogledu smanjivanja broja poslanika u Parlamentu&#8220;. U [&hellip;]","protected":false},"author":1,"featured_media":0,"comment_status":"","ping_status":"","sticky":false,"template":"","format":"standard","meta":{"footnotes":""},"tags":[],"class_list":["post-3417","post","type-post","status-publish","format-standard","hentry"],"_links":{"self":[{"href":"https:\/\/ambbelgrado.esteri.it\/sr\/wp-json\/wp\/v2\/posts\/3417","targetHints":{"allow":["GET"]}}],"collection":[{"href":"https:\/\/ambbelgrado.esteri.it\/sr\/wp-json\/wp\/v2\/posts"}],"about":[{"href":"https:\/\/ambbelgrado.esteri.it\/sr\/wp-json\/wp\/v2\/types\/post"}],"author":[{"embeddable":true,"href":"https:\/\/ambbelgrado.esteri.it\/sr\/wp-json\/wp\/v2\/users\/1"}],"replies":[{"embeddable":true,"href":"https:\/\/ambbelgrado.esteri.it\/sr\/wp-json\/wp\/v2\/comments?post=3417"}],"version-history":[{"count":0,"href":"https:\/\/ambbelgrado.esteri.it\/sr\/wp-json\/wp\/v2\/posts\/3417\/revisions"}],"wp:attachment":[{"href":"https:\/\/ambbelgrado.esteri.it\/sr\/wp-json\/wp\/v2\/media?parent=3417"}],"wp:term":[{"taxonomy":"post_tag","embeddable":true,"href":"https:\/\/ambbelgrado.esteri.it\/sr\/wp-json\/wp\/v2\/tags?post=3417"}],"curies":[{"name":"wp","href":"https:\/\/api.w.org\/{rel}","templated":true}]}}