{"id":3027,"date":"2021-03-24T15:40:07","date_gmt":"2021-03-24T14:40:07","guid":{"rendered":"https:\/\/ambbelgrado.esteri.it\/news\/dall_ambasciata\/2021\/03\/airserbia-annuncia-la-ripresa-dei-2\/"},"modified":"2021-03-24T15:40:07","modified_gmt":"2021-03-24T14:40:07","slug":"airserbia-annuncia-la-ripresa-dei-2","status":"publish","type":"post","link":"https:\/\/ambbelgrado.esteri.it\/sr\/news\/dall_ambasciata\/2021\/03\/airserbia-annuncia-la-ripresa-dei-2\/","title":{"rendered":"AirSerbia najavljuje ponovno uspostavljanje direktnih letova sa Italijom"},"content":{"rendered":"<p style=\"text-align: justify;\">Srpska avio kompanija AirSerbia najavila je ponovno uspostavljanje direktnog leta izme\u0111u Beograda i Rima (Fjumi\u0107ino), po\u010dev od 30. aprila. U prvoj fazi postoja\u0107e dva leta nedeljno (ponedeljkom i petkom). Direktni letovi prethodno su obustavljeni u martu mesecu 2020. godine usled pandemije.<\/p>\n<p style=\"text-align: justify;\">Za sve dodatne informacije, mogu\u0107e je kontaktirati avio kompaniju.<\/p>\n","protected":false},"excerpt":{"rendered":"Srpska avio kompanija AirSerbia najavila je ponovno uspostavljanje direktnog leta izme\u0111u Beograda i Rima (Fjumi\u0107ino), po\u010dev od 30. aprila. U prvoj fazi postoja\u0107e dva leta nedeljno (ponedeljkom i petkom). Direktni letovi prethodno su obustavljeni u martu mesecu 2020. godine usled pandemije. Za sve dodatne informacije, mogu\u0107e je kontaktirati avio kompaniju.","protected":false},"author":1,"featured_media":0,"comment_status":"","ping_status":"","sticky":false,"template":"","format":"standard","meta":{"footnotes":""},"tags":[],"class_list":["post-3027","post","type-post","status-publish","format-standard","hentry"],"_links":{"self":[{"href":"https:\/\/ambbelgrado.esteri.it\/sr\/wp-json\/wp\/v2\/posts\/3027","targetHints":{"allow":["GET"]}}],"collection":[{"href":"https:\/\/ambbelgrado.esteri.it\/sr\/wp-json\/wp\/v2\/posts"}],"about":[{"href":"https:\/\/ambbelgrado.esteri.it\/sr\/wp-json\/wp\/v2\/types\/post"}],"author":[{"embeddable":true,"href":"https:\/\/ambbelgrado.esteri.it\/sr\/wp-json\/wp\/v2\/users\/1"}],"replies":[{"embeddable":true,"href":"https:\/\/ambbelgrado.esteri.it\/sr\/wp-json\/wp\/v2\/comments?post=3027"}],"version-history":[{"count":0,"href":"https:\/\/ambbelgrado.esteri.it\/sr\/wp-json\/wp\/v2\/posts\/3027\/revisions"}],"wp:attachment":[{"href":"https:\/\/ambbelgrado.esteri.it\/sr\/wp-json\/wp\/v2\/media?parent=3027"}],"wp:term":[{"taxonomy":"post_tag","embeddable":true,"href":"https:\/\/ambbelgrado.esteri.it\/sr\/wp-json\/wp\/v2\/tags?post=3027"}],"curies":[{"name":"wp","href":"https:\/\/api.w.org\/{rel}","templated":true}]}}