{"id":2211,"date":"2022-05-10T11:02:16","date_gmt":"2022-05-10T09:02:16","guid":{"rendered":"https:\/\/ambbelgrado.esteri.it\/news\/dall_ambasciata\/2022\/05\/visita-a-belgrado-della-delegazione-2\/"},"modified":"2022-05-10T11:02:16","modified_gmt":"2022-05-10T09:02:16","slug":"visita-a-belgrado-della-delegazione-2","status":"publish","type":"post","link":"https:\/\/ambbelgrado.esteri.it\/sr\/news\/dall_ambasciata\/2022\/05\/visita-a-belgrado-della-delegazione-2\/","title":{"rendered":"KONFINDUSTRIJA I KONFINDUSTRIJA ISTO\u010cNE EVROPE U POSETI BEOGRADU (9-10. MAJ 2022)"},"content":{"rendered":"<p style=\"text-align: justify;\"><img loading=\"lazy\" decoding=\"async\" src=\"resource\/img\/2022\/05\/foto_confindustria_con_brnabic.jpeg\" alt=\"foto confindustria con brnabic\" width=\"450\" height=\"338\" \/><\/p>\n<p style=\"text-align: justify;\">Beograd je, 9. i 10. maja, posetila delegacija Konfindustrije, na \u010delu sa potpredsednicom zadu\u017eenom za internacionalizaciju, Barbarom Beltrame \u0110akomelo i predsednicom Konfindustrije Isto\u010dne Evrope, Marijom Luizom Meroni.<\/p>\n<p style=\"text-align: justify;\">Ambasador Lo Ka\u0161o je, zajedno sa predsednikom Konfindustrije Srbije Patricijom Dei Tosom i direktorom Agencije ICE u Beogradu Antoniom Ventreskom, prisustvovao sastanku delegacije sa Danilom Cicmilom, savetnikom predsednika Republike za strane direktne investicije, Milanom Vrani\u0107em, predsednikom Privredne komore Srbije u Italiji i Igorom Popovi\u0107em, direktorom Sektora udru\u017eenja privrede Privredne komore Srbije. Ovi razgovori bili su prilika da se razgovara o novom me\u0111unarodnom ekonomskom scenariju nakon izbijanja sukoba u Ukrajini, posebno u pogledu povec\u0301anja cena sirovina, ali i novih moguc\u0301nosti za ja\u010danje bilateralne trgovinske saradnje.<\/p>\n<p style=\"text-align: justify;\">\u201eUprkos te\u0161koj me\u0111unarodnoj situaciji, Srbija ostaje veoma atraktivno tr\u017ei\u0161te za na\u0161e kompanije. O tome svedo\u010di i trend na\u0161e bilateralne trgovine, koja je u prvom kvartalu 2022. godine zabele\u017eila dodatni rast od +19%, potvr\u0111ujuc\u0301i pozitivan trend nakon rekordne 2021. godine\u201c, izjavio je ambasador Lo Ka\u0161o. Tokom sastanaka predstavljene su i neke nove italijanske investicije u Srbiji, posebno u sektoru obnovljivih izvora energije i energetske efikasnosti.<\/p>\n<p style=\"text-align: justify;\">Tema energetike bila je centralna tema konferencije koju je organizovala Konfindustrija Srbije: \u201eEnergija na Balkanu: prelazak na obnovljive izvore i unapre\u0111enje energetskih mre\u017ea\u201d, koja je odr\u017eana 10. maja. Ambasador je tom prilikom podsetio na neophodnost ubrzanja sprovo\u0111enja \u201ezelene agende\u201c i diversifikacije izvora snabdevanja, gledajuc\u0301i na globalnu krizu pragmati\u010dno, ali i sa novim elanom ka ekolo\u0161koj tranziciji.<\/p>\n<p style=\"text-align: justify;\">O ovim pitanjima bilo je re\u010di i u srda\u010dnom razgovoru sa predsednicom Vlade Anom Brnabic\u0301, koji je odr\u017ean 10. maja u poslepodnevnim \u010dasovima. \u201eItalija je\u201d, podsetio je ambasador, \u201ejedan od glavnih trgovinskih partnera Srbije i \u017eeli da oja\u010da svoje pozicije u ovoj zemlji, fokusirajuc\u0301i se na zelenu tranziciju i digitalizaciju\u201d.<\/p>\n<p style=\"text-align: justify;\">&#8211;<\/p>\n<p style=\"text-align: justify;\"><span style=\"text-decoration: underline;\">Saop\u0161tenje Vlade Republike Srbije<\/span>:<\/p>\n<p style=\"text-align: justify;\"><strong>Srbija ima najbolju poslovnu klimu u okru\u017eenju<\/strong><\/p>\n<p><em>Beograd, 10. maj 2022.<\/em><\/p>\n<p style=\"text-align: justify;\">Predsednica Vlade Republike Srbije Ana Brnabi\u0107 razgovarala je danas sa predsednikom Konfindustrije Srbije Patricijom Dei Tosom o poslovanju italijanskih kompanija i poslovnoj klimi u Srbiji, njihovim novim ulaganjima i pro\u0161irivanjima postoje\u0107ih investicija u na\u0161u zemlju.<\/p>\n<p style=\"text-align: justify;\">Premijerka Brnabi\u0107 ukazala je na izuzetno dobre bilateralne odnose i dodala da je u ovako izazovnim vremenima od izuzetnog zna\u010daja obele\u017eavanje novih investicija ili pro\u0161irivanje postoje\u0107ih, o kojima je bilo re\u010di na sastanku u Vladi Srbije.<\/p>\n<p style=\"text-align: justify;\">Izvr\u0161ni direktor \u201eIwis\u201c kompanije Lu\u010dano Maser je u razgovoru sa premijerkom Brnabi\u0107 posebno naglasio da Srbija ima najbolju poslovnu klimu u okru\u017eenju i tako najavio vi\u0161emilionsku investiciju u Kanji\u017ei i otvaranje novog pogona krajem godine.<\/p>\n<p style=\"text-align: justify;\">Ova investicija \u0107e omogu\u0107iti otvaranje novih radnih mesta.<\/p>\n<p style=\"text-align: justify;\">Brnabi\u0107 je poru\u010dila da je Vlada Srbije spremna da u potpunosti iza\u0111e u susret kako kompanijama iz Italije koje ve\u0107 posluju u na\u0161oj zemlji, tako i potencijalnim investitorima i da im u obezbe\u0111ivanju najboljih uslova za poslovanje u ovom delu Evrope stoje na raspolaganju Razvojna agencija Srbije i Privredna komora Srbije.<\/p>\n<p style=\"text-align: justify;\">Tako\u0111e, naglasila je premijerka, svi problemi sa kojima se susre\u0107u kompanije iz Konfindustrije bi\u0107e re\u0161avani u hodu, a Privredna komora Srbije (PKS) je adresa kojoj mogu da se obrate.<\/p>\n<p style=\"text-align: justify;\">Predstavnici Konfindustrije Srbije i Konfindustrije Italije preneli su premijerki Brnabi\u0107 da je Srbija, bez obzira na, kako su rekli te\u0161ka vremena, pouzdan partner u obezbe\u0111ivanju sigurnih i pouzdanih uslova poslovanja, uz obostrano po\u0161tovanje.<\/p>\n<p style=\"text-align: justify;\">Predstavni\u0161tvo Konfederacije italijanske industrije u Srbiji osnovano je 2012. godine i danas okuplja 160 renomiranih italijanskih kompanija koje posluju u Srbiji i veoma je zna\u010dajan \u010dinilac u ja\u010danju privrednih i dru\u0161tvenih veza izme\u0111u dveju zemalja.<\/p>\n<p style=\"text-align: justify;\">Konfindustrija Srbija je vrlo aktivna na planu pokretanja ili podr\u0161ke inicijativama privredne saradnje i svojim \u010dlanovima pru\u017ea operativnu podr\u0161ku u ostvarivanju saradnje sa srpskim poslovnim partnerima.<\/p>\n","protected":false},"excerpt":{"rendered":"Beograd je, 9. i 10. maja, posetila delegacija Konfindustrije, na \u010delu sa potpredsednicom zadu\u017eenom za internacionalizaciju, Barbarom Beltrame \u0110akomelo i predsednicom Konfindustrije Isto\u010dne Evrope, Marijom Luizom Meroni. Ambasador Lo Ka\u0161o je, zajedno sa predsednikom Konfindustrije Srbije Patricijom Dei Tosom i direktorom Agencije ICE u Beogradu Antoniom Ventreskom, prisustvovao sastanku delegacije sa Danilom Cicmilom, savetnikom predsednika [&hellip;]","protected":false},"author":1,"featured_media":0,"comment_status":"","ping_status":"","sticky":false,"template":"","format":"standard","meta":{"footnotes":""},"tags":[],"class_list":["post-2211","post","type-post","status-publish","format-standard","hentry"],"_links":{"self":[{"href":"https:\/\/ambbelgrado.esteri.it\/sr\/wp-json\/wp\/v2\/posts\/2211","targetHints":{"allow":["GET"]}}],"collection":[{"href":"https:\/\/ambbelgrado.esteri.it\/sr\/wp-json\/wp\/v2\/posts"}],"about":[{"href":"https:\/\/ambbelgrado.esteri.it\/sr\/wp-json\/wp\/v2\/types\/post"}],"author":[{"embeddable":true,"href":"https:\/\/ambbelgrado.esteri.it\/sr\/wp-json\/wp\/v2\/users\/1"}],"replies":[{"embeddable":true,"href":"https:\/\/ambbelgrado.esteri.it\/sr\/wp-json\/wp\/v2\/comments?post=2211"}],"version-history":[{"count":0,"href":"https:\/\/ambbelgrado.esteri.it\/sr\/wp-json\/wp\/v2\/posts\/2211\/revisions"}],"wp:attachment":[{"href":"https:\/\/ambbelgrado.esteri.it\/sr\/wp-json\/wp\/v2\/media?parent=2211"}],"wp:term":[{"taxonomy":"post_tag","embeddable":true,"href":"https:\/\/ambbelgrado.esteri.it\/sr\/wp-json\/wp\/v2\/tags?post=2211"}],"curies":[{"name":"wp","href":"https:\/\/api.w.org\/{rel}","templated":true}]}}