{"id":1599,"date":"2023-02-21T15:12:48","date_gmt":"2023-02-21T14:12:48","guid":{"rendered":"https:\/\/ambbelgrado.esteri.it\/news\/dall_ambasciata\/2023\/02\/italia-serbia-l-ambasciatore-gori_21-2\/"},"modified":"2023-02-21T15:12:48","modified_gmt":"2023-02-21T14:12:48","slug":"italia-serbia-l-ambasciatore-gori_21-2","status":"publish","type":"post","link":"https:\/\/ambbelgrado.esteri.it\/sr\/news\/dall_ambasciata\/2023\/02\/italia-serbia-l-ambasciatore-gori_21-2\/","title":{"rendered":"ITALIJA \u2013 SRBIJA: AMBASADOR GORI SE SASTAO SA MINISTROM PROSVETE BRANKOM RU\u017dIC\u0301EM"},"content":{"rendered":"<p style=\"text-align: center;\"><img loading=\"lazy\" decoding=\"async\" src=\"resource\/img\/2023\/02\/ruzic_2.jpg\" alt=\"ruzic 2\" width=\"450\" height=\"312\" \/><\/p>\n<p style=\"text-align: justify;\">Ambasadora Italije u Srbiji, Luku Gorija, danas je u posetu primio ministar prosvete Branko Ru\u017eic\u0301. Ovaj sastanak bio je prilika za razgovor o statusu nau\u010dne saradnje na akademskom nivou izme\u0111u Italije i Srbije, saradnji u oblasti \u0161kolstva i inicijativama za ja\u010danje promocije italijanskog jezika u obrazovnom sistemu Srbije.<\/p>\n<p style=\"text-align: justify;\">\u201eNau\u010dna saradnja izme\u0111u Italije i Srbije veoma je va\u017ena i na\u0107i \u0107e se i u centru Poslovno-nau\u010dnog foruma u martu\u201c, izjavio je ambasador Gori. \u201e\u017delimo tako\u0111e da povec\u0301amo zastupljenost u\u010denja italijanskog jezika u celokupnom srpskom obrazovnom sistemu \u2013 dodao je Gori \u2013 iskori\u0161c\u0301avanjem pozitivnih eksternih efekata koje jezi\u010dka i nau\u010dna diplomatija mogu da proizvedu na svim nivoima u bilateralnim odnosima Rima i Beograda.\u201d<\/p>\n<p style=\"text-align: center;\"><img loading=\"lazy\" decoding=\"async\" src=\"resource\/img\/2023\/02\/ruzic_1.jpg\" alt=\"ruzic 1\" width=\"450\" height=\"275\" \/><\/p>\n","protected":false},"excerpt":{"rendered":"Ambasadora Italije u Srbiji, Luku Gorija, danas je u posetu primio ministar prosvete Branko Ru\u017eic\u0301. Ovaj sastanak bio je prilika za razgovor o statusu nau\u010dne saradnje na akademskom nivou izme\u0111u Italije i Srbije, saradnji u oblasti \u0161kolstva i inicijativama za ja\u010danje promocije italijanskog jezika u obrazovnom sistemu Srbije. \u201eNau\u010dna saradnja izme\u0111u Italije i Srbije veoma [&hellip;]","protected":false},"author":1,"featured_media":0,"comment_status":"","ping_status":"","sticky":false,"template":"","format":"standard","meta":{"footnotes":""},"tags":[],"class_list":["post-1599","post","type-post","status-publish","format-standard","hentry"],"_links":{"self":[{"href":"https:\/\/ambbelgrado.esteri.it\/sr\/wp-json\/wp\/v2\/posts\/1599","targetHints":{"allow":["GET"]}}],"collection":[{"href":"https:\/\/ambbelgrado.esteri.it\/sr\/wp-json\/wp\/v2\/posts"}],"about":[{"href":"https:\/\/ambbelgrado.esteri.it\/sr\/wp-json\/wp\/v2\/types\/post"}],"author":[{"embeddable":true,"href":"https:\/\/ambbelgrado.esteri.it\/sr\/wp-json\/wp\/v2\/users\/1"}],"replies":[{"embeddable":true,"href":"https:\/\/ambbelgrado.esteri.it\/sr\/wp-json\/wp\/v2\/comments?post=1599"}],"version-history":[{"count":0,"href":"https:\/\/ambbelgrado.esteri.it\/sr\/wp-json\/wp\/v2\/posts\/1599\/revisions"}],"wp:attachment":[{"href":"https:\/\/ambbelgrado.esteri.it\/sr\/wp-json\/wp\/v2\/media?parent=1599"}],"wp:term":[{"taxonomy":"post_tag","embeddable":true,"href":"https:\/\/ambbelgrado.esteri.it\/sr\/wp-json\/wp\/v2\/tags?post=1599"}],"curies":[{"name":"wp","href":"https:\/\/api.w.org\/{rel}","templated":true}]}}