{"id":15190,"date":"2026-04-27T10:35:14","date_gmt":"2026-04-27T08:35:14","guid":{"rendered":"https:\/\/ambbelgrado.esteri.it\/news\/dall_ambasciata\/2026\/04\/lambasciatore-ditalia-in-serbia-luca-gori-partecipa-alla-consegna-di-veicoli-per-la-raccolta-dei-rifiuti-nellambito-del-protocollo-antonione\/"},"modified":"2026-04-30T09:41:20","modified_gmt":"2026-04-30T07:41:20","slug":"lambasciatore-ditalia-in-serbia-luca-gori-partecipa-alla-consegna-di-veicoli-per-la-raccolta-dei-rifiuti-nellambito-del-protocollo-antonione","status":"publish","type":"post","link":"https:\/\/ambbelgrado.esteri.it\/sr\/news\/dall_ambasciata\/2026\/04\/lambasciatore-ditalia-in-serbia-luca-gori-partecipa-alla-consegna-di-veicoli-per-la-raccolta-dei-rifiuti-nellambito-del-protocollo-antonione\/","title":{"rendered":"AMBASADOR ITALIJE U SRBIJI, LUKA GORI, U\u010cESTVOVAO JE U PRIMOPREDAJI VOZILA ZA SAKUPLJANJE OTPADA U OKVIRU \u201ePROTOKOLA ANTONIONE\u201c"},"content":{"rendered":"<p>Ambasador Italije u Srbiji, Luka Gori, u\u010destvovao je na ceremoniji primopredaje pet vozila za sakupljanje otpada za javno komunalno preduzec\u0301e \u201eVidrak\u201c u Valjevu.<\/p>\n<p>Inicijativa je deo Programa podr\u0161ke ekonomskom razvoju Srbije (poznatog kao \u201eProtokol Antonione\u201c), koji sprovodi AICS Tirana uz podr\u0161ku Ambasade Italije u Srbiji u korist Ministarstva za evropske integracije Republike Srbije.<\/p>\n<p>Ceremoniji su prisustvovali ministar za evropske integracije Nemanja Starovic\u0301, gradona\u010delnik Valjeva Lazar Gojkovic\u0301, direktor javnog komunalnog preduzec\u0301a \u201eVidrak\u201c Dragan Kuzmanovic\u0301 i vr\u0161ilac du\u017enosti direktora AICS Tirana, Leticija Fiskjoni.<\/p>\n<p>Projekat vredan 730.000 evra deo je \u0161ire saradnje izme\u0111u Italije i Srbije usmerene ka ja\u010danju lokalnih javnih usluga, pobolj\u0161anju gradske \u010disto\u0107e i promociji za\u0161tite \u017eivotne sredine. Nova vozila c\u0301e zna\u010dajno doprineti efikasnijem sistemu upravljanja otpadom, sa direktnim koristima za gra\u0111ane Valjeva.<\/p>\n<p>\u201eDana\u0161nja ceremonija predstavlja opipljiv korak u revitalizaciji Protokola Antonione i pokazuje kako se saradnja izme\u0111u Italije i Srbije mo\u017ee pretvoriti u konkretne rezultate za lokalne zajednice\u201c, rekao je ambasador Gori. On je dodao da \u201eovaj projekat ja\u010da na\u0161u zajedni\u010dku posvec\u0301enost odr\u017eivom razvoju, uz pobolj\u0161anje osnovnih usluga i podr\u0161ku modernizaciji zemlje.\u201c<\/p>\n<p>&nbsp;<\/p>\n","protected":false},"excerpt":{"rendered":"Ambasador Italije u Srbiji, Luka Gori, u\u010destvovao je na ceremoniji primopredaje pet vozila za sakupljanje otpada za javno komunalno preduzec\u0301e \u201eVidrak\u201c u Valjevu. Inicijativa je deo Programa podr\u0161ke ekonomskom razvoju Srbije (poznatog kao \u201eProtokol Antonione\u201c), koji sprovodi AICS Tirana uz podr\u0161ku Ambasade Italije u Srbiji u korist Ministarstva za evropske integracije Republike Srbije. Ceremoniji su [&hellip;]","protected":false},"author":7,"featured_media":15175,"comment_status":"closed","ping_status":"closed","sticky":false,"template":"","format":"standard","meta":{"footnotes":""},"tags":[5],"class_list":["post-15190","post","type-post","status-publish","format-standard","has-post-thumbnail","hentry","tag-cooperazione-allo-sviluppo"],"_links":{"self":[{"href":"https:\/\/ambbelgrado.esteri.it\/sr\/wp-json\/wp\/v2\/posts\/15190","targetHints":{"allow":["GET"]}}],"collection":[{"href":"https:\/\/ambbelgrado.esteri.it\/sr\/wp-json\/wp\/v2\/posts"}],"about":[{"href":"https:\/\/ambbelgrado.esteri.it\/sr\/wp-json\/wp\/v2\/types\/post"}],"author":[{"embeddable":true,"href":"https:\/\/ambbelgrado.esteri.it\/sr\/wp-json\/wp\/v2\/users\/7"}],"replies":[{"embeddable":true,"href":"https:\/\/ambbelgrado.esteri.it\/sr\/wp-json\/wp\/v2\/comments?post=15190"}],"version-history":[{"count":1,"href":"https:\/\/ambbelgrado.esteri.it\/sr\/wp-json\/wp\/v2\/posts\/15190\/revisions"}],"predecessor-version":[{"id":15192,"href":"https:\/\/ambbelgrado.esteri.it\/sr\/wp-json\/wp\/v2\/posts\/15190\/revisions\/15192"}],"wp:featuredmedia":[{"embeddable":true,"href":"https:\/\/ambbelgrado.esteri.it\/sr\/wp-json\/wp\/v2\/media\/15175"}],"wp:attachment":[{"href":"https:\/\/ambbelgrado.esteri.it\/sr\/wp-json\/wp\/v2\/media?parent=15190"}],"wp:term":[{"taxonomy":"post_tag","embeddable":true,"href":"https:\/\/ambbelgrado.esteri.it\/sr\/wp-json\/wp\/v2\/tags?post=15190"}],"curies":[{"name":"wp","href":"https:\/\/api.w.org\/{rel}","templated":true}]}}