{"id":15170,"date":"2026-04-29T13:17:24","date_gmt":"2026-04-29T11:17:24","guid":{"rendered":"https:\/\/ambbelgrado.esteri.it\/news\/dall_ambasciata\/2026\/04\/lambasciatore-ditalia-in-serbia-luca-gori-interviene-allevento-di-the-merchant-of-venice-eccellenza-della-profumeria-artistica-italiana\/"},"modified":"2026-04-29T13:18:59","modified_gmt":"2026-04-29T11:18:59","slug":"lambasciatore-ditalia-in-serbia-luca-gori-interviene-allevento-di-the-merchant-of-venice-eccellenza-della-profumeria-artistica-italiana","status":"publish","type":"post","link":"https:\/\/ambbelgrado.esteri.it\/sr\/news\/dall_ambasciata\/2026\/04\/lambasciatore-ditalia-in-serbia-luca-gori-interviene-allevento-di-the-merchant-of-venice-eccellenza-della-profumeria-artistica-italiana\/","title":{"rendered":"AMBASADOR ITALIJE U SRBIJI, LUKA GORI, NA DOGA\u0110AJU POSVE\u0106ENOM BRENDU \u201eTHE MERCHANT OF VENICE\u201c, IZVRSNOSTI ITALIJANSKE PROIZVODNJE UMETNI\u010cKIH PARFEMA"},"content":{"rendered":"<p>Ambasador Italije u Srbiji, Luka Gori, obratio se prisutnima na doga\u0111aju odr\u017eanom u Rezidenciji, posvec\u0301enom presti\u017enom venecijanskom brendu umetni\u010dkih parfema \u201eThe Merchant of Venice\u201c, simbolu izvrsnosti \u201eMade in Italy\u201c i italijanske zanatske tradicije u sektoru kozmetike.<\/p>\n<p>Inicijativa je deo aktivnosti integrisane promocije Ambasade, usmerenih na promociju sektora velike dodate vrednosti italijanske ekonomije i ja\u010danje ekonomskih veza izme\u0111u Italije i Srbije.<\/p>\n<p>Doga\u0111aju je prisustvovao Marko Vidal, generalni direktor kompanije Mavive S.p.A., \u010duvene kompanije koju predstavlja \u010detvrta generacija porodice koja je u Veneciji aktivna u sektoru proizvodnje parfema vi\u0161e od 120 godina. Pod njegovim vo\u0111stvom, kompanija je zapo\u010dela strate\u0161ku evoluciju, fokusirajuc\u0301i se na segment umetni\u010dkih i luksuznih parfema, ja\u010dajuc\u0301i me\u0111unarodno pozicioniranje brenda \u201eThe Merchant of Venice\u201c.<\/p>\n<p>Inicijativa, realizovana u saradnji sa lokalnim predstavnikom brenda \u201eMartimex\u201c i zavr\u0161ena koktelom u cilju umre\u017eavanja, pru\u017eila je dodatnu priliku za promociju dijaloga izme\u0111u kompanija, stru\u010dnjaka iz ovog sektora i lokalnih aktera, isti\u010duc\u0301i italijansku izvrsnost i podsti\u010duc\u0301i nove moguc\u0301nosti za ekonomsku i komercijalnu saradnju.<\/p>\n<p>Prema podacima koje je objavila \u201cCosmetica Italia\u201d, Italija je 2025. godine potvrdila svoju poziciju petog najvec\u0301eg izvoznika kozmetike na svetu, sa 5,6% udela na globalnom tr\u017ei\u0161tu. Izvoz je dostigao 8,6 milijardi evra (+4,1%), doprinosec\u0301i veoma pozitivnom trgovinskom bilansu od 5,1 milijarde evra. Sektor je ostvario ukupan promet od 18 milijardi evra (+2,9%), uz rast izvoza, \u0161to predstavlja 48% ukupnih prihoda.<\/p>\n<p>\u201ePrisustvo kultnog brenda kao \u0161to je \u201eThe Merchant of Venice\u201c u Beogradu dodatno potvr\u0111uje vitalnost i inovativni kapacitet italijanske kozmeti\u010dke industrije, kao i rastuc\u0301e interesovanje srpskog tr\u017ei\u0161ta za luksuzne i kvalitetne proizvode\u201c, izjavio je ambassador Italije u Srbiji, Luka Gori. \u201eNadamo se\u201c, dodao je, \u201eda c\u0301e ovaj sektor sve vi\u0161e doprinositi razvoju trgovine izme\u0111u Italije i Srbije, gde je Italija vec\u0301 trec\u0301i najvec\u0301i trgovinski partner zemlje.\u201c<\/p>\n","protected":false},"excerpt":{"rendered":"Ambasador Italije u Srbiji, Luka Gori, obratio se prisutnima na doga\u0111aju odr\u017eanom u Rezidenciji, posvec\u0301enom presti\u017enom venecijanskom brendu umetni\u010dkih parfema \u201eThe Merchant of Venice\u201c, simbolu izvrsnosti \u201eMade in Italy\u201c i italijanske zanatske tradicije u sektoru kozmetike. Inicijativa je deo aktivnosti integrisane promocije Ambasade, usmerenih na promociju sektora velike dodate vrednosti italijanske ekonomije i ja\u010danje ekonomskih [&hellip;]","protected":false},"author":6,"featured_media":15151,"comment_status":"closed","ping_status":"closed","sticky":false,"template":"","format":"standard","meta":{"footnotes":""},"tags":[],"class_list":["post-15170","post","type-post","status-publish","format-standard","has-post-thumbnail","hentry"],"_links":{"self":[{"href":"https:\/\/ambbelgrado.esteri.it\/sr\/wp-json\/wp\/v2\/posts\/15170","targetHints":{"allow":["GET"]}}],"collection":[{"href":"https:\/\/ambbelgrado.esteri.it\/sr\/wp-json\/wp\/v2\/posts"}],"about":[{"href":"https:\/\/ambbelgrado.esteri.it\/sr\/wp-json\/wp\/v2\/types\/post"}],"author":[{"embeddable":true,"href":"https:\/\/ambbelgrado.esteri.it\/sr\/wp-json\/wp\/v2\/users\/6"}],"replies":[{"embeddable":true,"href":"https:\/\/ambbelgrado.esteri.it\/sr\/wp-json\/wp\/v2\/comments?post=15170"}],"version-history":[{"count":1,"href":"https:\/\/ambbelgrado.esteri.it\/sr\/wp-json\/wp\/v2\/posts\/15170\/revisions"}],"predecessor-version":[{"id":15171,"href":"https:\/\/ambbelgrado.esteri.it\/sr\/wp-json\/wp\/v2\/posts\/15170\/revisions\/15171"}],"wp:featuredmedia":[{"embeddable":true,"href":"https:\/\/ambbelgrado.esteri.it\/sr\/wp-json\/wp\/v2\/media\/15151"}],"wp:attachment":[{"href":"https:\/\/ambbelgrado.esteri.it\/sr\/wp-json\/wp\/v2\/media?parent=15170"}],"wp:term":[{"taxonomy":"post_tag","embeddable":true,"href":"https:\/\/ambbelgrado.esteri.it\/sr\/wp-json\/wp\/v2\/tags?post=15170"}],"curies":[{"name":"wp","href":"https:\/\/api.w.org\/{rel}","templated":true}]}}