{"id":15140,"date":"2026-04-28T15:17:37","date_gmt":"2026-04-28T13:17:37","guid":{"rendered":"https:\/\/ambbelgrado.esteri.it\/news\/dall_ambasciata\/2026\/04\/contributi-in-favore-delle-istituzioni-scolastiche-serbe\/"},"modified":"2026-04-28T15:18:56","modified_gmt":"2026-04-28T13:18:56","slug":"contributi-in-favore-delle-istituzioni-scolastiche-serbe","status":"publish","type":"post","link":"https:\/\/ambbelgrado.esteri.it\/sr\/news\/dall_ambasciata\/2026\/04\/contributi-in-favore-delle-istituzioni-scolastiche-serbe\/","title":{"rendered":"DOPRINOSI \u0160KOLSKIM INSTITUCIJAMA U SRBIJI"},"content":{"rendered":"<header class=\"entry-header\"><\/header>\n<div class=\"entry-content\">\n<div class=\"entry-content\">\n<p>I u 2026. godini<strong>\u00a0<\/strong>zainteresovane<strong>\u00a0<\/strong>\u0161kolske institucije u Srbiji mo\u0107i \u0107e da podnesu zahtev Ministarstvu spoljnih poslova i me\u0111unarodne saradnje za doprinose namenjene promovisanju italijanskog jezika i kulture kroz uvo\u0111enje i implementaciju italijanskog jezika u nastavu (doprinosi u vidu delimi\u010dnog udela u zaradi profesora zaposlenih direktno od strane same \u0161kole sa kojom sklapaju ugovor po lokalnom zakonu).<\/p>\n<p>Za vi\u0161e informacija poslati mejl na\u00a0<strong><a href=\"mailto:corsilingua.iicbelgrado@esteri.it\">corsilingua.iicbelgrado@esteri.it<\/a>.<\/strong><\/p>\n<\/div>\n<p>&nbsp;<\/p>\n<\/div>\n","protected":false},"excerpt":{"rendered":"I u 2026. godini\u00a0zainteresovane\u00a0\u0161kolske institucije u Srbiji mo\u0107i \u0107e da podnesu zahtev Ministarstvu spoljnih poslova i me\u0111unarodne saradnje za doprinose namenjene promovisanju italijanskog jezika i kulture kroz uvo\u0111enje i implementaciju italijanskog jezika u nastavu (doprinosi u vidu delimi\u010dnog udela u zaradi profesora zaposlenih direktno od strane same \u0161kole sa kojom sklapaju ugovor po lokalnom zakonu). [&hellip;]","protected":false},"author":6,"featured_media":0,"comment_status":"closed","ping_status":"closed","sticky":false,"template":"","format":"standard","meta":{"footnotes":""},"tags":[7],"class_list":["post-15140","post","type-post","status-publish","format-standard","hentry","tag-diplomazia-culturale"],"_links":{"self":[{"href":"https:\/\/ambbelgrado.esteri.it\/sr\/wp-json\/wp\/v2\/posts\/15140","targetHints":{"allow":["GET"]}}],"collection":[{"href":"https:\/\/ambbelgrado.esteri.it\/sr\/wp-json\/wp\/v2\/posts"}],"about":[{"href":"https:\/\/ambbelgrado.esteri.it\/sr\/wp-json\/wp\/v2\/types\/post"}],"author":[{"embeddable":true,"href":"https:\/\/ambbelgrado.esteri.it\/sr\/wp-json\/wp\/v2\/users\/6"}],"replies":[{"embeddable":true,"href":"https:\/\/ambbelgrado.esteri.it\/sr\/wp-json\/wp\/v2\/comments?post=15140"}],"version-history":[{"count":1,"href":"https:\/\/ambbelgrado.esteri.it\/sr\/wp-json\/wp\/v2\/posts\/15140\/revisions"}],"predecessor-version":[{"id":15143,"href":"https:\/\/ambbelgrado.esteri.it\/sr\/wp-json\/wp\/v2\/posts\/15140\/revisions\/15143"}],"wp:attachment":[{"href":"https:\/\/ambbelgrado.esteri.it\/sr\/wp-json\/wp\/v2\/media?parent=15140"}],"wp:term":[{"taxonomy":"post_tag","embeddable":true,"href":"https:\/\/ambbelgrado.esteri.it\/sr\/wp-json\/wp\/v2\/tags?post=15140"}],"curies":[{"name":"wp","href":"https:\/\/api.w.org\/{rel}","templated":true}]}}