{"id":15132,"date":"2026-04-27T13:31:12","date_gmt":"2026-04-27T11:31:12","guid":{"rendered":"https:\/\/ambbelgrado.esteri.it\/news\/dall_ambasciata\/2026\/04\/expo-2027-belgrado-firmato-il-contratto-per-il-padiglione-italiano\/"},"modified":"2026-04-27T13:32:54","modified_gmt":"2026-04-27T11:32:54","slug":"expo-2027-belgrado-firmato-il-contratto-per-il-padiglione-italiano","status":"publish","type":"post","link":"https:\/\/ambbelgrado.esteri.it\/sr\/news\/dall_ambasciata\/2026\/04\/expo-2027-belgrado-firmato-il-contratto-per-il-padiglione-italiano\/","title":{"rendered":"EKSPO 2027 BEOGRAD: POTPISAN UGOVOR ZA ITALIJANSKI PAVILJON"},"content":{"rendered":"<p>Ambasador Italije u Srbiji, Luka Gori, potpisao je danas ugovor o u\u010de\u0161c\u0301u Italije na Specijalizovanoj izlo\u017ebi EKSPO 2027 u Beogradu, u svojstvu komesara Sekcije Italije. Ugovor su potpisali i generalna komesarka za EKSPO 2027 i ministarka za unutra\u0161nju i spoljnu trgovinu Jagoda Lazarevic\u0301, kao i direktor Izlo\u017ebe Danilo Jerinic\u0301.<\/p>\n<p>Sve\u010danosti, odr\u017eanoj u Ekspo plejgraundu na Beogradskom sajmu, prisustvovali su direktor Kancelarije ICE u Beogradu i zamenik komesara Sekcije Antonio Ventreska, zajedno sa predstavnicima Sistema Italije, koji obuhvata Konfindustriju, Komoru italijansko-srpskih privrednika, <em>Cassa Depositi e Prestiti<\/em>, <em>Simest<\/em> i <em>SACE<\/em>. Zajedni\u010dko prisustvo najva\u017enijih institucija Sistema Italije u Beogradu dokaz je zajedni\u010dke posvec\u0301enosti zemlje iskori\u0161c\u0301avanju moguc\u0301nosti internacionalizacije koje nudi EKSPO 2027 i daljem ja\u010danju ekonomske i institucionalne saradnje sa Srbijom i \u010ditavim regionom Zapadnog Balkana.<\/p>\n<p>Ministarka Lazarevic\u0301 podsetila je na odli\u010dnu i kontinuiranu bilateralnu saradnju koja je omoguc\u0301ila ovaj va\u017ean rezultat, nagla\u0161avajuc\u0301i da je Italija jedan od najva\u017enijih ekonomskih partnera Srbije i da je u\u010de\u0161c\u0301e Italije na Ekspo 2027 u Beogradu od velikog zna\u010daja. Ona je izrazila o\u010dekivanje da c\u0301e italijanski paviljon na tom doga\u0111aju biti \u201e\u017eivahan i zanimljiv\u201c.<\/p>\n<p>Vlada Republike Italije me\u0111u prvima je najavila svoje u\u010de\u0161c\u0301e na Ekspo 2027, u skladu sa tradicionalnom podr\u0161kom Italije radu Me\u0111unarodnog biroa za izlo\u017ebe (BIE) i me\u0111unarodnim izlo\u017ebama kao platformama za dijalog izme\u0111u zemalja. Ekspo 2027 Beograd, pod nazivom \u201eIgra(j) za \u010dove\u010danstvo: Sport i muzika za sve\u201c, privukao je u\u010de\u0161c\u0301e preko 135 zemalja i fokusira se na koncept igre u svim njegovim nijansama.<\/p>\n<p>\u201eEKSPO 2027 Beograd\u201c, rekao je ambasador Gori, \u201ebic\u0301e prostor za povezivanje, inovacije i zajedni\u010dko stvaranje, u duhu inkluzije i promocije na\u0161e kreativne industrije. Cilj nam je da predstavimo bogato kulturno, muzi\u010dko i sportsko nasle\u0111e na\u0161e zemlje, obezbe\u0111uju\u0107i i prostor koji \u0107e biti posvec\u0301en italijanskim regijama, kao i da pokrenemo nove projekte koji c\u0301e se nastaviti nakon 2027. godine \u201eU tom pravcu, dodao je, ove 2026. godine pokrenut je \u201ePlay with IT\u201c, Festival italijanske kreativnosti sa ciljem da se podstaknu zajedni\u010dki projekti u razli\u010ditim oblastima kao \u0161to su dizajn, moda, muzika, sport, inovacije i gastronomija\u201d.<\/p>\n<p>Na marginama ceremonije potpisivanja, ambasador Gori i generalna komesarka EKSPO 2027 Beograd razgovarali su o tome kako odmi\u010du pripreme za projekat italijanskog Paviljona. U fokusu italijanskog izlo\u017ebenog prostora na\u0107i \u0107e se ljudi, uz ponudu interaktivnog iskustva koje \u0107e istra\u017eiti kako sport, muzika i inovacije doprinose dru\u0161tvenoj koheziji, tehnolo\u0161kom razvoju i ekonomskom napretku.<\/p>\n","protected":false},"excerpt":{"rendered":"Ambasador Italije u Srbiji, Luka Gori, potpisao je danas ugovor o u\u010de\u0161c\u0301u Italije na Specijalizovanoj izlo\u017ebi EKSPO 2027 u Beogradu, u svojstvu komesara Sekcije Italije. Ugovor su potpisali i generalna komesarka za EKSPO 2027 i ministarka za unutra\u0161nju i spoljnu trgovinu Jagoda Lazarevic\u0301, kao i direktor Izlo\u017ebe Danilo Jerinic\u0301. Sve\u010danosti, odr\u017eanoj u Ekspo plejgraundu na [&hellip;]","protected":false},"author":7,"featured_media":15119,"comment_status":"closed","ping_status":"closed","sticky":false,"template":"","format":"standard","meta":{"footnotes":""},"tags":[],"class_list":["post-15132","post","type-post","status-publish","format-standard","has-post-thumbnail","hentry"],"_links":{"self":[{"href":"https:\/\/ambbelgrado.esteri.it\/sr\/wp-json\/wp\/v2\/posts\/15132","targetHints":{"allow":["GET"]}}],"collection":[{"href":"https:\/\/ambbelgrado.esteri.it\/sr\/wp-json\/wp\/v2\/posts"}],"about":[{"href":"https:\/\/ambbelgrado.esteri.it\/sr\/wp-json\/wp\/v2\/types\/post"}],"author":[{"embeddable":true,"href":"https:\/\/ambbelgrado.esteri.it\/sr\/wp-json\/wp\/v2\/users\/7"}],"replies":[{"embeddable":true,"href":"https:\/\/ambbelgrado.esteri.it\/sr\/wp-json\/wp\/v2\/comments?post=15132"}],"version-history":[{"count":1,"href":"https:\/\/ambbelgrado.esteri.it\/sr\/wp-json\/wp\/v2\/posts\/15132\/revisions"}],"predecessor-version":[{"id":15133,"href":"https:\/\/ambbelgrado.esteri.it\/sr\/wp-json\/wp\/v2\/posts\/15132\/revisions\/15133"}],"wp:featuredmedia":[{"embeddable":true,"href":"https:\/\/ambbelgrado.esteri.it\/sr\/wp-json\/wp\/v2\/media\/15119"}],"wp:attachment":[{"href":"https:\/\/ambbelgrado.esteri.it\/sr\/wp-json\/wp\/v2\/media?parent=15132"}],"wp:term":[{"taxonomy":"post_tag","embeddable":true,"href":"https:\/\/ambbelgrado.esteri.it\/sr\/wp-json\/wp\/v2\/tags?post=15132"}],"curies":[{"name":"wp","href":"https:\/\/api.w.org\/{rel}","templated":true}]}}