{"id":14687,"date":"2026-02-20T15:17:05","date_gmt":"2026-02-20T14:17:05","guid":{"rendered":"https:\/\/ambbelgrado.esteri.it\/news\/dall_ambasciata\/2026\/02\/portale-prenotmi-fermo-operativo-temporaneo\/"},"modified":"2026-02-20T15:58:11","modified_gmt":"2026-02-20T14:58:11","slug":"portale-prenotmi-fermo-operativo-temporaneo","status":"publish","type":"post","link":"https:\/\/ambbelgrado.esteri.it\/sr\/news\/dall_ambasciata\/2026\/02\/portale-prenotmi-fermo-operativo-temporaneo\/","title":{"rendered":"PRIVREMENI PREKID RADA PORTALA Prenot@mi \/ Prenot@mi PORTAL \u2013 TEMPORARY SERVICE INTERRUPTION"},"content":{"rendered":"<p>Obave\u0161tavamo cenjene korisnike da c\u0301e 23, 24. i 25. februara informacioni sistem <strong><em>Prenot@mi<\/em><\/strong> biti nedostupan po\u010dev od 10:00 \u010dasova (po italijanskom vremenu) 23. februara, i u tom periodu ne\u0107e biti mogu\u0107e obaviti nijednu operaciju na platformi. Platforma c\u0301e biti ponovo dostupna 26. februara.<\/p>\n<p><strong>Termini od 26. februara do 7. marta moraju obavezno biti potvr\u0111eni do 22. februara.<\/strong><\/p>\n<p><strong>Korisnici sa terminima 5, 6. i 7. marta primic\u0301e e-mail od IT podr\u0161ke radi potvrde termina, jer u toku prekida rada ne\u0107e biti moguc\u0301a potvrda putem platforme.<\/strong><\/p>\n<p>Korisnici koji imaju rezervaciju u danima prekida rada moraju preuzeti i poneti sa sobom potvrdu o zakazanom terminu. Ova potvrda se mo\u017ee preuzeti u odeljku \u201eMoji termini\u201c klikom na kod rezervacije.<\/p>\n<p>&#8211;<\/p>\n<p>Please be informed that on February 23, 24, and 25, the <em><strong>Prenot@mi<\/strong><\/em> IT system will undergo a temporary service suspension starting from 10:00 a.m. (Italian time) on February 23. During this period, the platform will not be available for any operations. The platform will be available again on February 26.<\/p>\n<p><strong>Appointments scheduled from February 26 to March 7 must be confirmed no later than February 22.<\/strong><\/p>\n<p><strong>Users with appointments on March 5, 6, and 7 will receive an email from IT support allowing them to confirm their appointment, as the system downtime will prevent confirmation through the platform.<\/strong><\/p>\n<p>Users with bookings on the days of the service interruption must download and bring with them the appointment receipt, which can be obtained from the \u201cMy Appointments\u201d section by clicking on the booking code.<\/p>\n","protected":false},"excerpt":{"rendered":"Obave\u0161tavamo cenjene korisnike da c\u0301e 23, 24. i 25. februara informacioni sistem Prenot@mi biti nedostupan po\u010dev od 10:00 \u010dasova (po italijanskom vremenu) 23. februara, i u tom periodu ne\u0107e biti mogu\u0107e obaviti nijednu operaciju na platformi. Platforma c\u0301e biti ponovo dostupna 26. februara. Termini od 26. februara do 7. marta moraju obavezno biti potvr\u0111eni do [&hellip;]","protected":false},"author":6,"featured_media":0,"comment_status":"closed","ping_status":"closed","sticky":false,"template":"","format":"standard","meta":{"footnotes":""},"tags":[],"class_list":["post-14687","post","type-post","status-publish","format-standard","hentry"],"_links":{"self":[{"href":"https:\/\/ambbelgrado.esteri.it\/sr\/wp-json\/wp\/v2\/posts\/14687","targetHints":{"allow":["GET"]}}],"collection":[{"href":"https:\/\/ambbelgrado.esteri.it\/sr\/wp-json\/wp\/v2\/posts"}],"about":[{"href":"https:\/\/ambbelgrado.esteri.it\/sr\/wp-json\/wp\/v2\/types\/post"}],"author":[{"embeddable":true,"href":"https:\/\/ambbelgrado.esteri.it\/sr\/wp-json\/wp\/v2\/users\/6"}],"replies":[{"embeddable":true,"href":"https:\/\/ambbelgrado.esteri.it\/sr\/wp-json\/wp\/v2\/comments?post=14687"}],"version-history":[{"count":3,"href":"https:\/\/ambbelgrado.esteri.it\/sr\/wp-json\/wp\/v2\/posts\/14687\/revisions"}],"predecessor-version":[{"id":14693,"href":"https:\/\/ambbelgrado.esteri.it\/sr\/wp-json\/wp\/v2\/posts\/14687\/revisions\/14693"}],"wp:attachment":[{"href":"https:\/\/ambbelgrado.esteri.it\/sr\/wp-json\/wp\/v2\/media?parent=14687"}],"wp:term":[{"taxonomy":"post_tag","embeddable":true,"href":"https:\/\/ambbelgrado.esteri.it\/sr\/wp-json\/wp\/v2\/tags?post=14687"}],"curies":[{"name":"wp","href":"https:\/\/api.w.org\/{rel}","templated":true}]}}