{"id":1445,"date":"2023-05-23T10:41:36","date_gmt":"2023-05-23T08:41:36","guid":{"rendered":"https:\/\/ambbelgrado.esteri.it\/news\/dall_ambasciata\/2023\/05\/visita-in-serbia-del-ministro-dell-2\/"},"modified":"2023-11-24T16:12:11","modified_gmt":"2023-11-24T15:12:11","slug":"visita-in-serbia-del-ministro-dell-2","status":"publish","type":"post","link":"https:\/\/ambbelgrado.esteri.it\/sr\/news\/dall_ambasciata\/2023\/05\/visita-in-serbia-del-ministro-dell-2\/","title":{"rendered":"POSETA SRBIJI MINISTRA POLJOPRIVREDE, PREHRAMBENOG SUVERENITETA I \u0160UMARSTVA FRAN\u010cESKA LOLOBRI\u0110IDE, POVODOM OTVARANJA ME\u0110UNARODNOG POLJOPRIVREDNOG SAJMA U NOVOM SADU. ITALIJA ZEMLJA PARTNER."},"content":{"rendered":"<p>&nbsp;<\/p>\n<p><img loading=\"lazy\" decoding=\"async\" class=\"alignnone size-medium wp-image-8659 img-fluid\" src=\"https:\/\/ambbelgrado.esteri.it\/wp-content\/uploads\/2023\/07\/Lollobrigida-alla-Fiera-Novi-Sad-300x215.png\" alt=\"\" width=\"300\" height=\"215\" srcset=\"https:\/\/ambbelgrado.esteri.it\/wp-content\/uploads\/2023\/07\/Lollobrigida-alla-Fiera-Novi-Sad-300x215.png 300w, https:\/\/ambbelgrado.esteri.it\/wp-content\/uploads\/2023\/07\/Lollobrigida-alla-Fiera-Novi-Sad-768x550.png 768w, https:\/\/ambbelgrado.esteri.it\/wp-content\/uploads\/2023\/07\/Lollobrigida-alla-Fiera-Novi-Sad.png 809w\" sizes=\"auto, (max-width: 300px) 100vw, 300px\" \/><\/p>\n<p style=\"text-align: justify;\">Ministar poljoprivrede, prehrambenog suvereniteta i \u0161umarstva Italije Fran\u010desko Lolobri\u0111ida, zajedno sa ministarkom poljoprivrede, \u0161umarstva i vodoprivrede Srbije Jelenom Tanaskovic\u0301, otvorio je 20. maja Me\u0111unarodni poljoprivredni sajam u Novom Sadu, koji ove godine obele\u017eava dvostruki jubilej: 100 godina sajma i 90 godina poljoprivredne manifestacije. U ovom zna\u010dajnom izdanju \u2013 u periodu od 20. do 26. maja \u2013 Italija u\u010destvuje kao zemlja partner, uz kolektivnu izlo\u017ebu koju organizuje Kancelarija ICE u Beogradu sa 21 kompanijom na izlo\u017ebenim prostoru od 500 kvadratnih metara. Otvaranju su prisustvovali i predsednik ICE-a Mateo Zopas, kao i izvr\u0161ni direktor Lanca snabdevanja Italija (Filiera Italiana) Lui\u0111i Skordamalja.<\/p>\n<p style=\"text-align: justify;\">Tokom manifestacije organizovan je bogat program kulturnih de\u0161avanja zahvaljujuc\u0301i Italijanskom institutu za kulturu u Beogradu, po\u010dev od nastupa Orkestra Taranta.<\/p>\n<p style=\"text-align: justify;\">Ceo intervju ministra Lolobri\u0111ide mo\u017eete prona\u0107i na slede\u0107em linku: <a href=\"https:\/\/www.blic.rs\/biznis\/privreda-i-finansije\/ministar-poljoprivrede-italije-francesko-lolobridida-za-blic-biznis-imate-vazne\/v46h59w\">https:\/\/www.blic.rs\/biznis\/privreda-i-finansije\/ministar-poljoprivrede-italije-francesko-lolobridida-za-blic-biznis-imate-vazne\/v46h59w<\/a><\/p>\n<p>&nbsp;<\/p>\n","protected":false},"excerpt":{"rendered":"&nbsp; Ministar poljoprivrede, prehrambenog suvereniteta i \u0161umarstva Italije Fran\u010desko Lolobri\u0111ida, zajedno sa ministarkom poljoprivrede, \u0161umarstva i vodoprivrede Srbije Jelenom Tanaskovic\u0301, otvorio je 20. maja Me\u0111unarodni poljoprivredni sajam u Novom Sadu, koji ove godine obele\u017eava dvostruki jubilej: 100 godina sajma i 90 godina poljoprivredne manifestacije. U ovom zna\u010dajnom izdanju \u2013 u periodu od 20. do 26. [&hellip;]","protected":false},"author":1,"featured_media":0,"comment_status":"closed","ping_status":"closed","sticky":false,"template":"","format":"standard","meta":{"footnotes":""},"tags":[],"class_list":["post-1445","post","type-post","status-publish","format-standard","hentry"],"_links":{"self":[{"href":"https:\/\/ambbelgrado.esteri.it\/sr\/wp-json\/wp\/v2\/posts\/1445","targetHints":{"allow":["GET"]}}],"collection":[{"href":"https:\/\/ambbelgrado.esteri.it\/sr\/wp-json\/wp\/v2\/posts"}],"about":[{"href":"https:\/\/ambbelgrado.esteri.it\/sr\/wp-json\/wp\/v2\/types\/post"}],"author":[{"embeddable":true,"href":"https:\/\/ambbelgrado.esteri.it\/sr\/wp-json\/wp\/v2\/users\/1"}],"replies":[{"embeddable":true,"href":"https:\/\/ambbelgrado.esteri.it\/sr\/wp-json\/wp\/v2\/comments?post=1445"}],"version-history":[{"count":1,"href":"https:\/\/ambbelgrado.esteri.it\/sr\/wp-json\/wp\/v2\/posts\/1445\/revisions"}],"predecessor-version":[{"id":8673,"href":"https:\/\/ambbelgrado.esteri.it\/sr\/wp-json\/wp\/v2\/posts\/1445\/revisions\/8673"}],"wp:attachment":[{"href":"https:\/\/ambbelgrado.esteri.it\/sr\/wp-json\/wp\/v2\/media?parent=1445"}],"wp:term":[{"taxonomy":"post_tag","embeddable":true,"href":"https:\/\/ambbelgrado.esteri.it\/sr\/wp-json\/wp\/v2\/tags?post=1445"}],"curies":[{"name":"wp","href":"https:\/\/api.w.org\/{rel}","templated":true}]}}