{"id":14448,"date":"2025-12-12T15:04:09","date_gmt":"2025-12-12T14:04:09","guid":{"rendered":"https:\/\/ambbelgrado.esteri.it\/news\/dall_ambasciata\/2025\/12\/lambasciatore-ditalia-in-serbia-luca-gori-partecipa-allinaugurazione-del-nuovo-stabilimento-di-ariston-a-nis-e-visita-larea-del-prossimo-centro-ucimu-al-parco-tec\/"},"modified":"2025-12-12T15:06:34","modified_gmt":"2025-12-12T14:06:34","slug":"lambasciatore-ditalia-in-serbia-luca-gori-partecipa-allinaugurazione-del-nuovo-stabilimento-di-ariston-a-nis-e-visita-larea-del-prossimo-centro-ucimu-al-parco-tec","status":"publish","type":"post","link":"https:\/\/ambbelgrado.esteri.it\/sr\/news\/dall_ambasciata\/2025\/12\/lambasciatore-ditalia-in-serbia-luca-gori-partecipa-allinaugurazione-del-nuovo-stabilimento-di-ariston-a-nis-e-visita-larea-del-prossimo-centro-ucimu-al-parco-tec\/","title":{"rendered":"AMBASADOR ITALIJE U SRBIJI, LUKA GORI, PRISUSTVOVAO JE OTVARANJU NOVE FABRIKE ARISTON U NI\u0160U I POSETIO LOKACIJU BUDU\u0106EG CENTRA \u201eUCIMU\u201d U TEHNOLO\u0160KOM PARKU NI\u0160"},"content":{"rendered":"<p>Ambasador Italije u Srbiji Luka Gori je zajedno sa predsednikom Republike Aleksandrom Vu\u010di\u0107em, ministarkom privrede Adrijanom Mesarovi\u0107, gradona\u010delnikom Ni\u0161a Dragoslavom Pavlovi\u0107em i izvr\u0161nim predsednikom Ariston grupe Paolom Merlonijem u\u010destvovao na sve\u010danom otvaranju nove fabrike italijanske multinacionalne kompanije u Ni\u0161u, u ju\u017enoj Srbiji.<\/p>\n<p>Investicija, vredna 75 miliona evra, podrazumevala je izgradnju fabrike od 30.000 m2 za proizvodnju toplotnih pumpi i sistema grejanja, na kojoj \u0107e do kraja 2026. godine biti zaposleno oko 300 ljudi. Sa po\u010detkom proizvodnje izvozna vrednost nove fabrike procenjena je na 240 miliona evra.<\/p>\n<p>Istog dana, italijanski ambasador je posetio Memorijalni kompleks \u201e12. februar\u201d u Ni\u0161u, gde se nalazio nacisti\u010dki koncentracioni logor \u201eCrveni krst\u201d koji je bio aktivan tokom Drugog svetskog rata. Spomen-muzej je posve\u0107en \u017ertvama koncentracionog logora, me\u0111u kojima su Srbi, Jevreji, Romi i politi\u010dki protivnici, kao i oko tri stotine italijanskih vojnika zarobljenih posle 8. septembra 1943. godine.<\/p>\n<p>Ambasador Gori je tako\u0111e oti\u0161ao u Tehnolo\u0161ki park Ni\u0161, gde \u0107e Italijansko udru\u017eenje proizvo\u0111a\u010da alatnih ma\u0161ina, \u201eUCIMU\u201d, do slede\u0107e godine osnovati Tehnolo\u0161ki centar alatnih ma\u0161ina, koji \u0107e se finansirati iz doprinosa ICE-a. Centar \u0107e biti opremljen italijanskim ma\u0161inama i pru\u017ea\u0107e usluge pomo\u0107i, promocije i obuke kroz razvoj zajedni\u010dkih projekata italijanskih kompanija i lokalnih partnera za podr\u0161ku italijanskom izvozu u Srbiju.<\/p>\n<p>\u201eOtvaranje nove fabrike Ariston u Ni\u0161u, u prisustvu predsednika Vu\u010di\u0107a, i predstoje\u0107e pu\u0161tanje u rad centra \u201eUCIMU\u201d u Tehnolo\u0161kom parku Ni\u0161 potvr\u0111uju \u010dvrstinu i dubinu ekonomskog partnerstva Italije i Srbije\u201c, izjavio je ambasador Italije u Srbiji Luka Gori. \u201eOvim strate\u0161kim ulaganjem \u2013 dodao je on \u2013 italijanska industrija ja\u010da svoj doprinos odr\u017eivom razvoju Srbije, stvaraju\u0107i kvalifikovana radna mesta i promovi\u0161u\u0107i najsavremenije tehnologije u okviru zelene tranzicije i energetske efikasnosti zemlje.<\/p>\n","protected":false},"excerpt":{"rendered":"Ambasador Italije u Srbiji Luka Gori je zajedno sa predsednikom Republike Aleksandrom Vu\u010di\u0107em, ministarkom privrede Adrijanom Mesarovi\u0107, gradona\u010delnikom Ni\u0161a Dragoslavom Pavlovi\u0107em i izvr\u0161nim predsednikom Ariston grupe Paolom Merlonijem u\u010destvovao na sve\u010danom otvaranju nove fabrike italijanske multinacionalne kompanije u Ni\u0161u, u ju\u017enoj Srbiji. Investicija, vredna 75 miliona evra, podrazumevala je izgradnju fabrike od 30.000 m2 za [&hellip;]","protected":false},"author":6,"featured_media":14444,"comment_status":"closed","ping_status":"closed","sticky":false,"template":"","format":"standard","meta":{"footnotes":""},"tags":[6,8,9],"class_list":["post-14448","post","type-post","status-publish","format-standard","has-post-thumbnail","hentry","tag-diplomazia-ambientale","tag-diplomazia-economica","tag-diplomazia-scientifica"],"_links":{"self":[{"href":"https:\/\/ambbelgrado.esteri.it\/sr\/wp-json\/wp\/v2\/posts\/14448","targetHints":{"allow":["GET"]}}],"collection":[{"href":"https:\/\/ambbelgrado.esteri.it\/sr\/wp-json\/wp\/v2\/posts"}],"about":[{"href":"https:\/\/ambbelgrado.esteri.it\/sr\/wp-json\/wp\/v2\/types\/post"}],"author":[{"embeddable":true,"href":"https:\/\/ambbelgrado.esteri.it\/sr\/wp-json\/wp\/v2\/users\/6"}],"replies":[{"embeddable":true,"href":"https:\/\/ambbelgrado.esteri.it\/sr\/wp-json\/wp\/v2\/comments?post=14448"}],"version-history":[{"count":1,"href":"https:\/\/ambbelgrado.esteri.it\/sr\/wp-json\/wp\/v2\/posts\/14448\/revisions"}],"predecessor-version":[{"id":14450,"href":"https:\/\/ambbelgrado.esteri.it\/sr\/wp-json\/wp\/v2\/posts\/14448\/revisions\/14450"}],"wp:featuredmedia":[{"embeddable":true,"href":"https:\/\/ambbelgrado.esteri.it\/sr\/wp-json\/wp\/v2\/media\/14444"}],"wp:attachment":[{"href":"https:\/\/ambbelgrado.esteri.it\/sr\/wp-json\/wp\/v2\/media?parent=14448"}],"wp:term":[{"taxonomy":"post_tag","embeddable":true,"href":"https:\/\/ambbelgrado.esteri.it\/sr\/wp-json\/wp\/v2\/tags?post=14448"}],"curies":[{"name":"wp","href":"https:\/\/api.w.org\/{rel}","templated":true}]}}