{"id":14410,"date":"2025-12-03T13:02:59","date_gmt":"2025-12-03T12:02:59","guid":{"rendered":"https:\/\/ambbelgrado.esteri.it\/news\/dall_ambasciata\/2025\/12\/italia-serbia-lambasciatore-ditalia-in-serbia-luca-gori-incontra-la-ministra-per-il-commercio-interno-ed-estero-e-commissaria-generale-expo-2027-belgrado-jagoda-lazarev\/"},"modified":"2025-12-03T13:10:55","modified_gmt":"2025-12-03T12:10:55","slug":"italia-serbia-lambasciatore-ditalia-in-serbia-luca-gori-incontra-la-ministra-per-il-commercio-interno-ed-estero-e-commissaria-generale-expo-2027-belgrado-jagoda-lazarev","status":"publish","type":"post","link":"https:\/\/ambbelgrado.esteri.it\/sr\/news\/dall_ambasciata\/2025\/12\/italia-serbia-lambasciatore-ditalia-in-serbia-luca-gori-incontra-la-ministra-per-il-commercio-interno-ed-estero-e-commissaria-generale-expo-2027-belgrado-jagoda-lazarev\/","title":{"rendered":"ITALIJA \u2013 SRBIJA: AMBASADOR ITALIJE U SRBIJI, LUKA GORI, SASTAO SE SA MINISTARKOM UNUTRA\u0160NJE I SPOLJNE TRGOVINE I KOMESARKOM ZA EXPO 2027 BEOGRAD, JAGODOM LAZAREVIC\u0301"},"content":{"rendered":"<p>Ambasador Italije u Srbiji, Luka Gori, sastao se sa ministarkom unutra\u0161nje i spoljne trgovine i komesarkom za EXPO 2027 Beograd, Jagodom Lazarevic\u0301.<\/p>\n<p>Tokom sastanka razgovaralo se o stanju srpske ekonomije i o perspektivama razvoja trgovine zemlje, posebno u svetlu aktuelnog perioda neizvesnosti. Potvr\u0111ena je centralna uloga Evropske unije kao najvec\u0301eg trgovinskog partnera Srbije, sa Italijom koja \u010dvrsto stoji na trec\u0301em mestu (3,5 milijardi evra trgovinske razmene, +7,6% u pore\u0111enju sa prvih 9 meseci 2024. godine). Ova brojka potvr\u0111uje vitalnost i postojanost ekonomskog partnerstva Rima i Beograda.<\/p>\n<p>Me\u0111u temama o kojima se razgovaralo, poseban akcenat stavljen je na u\u010de\u0161c\u0301e Italije na manifetsaciji Expo 2027 Beograd, gde c\u0301e na\u0161a zemlja biti predstavljena jednim od najzna\u010dajnijih paviljona.<\/p>\n<p>\u201eInformisao sam ministarku o tome kako se odvijaju priprema za u\u010de\u0161c\u0301e Italije na Expo 2027 Beograd, isti\u010duc\u0301i \u010dinjenicu da je Beograd progla\u0161en Svetskom prestonicom italijanske kreativnosti za 2026. godinu od strane Ministarstva spoljnih poslova i me\u0111unarodne saradnje\u201c, rekao je italijanski ambasador u Srbiji Luka Gori. \u201eTako\u0111e sam istakao da su Ambasada i ceo Sistem Italije u Srbiji vec\u0301 pripremili raznovrstan program ekonomskih i kulturnih doga\u0111aja za 2026. godinu, usmeren na pripremu za Expo 2027 Beograd \u2014 neku vrstu Expo pre Expo-a\u201c dodao je ambasador.<\/p>\n","protected":false},"excerpt":{"rendered":"Ambasador Italije u Srbiji, Luka Gori, sastao se sa ministarkom unutra\u0161nje i spoljne trgovine i komesarkom za EXPO 2027 Beograd, Jagodom Lazarevic\u0301. Tokom sastanka razgovaralo se o stanju srpske ekonomije i o perspektivama razvoja trgovine zemlje, posebno u svetlu aktuelnog perioda neizvesnosti. Potvr\u0111ena je centralna uloga Evropske unije kao najvec\u0301eg trgovinskog partnera Srbije, sa Italijom [&hellip;]","protected":false},"author":7,"featured_media":14401,"comment_status":"closed","ping_status":"closed","sticky":false,"template":"","format":"standard","meta":{"footnotes":""},"tags":[7,8],"class_list":["post-14410","post","type-post","status-publish","format-standard","has-post-thumbnail","hentry","tag-diplomazia-culturale","tag-diplomazia-economica"],"_links":{"self":[{"href":"https:\/\/ambbelgrado.esteri.it\/sr\/wp-json\/wp\/v2\/posts\/14410","targetHints":{"allow":["GET"]}}],"collection":[{"href":"https:\/\/ambbelgrado.esteri.it\/sr\/wp-json\/wp\/v2\/posts"}],"about":[{"href":"https:\/\/ambbelgrado.esteri.it\/sr\/wp-json\/wp\/v2\/types\/post"}],"author":[{"embeddable":true,"href":"https:\/\/ambbelgrado.esteri.it\/sr\/wp-json\/wp\/v2\/users\/7"}],"replies":[{"embeddable":true,"href":"https:\/\/ambbelgrado.esteri.it\/sr\/wp-json\/wp\/v2\/comments?post=14410"}],"version-history":[{"count":4,"href":"https:\/\/ambbelgrado.esteri.it\/sr\/wp-json\/wp\/v2\/posts\/14410\/revisions"}],"predecessor-version":[{"id":14415,"href":"https:\/\/ambbelgrado.esteri.it\/sr\/wp-json\/wp\/v2\/posts\/14410\/revisions\/14415"}],"wp:featuredmedia":[{"embeddable":true,"href":"https:\/\/ambbelgrado.esteri.it\/sr\/wp-json\/wp\/v2\/media\/14401"}],"wp:attachment":[{"href":"https:\/\/ambbelgrado.esteri.it\/sr\/wp-json\/wp\/v2\/media?parent=14410"}],"wp:term":[{"taxonomy":"post_tag","embeddable":true,"href":"https:\/\/ambbelgrado.esteri.it\/sr\/wp-json\/wp\/v2\/tags?post=14410"}],"curies":[{"name":"wp","href":"https:\/\/api.w.org\/{rel}","templated":true}]}}