{"id":14069,"date":"2025-10-31T14:57:32","date_gmt":"2025-10-31T13:57:32","guid":{"rendered":"https:\/\/ambbelgrado.esteri.it\/news\/dall_ambasciata\/2025\/10\/incontro-con-il-sistema-imprenditoriale-italiano-in-serbia\/"},"modified":"2025-10-31T14:58:40","modified_gmt":"2025-10-31T13:58:40","slug":"incontro-con-il-sistema-imprenditoriale-italiano-in-serbia","status":"publish","type":"post","link":"https:\/\/ambbelgrado.esteri.it\/sr\/news\/dall_ambasciata\/2025\/10\/incontro-con-il-sistema-imprenditoriale-italiano-in-serbia\/","title":{"rendered":"SASTANAK SA ITALIJANSKIM POSLOVNIM SISTEMOM U SRBIJI"},"content":{"rendered":"<p>Ambasador Italije u Srbiji, Luka Gori, ugostio je u Rezidenciji sastanak sa predstavnicima \u201eSistema Italije\u201c i italijanske poslovne zajednice u Srbiji. Inicijativa, organizovana u okviru aktivnosti ekonomske diplomatije Ambasade, pru\u017eila je priliku za diskusiju i koordinaciju, imajuc\u0301i posebno u vidu delikatnu situaciju u kojoj se Srbija nalazi.<\/p>\n<p>Nikola Pontara, \u0161ef Kancelarije Svetske banke u Srbiji, i Paskvale De Miko, \u0161ef ekonomskog odeljenja Delegacije Evropske unije u Beogradu, predstavili su a\u017eurirani pregled ekonomskih i energetskih izazova zemlje.<\/p>\n<p>Prisutnima su se zatim obratili i predstavnici \u201eSistema Italije\u201c u Srbiji: Antonio Ventreska, direktor Italijanske agencije za spoljnu trgovinu (ICE) u Beogradu; Romano Rosi, predsednik Konfindustrije Srbija; Anino De Venecija, predsednik Komore italijansko-srpskih privrednika; Lu\u010dija Boneli, \u0161efica predstavni\u0161tva CDP-a za Zapadni Balkan; i Jelena Cukanovic\u0301, \u0161efica kancelarije SIMEST u Beogradu.<\/p>\n<p>\u201eUprkos izazovnim politi\u010dkim, ekonomskim i energetskim uslovima, Srbija ostaje klju\u010dni partner Italije na Zapadnom Balkanu\u201c, izjavio je ambasador Italije u Srbiji Luka Gori. \u201eIz tog razloga\u201c, dodao je, \u201eceo Sistem Italije nastavlja da ula\u017ee u buduc\u0301nost na\u0161eg partnerstva sa Beogradom, sa strate\u0161kim ciljem dalje integracije Srbije u Evropsku uniju.\u201c<\/p>\n","protected":false},"excerpt":{"rendered":"Ambasador Italije u Srbiji, Luka Gori, ugostio je u Rezidenciji sastanak sa predstavnicima \u201eSistema Italije\u201c i italijanske poslovne zajednice u Srbiji. Inicijativa, organizovana u okviru aktivnosti ekonomske diplomatije Ambasade, pru\u017eila je priliku za diskusiju i koordinaciju, imajuc\u0301i posebno u vidu delikatnu situaciju u kojoj se Srbija nalazi. Nikola Pontara, \u0161ef Kancelarije Svetske banke u Srbiji, [&hellip;]","protected":false},"author":6,"featured_media":14057,"comment_status":"closed","ping_status":"closed","sticky":false,"template":"","format":"standard","meta":{"footnotes":""},"tags":[],"class_list":["post-14069","post","type-post","status-publish","format-standard","has-post-thumbnail","hentry"],"_links":{"self":[{"href":"https:\/\/ambbelgrado.esteri.it\/sr\/wp-json\/wp\/v2\/posts\/14069","targetHints":{"allow":["GET"]}}],"collection":[{"href":"https:\/\/ambbelgrado.esteri.it\/sr\/wp-json\/wp\/v2\/posts"}],"about":[{"href":"https:\/\/ambbelgrado.esteri.it\/sr\/wp-json\/wp\/v2\/types\/post"}],"author":[{"embeddable":true,"href":"https:\/\/ambbelgrado.esteri.it\/sr\/wp-json\/wp\/v2\/users\/6"}],"replies":[{"embeddable":true,"href":"https:\/\/ambbelgrado.esteri.it\/sr\/wp-json\/wp\/v2\/comments?post=14069"}],"version-history":[{"count":1,"href":"https:\/\/ambbelgrado.esteri.it\/sr\/wp-json\/wp\/v2\/posts\/14069\/revisions"}],"predecessor-version":[{"id":14072,"href":"https:\/\/ambbelgrado.esteri.it\/sr\/wp-json\/wp\/v2\/posts\/14069\/revisions\/14072"}],"wp:featuredmedia":[{"embeddable":true,"href":"https:\/\/ambbelgrado.esteri.it\/sr\/wp-json\/wp\/v2\/media\/14057"}],"wp:attachment":[{"href":"https:\/\/ambbelgrado.esteri.it\/sr\/wp-json\/wp\/v2\/media?parent=14069"}],"wp:term":[{"taxonomy":"post_tag","embeddable":true,"href":"https:\/\/ambbelgrado.esteri.it\/sr\/wp-json\/wp\/v2\/tags?post=14069"}],"curies":[{"name":"wp","href":"https:\/\/api.w.org\/{rel}","templated":true}]}}