{"id":1388,"date":"2023-07-12T16:38:42","date_gmt":"2023-07-12T14:38:42","guid":{"rendered":"https:\/\/ambbelgrado.esteri.it\/news\/dall_ambasciata\/2023\/07\/borse-di-studio-per-esperienze-2\/"},"modified":"2023-07-12T16:38:42","modified_gmt":"2023-07-12T14:38:42","slug":"borse-di-studio-per-esperienze-2","status":"publish","type":"post","link":"https:\/\/ambbelgrado.esteri.it\/sr\/news\/dall_ambasciata\/2023\/07\/borse-di-studio-per-esperienze-2\/","title":{"rendered":"STIPENDIJE ZA OBRAZOVNO ISKUSTVO U ITALIJI: KURS NAPREDNOG STRU\u010cNOG USAVR\u0160AVANJA U OBLASTI MODE I DIZAJNA MAKECAMPUS"},"content":{"rendered":"<p style=\"text-align: justify;\">Na raspolaganju je 14 stipendija za poha\u0111anje kursa naprednog stru\u010dnog usavr\u0161avanja u oblasti mode i dizajna, koje nudi Akademija za visoko obrazovanje u oblasti mode i dizajna \u201cMakecampus\u201d. Akademija &#8211; sa sedi\u0161tem u \u010cetoni (Sijena) &#8211; nastala je u okviru projekta Fondacije \u201cAntonio Lombardi onlus\u201d, uz podr\u0161ku holding kompanije \u201cMagister Group Spa\u201d.<\/p>\n<p style=\"text-align: justify;\">Kurs je namenjen italijanskim i stranim studentima koji imaju izme\u0111u 18 i 25 godina i predvi\u0111a 9 meseci obuke i dodatnih 6 meseci radnog iskustva u kompanijama u sektoru.<\/p>\n<p style=\"text-align: justify;\">Da biste pogledali ceo tekst konkursa, posetite sajt <a href=\"https:\/\/makecampus.it\/\">https:\/\/makecampus.it\/<\/a>.<\/p>\n<p style=\"text-align: justify;\">Napominjemo da je rok za slanje prijava <strong>31. avgust 2023.<\/strong> godine.<\/p>\n<p style=\"text-align: justify;\">Za dodatne informacije u vezi sa konkursom i stipendijama ili za eventualna poja\u0161njenja, mo\u017eete pisati na <a href=\"mailto:segreteria@makecampus.it\">segreteria@makecampus.it<\/a>.<\/p>\n","protected":false},"excerpt":{"rendered":"Na raspolaganju je 14 stipendija za poha\u0111anje kursa naprednog stru\u010dnog usavr\u0161avanja u oblasti mode i dizajna, koje nudi Akademija za visoko obrazovanje u oblasti mode i dizajna \u201cMakecampus\u201d. Akademija &#8211; sa sedi\u0161tem u \u010cetoni (Sijena) &#8211; nastala je u okviru projekta Fondacije \u201cAntonio Lombardi onlus\u201d, uz podr\u0161ku holding kompanije \u201cMagister Group Spa\u201d. Kurs je namenjen [&hellip;]","protected":false},"author":1,"featured_media":0,"comment_status":"","ping_status":"","sticky":false,"template":"","format":"standard","meta":{"footnotes":""},"tags":[],"class_list":["post-1388","post","type-post","status-publish","format-standard","hentry"],"_links":{"self":[{"href":"https:\/\/ambbelgrado.esteri.it\/sr\/wp-json\/wp\/v2\/posts\/1388","targetHints":{"allow":["GET"]}}],"collection":[{"href":"https:\/\/ambbelgrado.esteri.it\/sr\/wp-json\/wp\/v2\/posts"}],"about":[{"href":"https:\/\/ambbelgrado.esteri.it\/sr\/wp-json\/wp\/v2\/types\/post"}],"author":[{"embeddable":true,"href":"https:\/\/ambbelgrado.esteri.it\/sr\/wp-json\/wp\/v2\/users\/1"}],"replies":[{"embeddable":true,"href":"https:\/\/ambbelgrado.esteri.it\/sr\/wp-json\/wp\/v2\/comments?post=1388"}],"version-history":[{"count":0,"href":"https:\/\/ambbelgrado.esteri.it\/sr\/wp-json\/wp\/v2\/posts\/1388\/revisions"}],"wp:attachment":[{"href":"https:\/\/ambbelgrado.esteri.it\/sr\/wp-json\/wp\/v2\/media?parent=1388"}],"wp:term":[{"taxonomy":"post_tag","embeddable":true,"href":"https:\/\/ambbelgrado.esteri.it\/sr\/wp-json\/wp\/v2\/tags?post=1388"}],"curies":[{"name":"wp","href":"https:\/\/api.w.org\/{rel}","templated":true}]}}