{"id":13810,"date":"2025-10-09T10:53:13","date_gmt":"2025-10-09T08:53:13","guid":{"rendered":"https:\/\/ambbelgrado.esteri.it\/news\/dall_ambasciata\/2025\/10\/lambasciatore-ditalia-in-serbia-luca-gori-apre-la-conferenza-financing-for-womens-rights-and-gender-smart-investment\/"},"modified":"2025-10-09T10:54:51","modified_gmt":"2025-10-09T08:54:51","slug":"lambasciatore-ditalia-in-serbia-luca-gori-apre-la-conferenza-financing-for-womens-rights-and-gender-smart-investment","status":"publish","type":"post","link":"https:\/\/ambbelgrado.esteri.it\/sr\/news\/dall_ambasciata\/2025\/10\/lambasciatore-ditalia-in-serbia-luca-gori-apre-la-conferenza-financing-for-womens-rights-and-gender-smart-investment\/","title":{"rendered":"AMBASADOR U SRBIJI LUKA GORI, OTVORIO KONFERENCIJU \u201cFINANCING FOR WOMEN\u2019S RIGHTS AND GENDER SMART INVESTMENT\u201d"},"content":{"rendered":"<p>Italijanski ambasador u Srbiji, Luka Gori, otvorio je konferenciju \u201eFinancing for Women\u2019s Rights and Gender Smart Investment\u201c, odr\u017eanu u Rezidenciji, koju je promovisala Ambasada u saradnji sa UN Women, Evropskom bankom za obnovu i razvoj (EBRD) i Francuskom agencijom za razvoj (AFD). Cilj doga\u0111aja \u2013 kojem je prisustvovala i Tatjana Macura, ministarka zadu\u017eena za oblast rodne ravnopravnosti, spre\u010davanja nasilja nad \u017eenama i ekonomskog i politi\u010dkog osna\u017eivanja \u017eena \u2013 bio je da se istra\u017ee najinovativniji i najinkluzivniji alati za finansiranje koji mogu da podstaknu ekonomsku autonomiju i politi\u010dko anga\u017eovanje \u017eena na Zapadnom Balkanu.<\/p>\n<p>Na sastanku su govorili i Andreas fon Bekerat, ambasador Evropske unije u Srbiji, Belen Sanz Luke, direktorka agencije UN za Evropu i Centralnu Aziju, Jelena \u010ceperkovic\u0301, zamenica \u0161efa Evropske banke za obnovu i razvoj (EBRD) za Srbiju i Fransoa Vins, zamenik direktora za Zapadni Balkan Francuske agencije za razvoj (AFD).<\/p>\n<p>Tokom diskusije za okruglim stolom, govornici iz organizacija UN Women, EBRD, OEBS, Evropske komisije i AFD-a, kao i Danijela Kolezi iz italijanskog Ministarstva ekonomije i finansija, predstavili su konkretne slu\u010dajeve, politike i strategije za integraciju rodne ravnopravnosti u finansijske politike. Konferencija je zavr\u0161ena umre\u017eavanjem koje je podstaklo razmenu ideja i izgradnju veza izme\u0111u predstavnika institucija, zainteresovanih strana i \u010dlanova civilnog dru\u0161tva.<\/p>\n<p>\u201ePodr\u0161ka \u017eenama u pristupu kreditima i finansijskim resursima nije samo pitanje socijalne pravde, vec\u0301 strate\u0161ko ulaganje u odr\u017eivi razvoj i koheziju dru\u0161tva u celini\u201c, rekao je italijanski ambasador u Srbiji, Luka Gori. \u201eItalija namerava da nastavi saradnju sa Srbijom i me\u0111unarodnim partnerima kako bi promovisala inovativne politike koje valorizuju doprinos \u017eena ekonomiji i dru\u0161tvu: rodna ravnopravnost je me\u0111usektorski prioritet na\u0161eg diplomatskog delovanja, kao i onog koje se ti\u010de saradnje.<\/p>\n","protected":false},"excerpt":{"rendered":"Italijanski ambasador u Srbiji, Luka Gori, otvorio je konferenciju \u201eFinancing for Women\u2019s Rights and Gender Smart Investment\u201c, odr\u017eanu u Rezidenciji, koju je promovisala Ambasada u saradnji sa UN Women, Evropskom bankom za obnovu i razvoj (EBRD) i Francuskom agencijom za razvoj (AFD). Cilj doga\u0111aja \u2013 kojem je prisustvovala i Tatjana Macura, ministarka zadu\u017eena za oblast [&hellip;]","protected":false},"author":7,"featured_media":0,"comment_status":"closed","ping_status":"closed","sticky":false,"template":"","format":"standard","meta":{"footnotes":""},"tags":[],"class_list":["post-13810","post","type-post","status-publish","format-standard","hentry"],"_links":{"self":[{"href":"https:\/\/ambbelgrado.esteri.it\/sr\/wp-json\/wp\/v2\/posts\/13810","targetHints":{"allow":["GET"]}}],"collection":[{"href":"https:\/\/ambbelgrado.esteri.it\/sr\/wp-json\/wp\/v2\/posts"}],"about":[{"href":"https:\/\/ambbelgrado.esteri.it\/sr\/wp-json\/wp\/v2\/types\/post"}],"author":[{"embeddable":true,"href":"https:\/\/ambbelgrado.esteri.it\/sr\/wp-json\/wp\/v2\/users\/7"}],"replies":[{"embeddable":true,"href":"https:\/\/ambbelgrado.esteri.it\/sr\/wp-json\/wp\/v2\/comments?post=13810"}],"version-history":[{"count":1,"href":"https:\/\/ambbelgrado.esteri.it\/sr\/wp-json\/wp\/v2\/posts\/13810\/revisions"}],"predecessor-version":[{"id":13812,"href":"https:\/\/ambbelgrado.esteri.it\/sr\/wp-json\/wp\/v2\/posts\/13810\/revisions\/13812"}],"wp:attachment":[{"href":"https:\/\/ambbelgrado.esteri.it\/sr\/wp-json\/wp\/v2\/media?parent=13810"}],"wp:term":[{"taxonomy":"post_tag","embeddable":true,"href":"https:\/\/ambbelgrado.esteri.it\/sr\/wp-json\/wp\/v2\/tags?post=13810"}],"curies":[{"name":"wp","href":"https:\/\/api.w.org\/{rel}","templated":true}]}}