{"id":13762,"date":"2025-10-07T13:17:08","date_gmt":"2025-10-07T11:17:08","guid":{"rendered":"https:\/\/ambbelgrado.esteri.it\/news\/dall_ambasciata\/2025\/10\/italia-serbia-conferenza-a-belgrado-older-people-a-resource-for-the-development-of-society\/"},"modified":"2025-10-07T13:18:09","modified_gmt":"2025-10-07T11:18:09","slug":"italia-serbia-conferenza-a-belgrado-older-people-a-resource-for-the-development-of-society","status":"publish","type":"post","link":"https:\/\/ambbelgrado.esteri.it\/sr\/news\/dall_ambasciata\/2025\/10\/italia-serbia-conferenza-a-belgrado-older-people-a-resource-for-the-development-of-society\/","title":{"rendered":"ITALIJA \u2013 SRBIJA &#8211; KONFERENCIJA U BEOGRADU: \u201eSTARIJI LJUDI: RESURS ZA RAZVOJ DRU\u0160TVA\u201c"},"content":{"rendered":"<p>U Beogradu je odr\u017eana konferencija \u201eStariji ljudi: resurs za razvoj dru\u0161tva\u201c, uz podr\u0161ku Ambasade Italije, u saradnji sa Rimskom akademijom javnog zdravlja i Ministarstvom za rad, zapo\u0161ljavanje, bora\u010dka i socijalna pitanja Republike Srbije, sve u cilju ja\u010danja dru\u0161tvene uloge starijih osoba, njihovog doprinosa dru\u0161tvu i razmene iskustava u vezi sa politikama namenjenim starijem stanovni\u0161tvu.<\/p>\n<p>Na doga\u0111aju, organizovanom pod visokim pokroviteljstvom prve dame Republike Srbije, Tamare Vu\u010dic\u0301, govorili su Milica \u0110ur\u0111evic\u0301 Stamenkovski, ministarka rada, zapo\u0161ljavanja, bora\u010dkih i socijalnih pitanja Republike Srbije, Oracio Skila\u010di, ministar zdravlja Italije, Luka Gori, ambasador Italije u Srbiji, kao i Hans Anri P. Kluge, regionalni direktor za Evropu Svetske zdravstvene organizacije.<\/p>\n<p>Me\u0111u glavnim govornicima bio je i monsinjor Vin\u010denco Palja, predsednik Komisije za sprovo\u0111enje reforme zdravstvene i socijalne za\u0161tite starijih osoba pri Ministarstvu zdravlja.<\/p>\n<p>Stru\u010dni okrugli sto, koji je moderirao Dragan Radovanovic\u0301, predsednik Crvenog krsta Srbije, okupio je vodec\u0301e akademike, uklju\u010dujuc\u0301i profesora Leonarda Palombija, predsednika Rimske akademije javnog zdravlja, predstavnike civilnog dru\u0161tva, kao i predstavnike Svetske zdravstvene organizacije i Delegacije Evropske unije u Beogradu.<\/p>\n<p>Konferencija je pru\u017eila priliku da se ilustruje sadr\u017eaj italijanskog zakona o starijim osobama (Zakon 33\/2023) i Italijanske povelje o pravima starijih osoba i du\u017enostima zajednice. Tako\u0111e je potvr\u0111ena zajedni\u010dka posvec\u0301enost Italije i Srbije ja\u010danju politika koje promovi\u0161u aktivno starenje i solidarnije dru\u0161tvo.<\/p>\n","protected":false},"excerpt":{"rendered":"U Beogradu je odr\u017eana konferencija \u201eStariji ljudi: resurs za razvoj dru\u0161tva\u201c, uz podr\u0161ku Ambasade Italije, u saradnji sa Rimskom akademijom javnog zdravlja i Ministarstvom za rad, zapo\u0161ljavanje, bora\u010dka i socijalna pitanja Republike Srbije, sve u cilju ja\u010danja dru\u0161tvene uloge starijih osoba, njihovog doprinosa dru\u0161tvu i razmene iskustava u vezi sa politikama namenjenim starijem stanovni\u0161tvu. Na [&hellip;]","protected":false},"author":6,"featured_media":13743,"comment_status":"closed","ping_status":"closed","sticky":false,"template":"","format":"standard","meta":{"footnotes":""},"tags":[],"class_list":["post-13762","post","type-post","status-publish","format-standard","has-post-thumbnail","hentry"],"_links":{"self":[{"href":"https:\/\/ambbelgrado.esteri.it\/sr\/wp-json\/wp\/v2\/posts\/13762","targetHints":{"allow":["GET"]}}],"collection":[{"href":"https:\/\/ambbelgrado.esteri.it\/sr\/wp-json\/wp\/v2\/posts"}],"about":[{"href":"https:\/\/ambbelgrado.esteri.it\/sr\/wp-json\/wp\/v2\/types\/post"}],"author":[{"embeddable":true,"href":"https:\/\/ambbelgrado.esteri.it\/sr\/wp-json\/wp\/v2\/users\/6"}],"replies":[{"embeddable":true,"href":"https:\/\/ambbelgrado.esteri.it\/sr\/wp-json\/wp\/v2\/comments?post=13762"}],"version-history":[{"count":1,"href":"https:\/\/ambbelgrado.esteri.it\/sr\/wp-json\/wp\/v2\/posts\/13762\/revisions"}],"predecessor-version":[{"id":13765,"href":"https:\/\/ambbelgrado.esteri.it\/sr\/wp-json\/wp\/v2\/posts\/13762\/revisions\/13765"}],"wp:featuredmedia":[{"embeddable":true,"href":"https:\/\/ambbelgrado.esteri.it\/sr\/wp-json\/wp\/v2\/media\/13743"}],"wp:attachment":[{"href":"https:\/\/ambbelgrado.esteri.it\/sr\/wp-json\/wp\/v2\/media?parent=13762"}],"wp:term":[{"taxonomy":"post_tag","embeddable":true,"href":"https:\/\/ambbelgrado.esteri.it\/sr\/wp-json\/wp\/v2\/tags?post=13762"}],"curies":[{"name":"wp","href":"https:\/\/api.w.org\/{rel}","templated":true}]}}